{"id":15,"count":30,"description":"<h4>Chi \u00e8 davvero Giuseppe Conte?<\/h4>\r\n<strong>Giuseppe Conte \u00e8 stato Presidente del Consiglio dei Ministri dal giugno 2018 al febbraio 2021<\/strong>, ha governato con due diverse squadre di governo: il Conte 1 era un <strong>governo \"giallo-verde\" composto da Lega e Movimento 5 Stelle<\/strong>; il Conte 2 o Conte-bis era un <strong>governo \"giallo-rosso\" composto da Movimento 5 Stelle e Partito Democratico<\/strong>. <strong>Giuseppe Conte \u00e8 diventato premier in seguito alle elezioni politiche del 2018<\/strong> in cui, a causa di una normativa studiata ad hoc, nessun partito \u00e8 risultato realmente vincente. Nel primo anno del suo incarico ha agito da <strong>mediatore<\/strong> tra le due forze politiche opponenti al governo insieme, riuscendo male. <strong>Si definiva l'\"avvocato del popolo\"<\/strong> ma come si \u00e8 scoperto in seguito, l'avvocato Conte non \u00e8 stato minimamente all'altezza di tale incarico. Giuseppe Conte nasce come avvocato - quello vero - e professore universitario, ma \"per disgrazia\" <strong>raggiunge il vertice dell'esecutivo in un momento in cui serviva un terzo uomo che non fosse di parte<\/strong>. Tuttavia, solo in seguito salteranno fuori compromettenti scatti dell'ex premier che festeggiava con l'ex leader del M5S alla vittoria delle elezioni politiche del 2018. <strong>Il primo governo Conte viene sfiduciato dalla Lega in piena estate<\/strong> e successivamente, senza ritornare al voto <strong>si \u00e8 accordato con gli altri partiti per dare vita al Conte-bis e tenere saldo il potere senza interrogare i cittadini<\/strong>. Giuseppe Conte \u00e8 da subito un <strong>primo ministro controverso<\/strong> dal punto di vista politico ma che conquista comunque l'opinione pubblica, in particolare conquista l'opinione di cittadine e giovani. <strong>Il governo Conte-bis \u00e8 difficile perch\u00e9 non ha il sostegno degli italiani<\/strong>, tutti i sondaggi politici infatti non riescono a confutare l'evidente preferenza degli italiani verso i partiti del centrodestra, che si trovano all'opposizione. <strong>Giuseppe Conte \u00e8 il primo ministro che ha convocato gli Stati Generali<\/strong>, e non ottenne nulla da questa importantissima convocazione. Diventato <strong>famoso per le dirette tv dell'ultimo minuto in cui annunciava e spiegava vagamente i suoi DPCM<\/strong>, ancora da firmare, viene sempre pi\u00f9 messo all'angolo dalle critiche e dal malcontento popolare. Quando per Conte la situazione si fa insostenibile, soprattutto aggravata dalle ingenti problematiche causate dalla pandemia Coronavirus, ecco che <strong>il Presidente della Repubblica Sergio Mattarella procede con un Governo tecnico<\/strong> eliminando dai giochi di palazzo Chigi Conte con tutto il suo governo. <strong>Giuseppe Conte torna a fare il professore<\/strong> in Universit\u00e0 ma fa l'occhiolino al <strong>Movimento 5 Stelle<\/strong>, che lo prende pi\u00f9 o meno volentieri come proprio <strong>leader<\/strong>.","link":"https:\/\/www.adirai.it\/giuseppe-conte\/","name":"Giuseppe Conte","slug":"giuseppe-conte","taxonomy":"post_tag","meta":[],"yoast_head":"<title>Chi \u00e8 Giuseppe Conte: l&#039;ex premier si defin\u00ec l&#039;avvocato degli italiani<\/title>\n<meta name=\"robots\" content=\"index, follow, max-snippet:-1, max-image-preview:large, max-video-preview:-1\" \/>\n<link rel=\"canonical\" href=\"https:\/\/www.adirai.it\/giuseppe-conte\/\" \/>\n<meta property=\"og:locale\" content=\"it_IT\" \/>\n<meta property=\"og:type\" content=\"article\" \/>\n<meta property=\"og:title\" content=\"Chi \u00e8 Giuseppe Conte: l&#039;ex premier si defin\u00ec l&#039;avvocato degli italiani\" \/>\n<meta property=\"og:description\" content=\"Chi \u00e8 davvero Giuseppe Conte? Giuseppe Conte \u00e8 stato Presidente del Consiglio dei Ministri dal giugno 2018 al febbraio 2021, ha governato con due diverse squadre di governo: il Conte 1 era un governo &#8220;giallo-verde&#8221; composto da Lega e Movimento 5 Stelle; il Conte 2 o Conte-bis era un governo &#8220;giallo-rosso&#8221; composto da Movimento 5 Stelle e Partito Democratico. Giuseppe Conte \u00e8 diventato premier in seguito alle elezioni politiche del 2018 in cui, a causa di una normativa studiata ad hoc, nessun partito \u00e8 risultato realmente vincente. Nel primo anno del suo incarico ha agito da mediatore tra le due forze politiche opponenti al governo insieme, riuscendo male. Si definiva l&#039;&#8221;avvocato del popolo&#8221; ma come si \u00e8 scoperto in seguito, l&#8217;avvocato Conte non \u00e8 stato minimamente all&#8217;altezza di tale incarico. Giuseppe Conte nasce come avvocato &#8211; quello vero &#8211; e professore universitario, ma &#8220;per disgrazia&#8221; raggiunge il vertice dell&#8217;esecutivo in un momento in cui serviva un terzo uomo che non fosse di parte. Tuttavia, solo in seguito salteranno fuori compromettenti scatti dell&#8217;ex premier che festeggiava con l&#8217;ex leader del M5S alla vittoria delle elezioni politiche del 2018. Il primo governo Conte viene sfiduciato dalla Lega in piena estate e successivamente, senza ritornare al voto si \u00e8 accordato con gli altri partiti per dare vita al Conte-bis e tenere saldo il potere senza interrogare i cittadini. Giuseppe Conte \u00e8 da subito un primo ministro controverso dal punto di vista politico ma che conquista comunque l&#8217;opinione pubblica, in particolare conquista l&#8217;opinione di cittadine e giovani. Il governo Conte-bis \u00e8 difficile perch\u00e9 non ha il sostegno degli italiani, tutti i sondaggi politici infatti non riescono a confutare l&#8217;evidente preferenza degli italiani verso i partiti del centrodestra, che si trovano all&#8217;opposizione. Giuseppe Conte \u00e8 il primo ministro che ha convocato gli Stati Generali, e non ottenne nulla da questa importantissima convocazione. Diventato famoso per le dirette tv dell&#8217;ultimo minuto in cui annunciava e spiegava vagamente i suoi DPCM, ancora da firmare, viene sempre pi\u00f9 messo all&#8217;angolo dalle critiche e dal malcontento popolare. Quando per Conte la situazione si fa insostenibile, soprattutto aggravata dalle ingenti problematiche causate dalla pandemia Coronavirus, ecco che il Presidente della Repubblica Sergio Mattarella procede con un Governo tecnico eliminando dai giochi di palazzo Chigi Conte con tutto il suo governo. Giuseppe Conte torna a fare il professore in Universit\u00e0 ma fa l&#8217;occhiolino al Movimento 5 Stelle, che lo prende pi\u00f9 o meno volentieri come proprio leader.\" \/>\n<meta property=\"og:url\" content=\"https:\/\/www.adirai.it\/giuseppe-conte\/\" \/>\n<meta property=\"og:site_name\" content=\"Adirai Notizie\" \/>\n<meta name=\"twitter:card\" content=\"summary_large_image\" \/>\n<meta name=\"twitter:site\" content=\"@AdiraiIt\" \/>","yoast_head_json":{"title":"Chi \u00e8 Giuseppe Conte: l'ex premier si defin\u00ec l'avvocato degli italiani","robots":{"index":"index","follow":"follow","max-snippet":"max-snippet:-1","max-image-preview":"max-image-preview:large","max-video-preview":"max-video-preview:-1"},"canonical":"https:\/\/www.adirai.it\/giuseppe-conte\/","og_locale":"it_IT","og_type":"article","og_title":"Chi \u00e8 Giuseppe Conte: l'ex premier si defin\u00ec l'avvocato degli italiani","og_description":"Chi \u00e8 davvero Giuseppe Conte? Giuseppe Conte \u00e8 stato Presidente del Consiglio dei Ministri dal giugno 2018 al febbraio 2021, ha governato con due diverse squadre di governo: il Conte 1 era un governo &#8220;giallo-verde&#8221; composto da Lega e Movimento 5 Stelle; il Conte 2 o Conte-bis era un governo &#8220;giallo-rosso&#8221; composto da Movimento 5 Stelle e Partito Democratico. Giuseppe Conte \u00e8 diventato premier in seguito alle elezioni politiche del 2018 in cui, a causa di una normativa studiata ad hoc, nessun partito \u00e8 risultato realmente vincente. Nel primo anno del suo incarico ha agito da mediatore tra le due forze politiche opponenti al governo insieme, riuscendo male. Si definiva l'&#8221;avvocato del popolo&#8221; ma come si \u00e8 scoperto in seguito, l&#8217;avvocato Conte non \u00e8 stato minimamente all&#8217;altezza di tale incarico. Giuseppe Conte nasce come avvocato &#8211; quello vero &#8211; e professore universitario, ma &#8220;per disgrazia&#8221; raggiunge il vertice dell&#8217;esecutivo in un momento in cui serviva un terzo uomo che non fosse di parte. Tuttavia, solo in seguito salteranno fuori compromettenti scatti dell&#8217;ex premier che festeggiava con l&#8217;ex leader del M5S alla vittoria delle elezioni politiche del 2018. Il primo governo Conte viene sfiduciato dalla Lega in piena estate e successivamente, senza ritornare al voto si \u00e8 accordato con gli altri partiti per dare vita al Conte-bis e tenere saldo il potere senza interrogare i cittadini. Giuseppe Conte \u00e8 da subito un primo ministro controverso dal punto di vista politico ma che conquista comunque l&#8217;opinione pubblica, in particolare conquista l&#8217;opinione di cittadine e giovani. Il governo Conte-bis \u00e8 difficile perch\u00e9 non ha il sostegno degli italiani, tutti i sondaggi politici infatti non riescono a confutare l&#8217;evidente preferenza degli italiani verso i partiti del centrodestra, che si trovano all&#8217;opposizione. Giuseppe Conte \u00e8 il primo ministro che ha convocato gli Stati Generali, e non ottenne nulla da questa importantissima convocazione. Diventato famoso per le dirette tv dell&#8217;ultimo minuto in cui annunciava e spiegava vagamente i suoi DPCM, ancora da firmare, viene sempre pi\u00f9 messo all&#8217;angolo dalle critiche e dal malcontento popolare. Quando per Conte la situazione si fa insostenibile, soprattutto aggravata dalle ingenti problematiche causate dalla pandemia Coronavirus, ecco che il Presidente della Repubblica Sergio Mattarella procede con un Governo tecnico eliminando dai giochi di palazzo Chigi Conte con tutto il suo governo. Giuseppe Conte torna a fare il professore in Universit\u00e0 ma fa l&#8217;occhiolino al Movimento 5 Stelle, che lo prende pi\u00f9 o meno volentieri come proprio leader.","og_url":"https:\/\/www.adirai.it\/giuseppe-conte\/","og_site_name":"Adirai Notizie","twitter_card":"summary_large_image","twitter_site":"@AdiraiIt","schema":{"@context":"https:\/\/schema.org","@graph":[{"@type":"CollectionPage","@id":"https:\/\/www.adirai.it\/giuseppe-conte\/","url":"https:\/\/www.adirai.it\/giuseppe-conte\/","name":"Chi \u00e8 Giuseppe Conte: l'ex premier si defin\u00ec l'avvocato degli italiani","isPartOf":{"@id":"https:\/\/www.adirai.it\/#website"},"breadcrumb":{"@id":"https:\/\/www.adirai.it\/giuseppe-conte\/#breadcrumb"},"inLanguage":"it-IT"},{"@type":"BreadcrumbList","@id":"https:\/\/www.adirai.it\/giuseppe-conte\/#breadcrumb","itemListElement":[{"@type":"ListItem","position":1,"name":"Home","item":"https:\/\/www.adirai.it\/"},{"@type":"ListItem","position":2,"name":"Giuseppe Conte"}]},{"@type":"WebSite","@id":"https:\/\/www.adirai.it\/#website","url":"https:\/\/www.adirai.it\/","name":"Adirai Notizie","description":"","publisher":{"@id":"https:\/\/www.adirai.it\/#organization"},"potentialAction":[{"@type":"SearchAction","target":{"@type":"EntryPoint","urlTemplate":"https:\/\/www.adirai.it\/?s={search_term_string}"},"query-input":"required name=search_term_string"}],"inLanguage":"it-IT"},{"@type":"Organization","@id":"https:\/\/www.adirai.it\/#organization","name":"Adirai Notizie","url":"https:\/\/www.adirai.it\/","logo":{"@type":"ImageObject","inLanguage":"it-IT","@id":"https:\/\/www.adirai.it\/#\/schema\/logo\/image\/","url":"https:\/\/www.adirai.it\/media\/2019\/08\/adirai-logo.jpg","contentUrl":"https:\/\/www.adirai.it\/media\/2019\/08\/adirai-logo.jpg","width":600,"height":600,"caption":"Adirai Notizie"},"image":{"@id":"https:\/\/www.adirai.it\/#\/schema\/logo\/image\/"},"sameAs":["https:\/\/twitter.com\/AdiraiIt"]}]}},"_links":{"self":[{"href":"https:\/\/www.adirai.it\/api\/wp\/v2\/tags\/15"}],"collection":[{"href":"https:\/\/www.adirai.it\/api\/wp\/v2\/tags"}],"about":[{"href":"https:\/\/www.adirai.it\/api\/wp\/v2\/taxonomies\/post_tag"}],"wp:post_type":[{"href":"https:\/\/www.adirai.it\/api\/wp\/v2\/posts?tags=15"}],"curies":[{"name":"wp","href":"https:\/\/api.w.org\/{rel}","templated":true}]}}