{"id":9433,"date":"2020-04-13T15:36:00","date_gmt":"2020-04-13T13:36:00","guid":{"rendered":"https:\/\/www.adirai.it\/?p=9433"},"modified":"2020-05-29T15:25:52","modified_gmt":"2020-05-29T13:25:52","slug":"tasi-2020-abolita-nuova-imu-aliquota-pagamento-e-scadenza","status":"publish","type":"post","link":"https:\/\/www.adirai.it\/economia\/tasi-2020-abolita-nuova-imu-aliquota-pagamento-e-scadenza\/","title":{"rendered":"Tasi 2020 abolita &#8211; Nuova IMU, aliquota, pagamento e scadenza"},"content":{"rendered":"\n<p>La <strong>Tasi 2020<\/strong> \u00e8 stata abolita per semplificare le aliquote sulla casa cos\u00ec la <strong>Tasi e IMU si fondono insieme<\/strong> per creare la <strong>nuova IMU nel 2020<\/strong>. In pratica, la tasi (Tassa sui servizi indivisibili) per il 2020 \u00e8 stata abolita o meglio, \u00e8 divenuta tutt&#8217;uno insieme alla tassa IMU (Imposta municipale unica). Le tasse chiamate col nome di Tasi e Imu sono rispettivamente gli acronimi di &#8220;<strong>Tassa sui servizi indivisibili<\/strong>&#8221; e &#8220;<strong>Imposta municipale unica<\/strong>&#8220;. Diamo una risposta alle domande pi\u00f9 frequenti riguardo le tasse ad esempio, come si paga la nuova <strong>tasi<\/strong> 2020 o se ci sono novit\u00e0 per le scadenze? Vediamo insieme come cambia la nuova IMU nel 2020.<\/p>\n\n\n\n\n\n\n\n<figure class=\"wp-block-image size-large imgpost\"><img decoding=\"async\" loading=\"lazy\" width=\"720\" height=\"405\" src=\"https:\/\/www.adirai.it\/media\/2020\/01\/imu-tasi-2020-720x405.jpg\" alt=\"imu tasi 2020 scadenza pagamento\" class=\"wp-image-9449\" srcset=\"https:\/\/www.adirai.it\/media\/2020\/01\/imu-tasi-2020-720x405.jpg 720w, https:\/\/www.adirai.it\/media\/2020\/01\/imu-tasi-2020-300x169.jpg 300w, https:\/\/www.adirai.it\/media\/2020\/01\/imu-tasi-2020-768x432.jpg 768w, https:\/\/www.adirai.it\/media\/2020\/01\/imu-tasi-2020-220x124.jpg 220w, https:\/\/www.adirai.it\/media\/2020\/01\/imu-tasi-2020-360x203.jpg 360w, https:\/\/www.adirai.it\/media\/2020\/01\/imu-tasi-2020-160x90.jpg 160w, https:\/\/www.adirai.it\/media\/2020\/01\/imu-tasi-2020.jpg 1200w\" sizes=\"(max-width: 720px) 100vw, 720px\" \/><\/figure>\n\n\n\n<h2>Novit\u00e0 Imu, Tasi abilita nel 2020<\/h2>\n\n\n\n<p><strong>Ultime novit\u00e0 sulla Tasi e Imu<\/strong>: Che vuol dire <strong>Tasi Abolita per il 2020<\/strong>? Vuol dire che non si paga pi\u00f9 la <strong>tassa sui servizi indivisibili<\/strong>? No, vuol dire: invece di pagare Tasi e Imu, si paga solo il nuovo IMU maggiorato perch\u00e9 include gi\u00e0 la Tasi quindi non \u00e8 affatto abolita per l&#8217;anno 2020.<\/p>\n\n\n\n<p>La&nbsp;<strong>nuova IMU<\/strong>&nbsp;inoltre ha un&#8217;<strong>aliquota dell&#8217;8,6 per mille<\/strong>, che i sindaci potranno aumentare fino a un massimo di 2 punti.<\/p>\n\n\n\n<p>La <strong>TASI<\/strong> e abolita: come cambia l&#8217;<strong>IMU 2020<\/strong>? Per sapere come cambia l&#8217;Imu e la Tasi bisogna prima sapere <strong>IMU e TASI cosa sono<\/strong>.<\/p>\n\n\n\n<h2>IMU e TASI cosa sono? Ecco come cambia l&#8217;IMU 2020<\/h2>\n\n\n\n<p><strong>Cos&#8217;\u00e8 la Tasi?<\/strong> La <strong>Tasi<\/strong> \u00e8 la <strong>Tassa sui Servizi Indivisibili<\/strong> del Comune dovuta da tutti i cittadini del territorio comunale legati direttamente o indirettamente a degli immobili.<\/p>\n\n\n\n<p><strong>Cos&#8217;\u00e8 l&#8217;Imu?<\/strong> L&#8217;<strong>Imu<\/strong> in parole semplici \u00e8 l&#8217;acronimo di <strong>Imposta Municipale Unica<\/strong>. Sostituisce la vecchia Ici, l&#8217;Irpef e le relative addizionali regionali e comunali &#8220;calcolate sui redditi fondiari riferiti ad immobili non locati&#8221;.<\/p>\n\n\n\n<p><strong>Come cambia l&#8217;IMU 2020?<\/strong> La <strong>nuova Imu<\/strong> nel 2020 ha subito una fusione con la Tasi che lascia gli importi invariati. Resta il dubbio: ci saranno degli aumenti immotivati con la <strong>fusione Imu e Tasi<\/strong>? In sintesi ecco cosa cambia con la <strong>nuova imu<\/strong>:<\/p>\n\n\n\n<ul><li>Pi\u00f9 potere alle amministrazioni comunali.<\/li><li>Aliquote semplificate.<\/li><\/ul>\n\n\n\n<h2>Tasi IMU 2020 &#8211; Pagamento e scadenza<\/h2>\n\n\n\n<p><strong>Chi paga la Tasi nel 2020?<\/strong> La tasi la pagano tutti i cittadini che sono legati direttamente o indirettamente a un immobile nel territorio comunale. <strong>Pagamento Tasi: Come si paga la TASI nel 2020?<\/strong> La <strong>nuova IMU<\/strong> si paga tramite:<\/p>\n\n\n\n<ul><li><strong>bollettino postale<\/strong>,<\/li><li><strong>F24<\/strong>,<\/li><li>piattaforma <strong>PagoPa<\/strong>.<\/li><\/ul>\n\n\n\n<p>La manovra della nuova Imu con la finta che la Tasi dell&#8217;anno 2020 sia abolita, rientra nel <strong>piano antievasione del Governo<\/strong>.<\/p>\n\n\n\n<h2>Scadenza pagamento Tasi 2020<\/h2>\n\n\n\n<p>Il <strong>16 dicembre<\/strong> \u00e8 stata l&#8217;ultima scadenza della Tasi 2019. Per quanto riguarda la <strong>Scadenza Tasi per l&#8217;anno 2020<\/strong> la manovra non ha disposto nulla quindi le scadenze restano invariate:<\/p>\n\n\n\n<ul><li><strong>acconto&nbsp;nuova Imu<\/strong> da corrispondere entro il <strong>16 giugno 2020<\/strong>&nbsp;(nella misura della met\u00e0 di quanto versato nel 2019, per dare il tempo ai Comuni di dettare le nuove regole con delibera);<\/li><li><strong>saldo&nbsp;nuova Imu<\/strong> da pagare entro il <strong>16 dicembre 2020<\/strong> con conguaglio.<\/li><\/ul>\n\n\n\n<p><strong>CONDIVIDI le novit\u00e0, scadenze e cosa cambia per la Tasi IMU 2020 abolita, nuova IMU.<\/strong><\/p>\n","protected":false},"excerpt":{"rendered":"<p>La Tasi 2020 \u00e8 stata abolita per semplificare le aliquote sulla casa cos\u00ec la Tasi e IMU si fondono insieme per creare la nuova IMU nel 2020. In pratica, la tasi (Tassa sui servizi indivisibili) per il 2020 \u00e8 stata abolita o meglio, \u00e8 divenuta tutt&#8217;uno insieme alla tassa IMU (Imposta municipale unica). Le tasse [&hellip;]<\/p>\n","protected":false},"author":1,"featured_media":9449,"comment_status":"closed","ping_status":"closed","sticky":false,"template":"","format":"standard","meta":[],"categories":[3],"tags":[661,662,663,660,659,147],"yoast_head":"<title>Tasi 2020 abolita: Nuova IMU aliquota, pagamento, scadenza<\/title>\n<meta name=\"description\" content=\"La nuova IMU ha un aliquota del 8,6 per mille, pi\u00f9 potere ai comuni, ma come funziona e quali sono le novit\u00e0, come pagare e nuova scadenza.\" \/>\n<meta name=\"robots\" content=\"index, follow, max-snippet:-1, max-image-preview:large, max-video-preview:-1\" \/>\n<link rel=\"canonical\" href=\"https:\/\/www.adirai.it\/economia\/tasi-2020-abolita-nuova-imu-aliquota-pagamento-e-scadenza\/\" \/>\n<meta property=\"og:locale\" content=\"it_IT\" \/>\n<meta property=\"og:type\" content=\"article\" \/>\n<meta property=\"og:title\" content=\"Tasi 2020 abolita: Nuova IMU aliquota, pagamento, scadenza\" \/>\n<meta property=\"og:description\" content=\"La nuova IMU ha un aliquota del 8,6 per mille, pi\u00f9 potere ai comuni, ma come funziona e quali sono le novit\u00e0, come pagare e nuova scadenza.\" \/>\n<meta property=\"og:url\" content=\"https:\/\/www.adirai.it\/economia\/tasi-2020-abolita-nuova-imu-aliquota-pagamento-e-scadenza\/\" \/>\n<meta property=\"og:site_name\" content=\"Adirai Notizie\" \/>\n<meta property=\"article:published_time\" content=\"2020-04-13T13:36:00+00:00\" \/>\n<meta property=\"article:modified_time\" content=\"2020-05-29T13:25:52+00:00\" \/>\n<meta property=\"og:image\" content=\"https:\/\/www.adirai.it\/media\/2020\/01\/imu-tasi-2020.jpg\" \/>\n\t<meta property=\"og:image:width\" content=\"1200\" \/>\n\t<meta property=\"og:image:height\" content=\"675\" \/>\n\t<meta property=\"og:image:type\" content=\"image\/jpeg\" \/>\n<meta name=\"author\" content=\"Adirai Italia\" \/>\n<meta name=\"twitter:card\" content=\"summary_large_image\" \/>\n<meta name=\"twitter:creator\" content=\"@AdiraiIt\" \/>\n<meta name=\"twitter:site\" content=\"@AdiraiIt\" \/>\n<meta name=\"twitter:label1\" content=\"Scritto da\" \/>\n\t<meta name=\"twitter:data1\" content=\"Adirai Italia\" \/>\n\t<meta name=\"twitter:label2\" content=\"Tempo di lettura stimato\" \/>\n\t<meta name=\"twitter:data2\" content=\"2 minuti\" \/>","yoast_head_json":{"title":"Tasi 2020 abolita: Nuova IMU aliquota, pagamento, scadenza","description":"La nuova IMU ha un aliquota del 8,6 per mille, pi\u00f9 potere ai comuni, ma come funziona e quali sono le novit\u00e0, come pagare e nuova scadenza.","robots":{"index":"index","follow":"follow","max-snippet":"max-snippet:-1","max-image-preview":"max-image-preview:large","max-video-preview":"max-video-preview:-1"},"canonical":"https:\/\/www.adirai.it\/economia\/tasi-2020-abolita-nuova-imu-aliquota-pagamento-e-scadenza\/","og_locale":"it_IT","og_type":"article","og_title":"Tasi 2020 abolita: Nuova IMU aliquota, pagamento, scadenza","og_description":"La nuova IMU ha un aliquota del 8,6 per mille, pi\u00f9 potere ai comuni, ma come funziona e quali sono le novit\u00e0, come pagare e nuova scadenza.","og_url":"https:\/\/www.adirai.it\/economia\/tasi-2020-abolita-nuova-imu-aliquota-pagamento-e-scadenza\/","og_site_name":"Adirai Notizie","article_published_time":"2020-04-13T13:36:00+00:00","article_modified_time":"2020-05-29T13:25:52+00:00","og_image":[{"width":1200,"height":675,"url":"https:\/\/www.adirai.it\/media\/2020\/01\/imu-tasi-2020.jpg","type":"image\/jpeg"}],"author":"Adirai Italia","twitter_card":"summary_large_image","twitter_creator":"@AdiraiIt","twitter_site":"@AdiraiIt","twitter_misc":{"Scritto da":"Adirai Italia","Tempo di lettura stimato":"2 minuti"},"schema":{"@context":"https:\/\/schema.org","@graph":[{"@type":"Article","@id":"https:\/\/www.adirai.it\/economia\/tasi-2020-abolita-nuova-imu-aliquota-pagamento-e-scadenza\/#article","isPartOf":{"@id":"https:\/\/www.adirai.it\/economia\/tasi-2020-abolita-nuova-imu-aliquota-pagamento-e-scadenza\/"},"author":{"name":"Adirai Italia","@id":"https:\/\/www.adirai.it\/#\/schema\/person\/c2e689ea05604dcd582e7ad50aa88fbf"},"headline":"Tasi 2020 abolita &#8211; Nuova IMU, aliquota, pagamento e scadenza","datePublished":"2020-04-13T13:36:00+00:00","dateModified":"2020-05-29T13:25:52+00:00","mainEntityOfPage":{"@id":"https:\/\/www.adirai.it\/economia\/tasi-2020-abolita-nuova-imu-aliquota-pagamento-e-scadenza\/"},"wordCount":499,"publisher":{"@id":"https:\/\/www.adirai.it\/#organization"},"keywords":["Imu 2020","Imu e Tasi cosa sono","Imu Tasi 2020 novit\u00e0","Nuova IMU","Tasi 2020","Tasse in Italia"],"articleSection":["Economia"],"inLanguage":"it-IT"},{"@type":"WebPage","@id":"https:\/\/www.adirai.it\/economia\/tasi-2020-abolita-nuova-imu-aliquota-pagamento-e-scadenza\/","url":"https:\/\/www.adirai.it\/economia\/tasi-2020-abolita-nuova-imu-aliquota-pagamento-e-scadenza\/","name":"Tasi 2020 abolita: Nuova IMU aliquota, pagamento, scadenza","isPartOf":{"@id":"https:\/\/www.adirai.it\/#website"},"datePublished":"2020-04-13T13:36:00+00:00","dateModified":"2020-05-29T13:25:52+00:00","description":"La nuova IMU ha un aliquota del 8,6 per mille, pi\u00f9 potere ai comuni, ma come funziona e quali sono le novit\u00e0, come pagare e nuova scadenza.","breadcrumb":{"@id":"https:\/\/www.adirai.it\/economia\/tasi-2020-abolita-nuova-imu-aliquota-pagamento-e-scadenza\/#breadcrumb"},"inLanguage":"it-IT","potentialAction":[{"@type":"ReadAction","target":["https:\/\/www.adirai.it\/economia\/tasi-2020-abolita-nuova-imu-aliquota-pagamento-e-scadenza\/"]}]},{"@type":"BreadcrumbList","@id":"https:\/\/www.adirai.it\/economia\/tasi-2020-abolita-nuova-imu-aliquota-pagamento-e-scadenza\/#breadcrumb","itemListElement":[{"@type":"ListItem","position":1,"name":"Home","item":"https:\/\/www.adirai.it\/"},{"@type":"ListItem","position":2,"name":"Tasi 2020 abolita &#8211; Nuova IMU, aliquota, pagamento e scadenza"}]},{"@type":"WebSite","@id":"https:\/\/www.adirai.it\/#website","url":"https:\/\/www.adirai.it\/","name":"Adirai Notizie","description":"","publisher":{"@id":"https:\/\/www.adirai.it\/#organization"},"potentialAction":[{"@type":"SearchAction","target":{"@type":"EntryPoint","urlTemplate":"https:\/\/www.adirai.it\/?s={search_term_string}"},"query-input":"required name=search_term_string"}],"inLanguage":"it-IT"},{"@type":"Organization","@id":"https:\/\/www.adirai.it\/#organization","name":"Adirai Notizie","url":"https:\/\/www.adirai.it\/","logo":{"@type":"ImageObject","inLanguage":"it-IT","@id":"https:\/\/www.adirai.it\/#\/schema\/logo\/image\/","url":"https:\/\/www.adirai.it\/media\/2019\/08\/adirai-logo.jpg","contentUrl":"https:\/\/www.adirai.it\/media\/2019\/08\/adirai-logo.jpg","width":600,"height":600,"caption":"Adirai Notizie"},"image":{"@id":"https:\/\/www.adirai.it\/#\/schema\/logo\/image\/"},"sameAs":["https:\/\/twitter.com\/AdiraiIt"]},{"@type":"Person","@id":"https:\/\/www.adirai.it\/#\/schema\/person\/c2e689ea05604dcd582e7ad50aa88fbf","name":"Adirai Italia","image":{"@type":"ImageObject","inLanguage":"it-IT","@id":"https:\/\/www.adirai.it\/#\/schema\/person\/image\/","url":"https:\/\/secure.gravatar.com\/avatar\/3c627bf49b0852afc4d80303835b7d40?s=96&d=mm&r=g","contentUrl":"https:\/\/secure.gravatar.com\/avatar\/3c627bf49b0852afc4d80303835b7d40?s=96&d=mm&r=g","caption":"Adirai Italia"}}]}},"post_mailing_queue_ids":[],"_links":{"self":[{"href":"https:\/\/www.adirai.it\/api\/wp\/v2\/posts\/9433"}],"collection":[{"href":"https:\/\/www.adirai.it\/api\/wp\/v2\/posts"}],"about":[{"href":"https:\/\/www.adirai.it\/api\/wp\/v2\/types\/post"}],"author":[{"embeddable":true,"href":"https:\/\/www.adirai.it\/api\/wp\/v2\/users\/1"}],"replies":[{"embeddable":true,"href":"https:\/\/www.adirai.it\/api\/wp\/v2\/comments?post=9433"}],"version-history":[{"count":0,"href":"https:\/\/www.adirai.it\/api\/wp\/v2\/posts\/9433\/revisions"}],"wp:featuredmedia":[{"embeddable":true,"href":"https:\/\/www.adirai.it\/api\/wp\/v2\/media\/9449"}],"wp:attachment":[{"href":"https:\/\/www.adirai.it\/api\/wp\/v2\/media?parent=9433"}],"wp:term":[{"taxonomy":"category","embeddable":true,"href":"https:\/\/www.adirai.it\/api\/wp\/v2\/categories?post=9433"},{"taxonomy":"post_tag","embeddable":true,"href":"https:\/\/www.adirai.it\/api\/wp\/v2\/tags?post=9433"}],"curies":[{"name":"wp","href":"https:\/\/api.w.org\/{rel}","templated":true}]}}