{"id":9240,"date":"2021-07-14T18:20:53","date_gmt":"2021-07-14T16:20:53","guid":{"rendered":"https:\/\/www.adirai.it\/?p=9240"},"modified":"2021-07-14T18:43:40","modified_gmt":"2021-07-14T16:43:40","slug":"matteo-salvini-leader-della-lega-carriera-politica-e-vita-privata","status":"publish","type":"post","link":"https:\/\/www.adirai.it\/politica\/matteo-salvini-leader-della-lega-carriera-politica-e-vita-privata\/","title":{"rendered":"Matteo Salvini, leader della Lega: Carriera politica e vita privata"},"content":{"rendered":"\n<h1>Matteo Salvini, leader della Lega: Carriera politica e vita privata<\/h1>\n\n\n\n<figure class=\"wp-block-image size-full imgpost\"><img decoding=\"async\" loading=\"lazy\" width=\"1200\" height=\"675\" src=\"https:\/\/www.adirai.it\/media\/2020\/01\/matteo-salvini-leader-della-lega.jpg\" alt=\"matteo salvini leader della lega\" class=\"wp-image-9259\" srcset=\"https:\/\/www.adirai.it\/media\/2020\/01\/matteo-salvini-leader-della-lega.jpg 1200w, https:\/\/www.adirai.it\/media\/2020\/01\/matteo-salvini-leader-della-lega-300x169.jpg 300w, https:\/\/www.adirai.it\/media\/2020\/01\/matteo-salvini-leader-della-lega-720x405.jpg 720w, https:\/\/www.adirai.it\/media\/2020\/01\/matteo-salvini-leader-della-lega-768x432.jpg 768w, https:\/\/www.adirai.it\/media\/2020\/01\/matteo-salvini-leader-della-lega-220x124.jpg 220w, https:\/\/www.adirai.it\/media\/2020\/01\/matteo-salvini-leader-della-lega-360x203.jpg 360w, https:\/\/www.adirai.it\/media\/2020\/01\/matteo-salvini-leader-della-lega-160x90.jpg 160w\" sizes=\"(max-width: 1200px) 100vw, 1200px\" \/><\/figure>\n\n\n\n<p><strong>Matteo Salvini<\/strong>&nbsp;\u00e8 il <strong>leader della Lega<\/strong> dal 2013 e, dalle elezioni del 4 marzo 2018 sino al 5 settembre 2019, \u00e8 stato <strong>vicepresidente del Consiglio<\/strong> e <strong>ministro dell&#8217;Interno<\/strong> del <strong>Governo Conte<\/strong>. Ad oggi l&#8217;ex-vicepremier \u00e8 senatore della Lega e riveste un ruolo principale all&#8217;interno dello scenario politico italiano. Ecco le date importanti della sua carriera politica<\/p>\n\n\n\n\n\n\n\n<p>Oggi <strong>Matteo Salvini<\/strong> ha <strong>47 anni<\/strong>, \u00e8 single, ha due figli: Federico (primogenito) e Mirta (secondogenita); e ricopre la carica di <strong>Senatore e Leader della Lega nel Parlamento italiano<\/strong>.<\/p>\n\n\n\n<h2>Matteo Salvini: gli account social<\/h2>\n\n\n\n<p>Il <strong>leader della Lega<\/strong> ha diversi <strong>account social<\/strong> su cui \u00e8 possibile seguirlo e restare aggiornati:<\/p>\n\n\n\n<ul><li><a rel=\"noreferrer nofollow noopener\" aria-label=\"Matteo Salvini Twitter\u2028 (apre in una nuova scheda)\" href=\"https:\/\/twitter.com\/matteosalvinimi\" target=\"_blank\">Matteo Salvini Twitter<\/a><\/li><li><a rel=\"noreferrer nofollow noopener\" aria-label=\"Lega - Salvini Premier Twitter (apre in una nuova scheda)\" href=\"https:\/\/twitter.com\/LegaSalvini\" target=\"_blank\">Lega &#8211; Salvini Premier Twitter<\/a><\/li><li><a rel=\"noreferrer nofollow noopener\" aria-label=\" (apre in una nuova scheda)\" href=\"https:\/\/twitter.com\/Noiconsalvini\" target=\"_blank\">Noi con Salvini Twitter<\/a><\/li><li><a rel=\"noreferrer nofollow noopener\" aria-label=\"Matteo Salvini Facebook\u2028 (apre in una nuova scheda)\" href=\"https:\/\/www.facebook.com\/salviniofficial\/\" target=\"_blank\">Matteo Salvini Facebook<\/a><\/li><li><a href=\"https:\/\/www.instagram.com\/matteosalviniofficial\/?hl=it\" target=\"_blank\" rel=\"noreferrer nofollow noopener\" aria-label=\" (apre in una nuova scheda)\">Matteo Salvini Instagram<\/a><\/li><\/ul>\n\n\n\n<h2>Carriera Politica: Date importanti per il Leader della Lega<\/h2>\n\n\n\n<p><strong>Carriera politica di Matteo Salvini<\/strong> in ordine cronologico crescente:<\/p>\n\n\n\n<ul><li>\u00e8 nato a Milano il <strong>9 marzo 1973<\/strong>;<\/li><li>Salvini si iscrive alla Lega Nord nel <strong>1990<\/strong>.<\/li><li>si \u00e8 diplomato al Liceo Classico Manzoni nel <strong>1992<\/strong> con voto 48\/60;<\/li><li>il <strong>20 giugno&nbsp;1993<\/strong>&nbsp;venne eletto&nbsp;consigliere comunale&nbsp;di&nbsp;Milano;<\/li><li>diventa giornalista cronista per il quotidiano <em>La Padania<\/em> nel 1997, la defin\u00ec &#8220;<em>un&#8217;esperienza affascinante<\/em>&#8220;. Salvini \u00e8 iscritto all&#8217;albo dei Giornalisti Professionisti.<\/li><li>dal <strong>2004 al 2006<\/strong> \u00e8 stato deputato del parlamento europeo;<\/li><li>nel <strong>2008<\/strong> \u00e8 stato eletto parlamentare alla camera dei deputati;<\/li><li>a <strong>ottobre 2012<\/strong> lascia il suo incarico di capogruppo e consigliere comunale della Lega Nord a Milano dopo 19 anni, i suoi colleghi &#8220;<em>ci mancherai, Matteo<\/em>&#8220;;<\/li><li>il <strong>7 dicembre 2013<\/strong> vince le primarie degli iscritti contro <strong>Umberto Bossi<\/strong> e diventa <strong>Segretario Federale della Lega Nord<\/strong>;<\/li><li>il <strong>19 dicembre 2014<\/strong> fonda &#8220;<strong>Noi con Salvini<\/strong>&#8220;;<\/li><li>grazie alla coalizione con Forza Italia e Fratelli d&#8217;Italia, la <strong>Lega<\/strong> vince le Elezioni politiche il <strong>4 marzo del 2018<\/strong>, <strong>Matteo Salvini diventa vicepresidente del Consiglio nel primo governo di Giuseppe Conte<\/strong>;<\/li><li>il <strong>9 agosto 2019<\/strong> a seguito delle tensioni nella maggioranza la Lega presenza una mozione di sfiducia nel Governo Conte. La Lega ritira la mozione <strong>il 20 agosto<\/strong> ma il premier Conte si dimette ugualmente.<\/li><\/ul>\n\n\n\n<h2>Vita Privata di Matteo Salvini<\/h2>\n\n\n\n<p>Chi \u00e8 stata <strong>moglie di Matteo Salvini<\/strong>? E&#8217; stato sposato nel <strong>2003 <\/strong>con la <strong>giornalista&nbsp;Fabrizia Ieluzzi<\/strong>, oggi ex-moglie, dalla quale ha avuto il figlio <strong>Federico<\/strong>. Un&#8217;altra sua storia importante \u00e8 la convivenza con l&#8217;<strong>avvocato Giulia Martinelli<\/strong>, relazione dalla quale \u00e8 nata <strong>Mirta<\/strong> nel <strong>2012<\/strong>.<\/p>\n\n\n\n<p>Dal 2015 al 2018 \u00e8 stato fidanzato con la <strong>conduttrice televisiva Elisa Isoardi<\/strong>. Dal 2019 \u00e8 fidanzato con <strong>Francesca Verdini, 26 anni e studentessa<\/strong> di Economia alla Luiss, figlia di Denis, imprenditore a lungo sostenitore di <strong>Silvio Berlusconi<\/strong>. Tuttavia, le indiscrezioni dicono che tra loro \u00e8 gi\u00e0 finita.<\/p>\n\n\n\n<p><strong>Matteo Salvini \u00e8&nbsp;tifoso del Milan<\/strong>. Da giovane ha frequentato il centro sociale Leoncavallo.<\/p>\n\n\n\n<blockquote class=\"wp-block-quote\"><p>Chi non ha mai frequentato un&nbsp;centro sociale? Io s\u00ec, dai 16 ai 19 anni, mentre frequentavo il liceo, il mio ritrovo era il&nbsp;<em>Leoncavallo<\/em>. L\u00e0 stavo bene, mi ritrovavo in quelle idee, in quei bisogni.<\/p><\/blockquote>\n\n\n\n<p>Si iscrisse da ragazzo all&#8217;Universit\u00e0 degli studi di Milano al corso di <strong>Scienze Politiche<\/strong>. <strong>Matteo Salvini<\/strong> era intenzionato a completare gli studi, che finanzi\u00f2 lui stesso lavorando nel <em>fast food Burghy<\/em>. Scherzando una volta per\u00f2 disse &#8220;<em>Arriver\u00e0 prima la&nbsp;Padania&nbsp;libera della mia laurea<\/em>&#8221; e cos\u00ec fu che <strong>non si laure\u00f2 mai<\/strong>.<\/p>\n\n\n\n<h2>Ultime notizie su Matteo Salvini<\/h2>\n\n\n\n<p><strong><em>Ultime notizie su Matteo Salvini<\/em><\/strong> &#8211; Quando viene nominato ministro dell&#8217;Interno il 1\u00b0giugno 2018, <strong>Matteo Salvini<\/strong> \u00e8 capo politico della <strong>Lega<\/strong> grazie all&#8217;appoggio del Movimento 5 stelle.<\/p>\n\n\n\n<p><strong>Salvini <\/strong>ha sempre detto che il suo scopo era di ridurre il numero di immigrati clandestini verso l&#8217;Italia e che voleva trovare un modo per favorirne i rimpatri.<\/p>\n\n\n\n<p>Il <strong>9 giugno 2018<\/strong> rifiuta il primo sbarco sulle coste italiane, si trattava della nave Aquarius. Il <strong>24 settembre 2018<\/strong> il consiglio dei ministri approva il suo &#8220;<strong>Decreto Sicurezza<\/strong>&#8221; che abolisce la protezione per motivi umanitari ai migranti.<\/p>\n\n\n\n<p>Nonostante ci\u00f2 il <strong>24 gennaio 2019<\/strong> \u00e8 indagato per sequestro di persone aggravato, in quanto blocc\u00f2 la procedura di sbarco di 177 migranti che furono privati della libert\u00e0 personale; oggi \u00e8 detto &#8220;<strong>caso Diciotti<\/strong>&#8221; e risale al <strong>20 agosto 2018<\/strong>.<\/p>\n\n\n\n<p>L&#8217;<strong>11 giugno 2019<\/strong> il consiglio dei ministri approva anche il &#8220;<strong>Decreto sicurezza Bis<\/strong>&#8221; che prevede: multe onerose per ONG che violano il divieto di accesso in acque territoriali; arresto in flagranza del capitano della nave; il sequestro immediato dell&#8217;imbarcazione e la successiva confisca.<\/p>\n\n\n\n<p><strong>CONDIVIDI la biografia di Matteo Salvini leader della Lega.<\/strong><\/p>\n","protected":false},"excerpt":{"rendered":"<p>Matteo Salvini, leader della Lega: Carriera politica e vita privata Matteo Salvini&nbsp;\u00e8 il leader della Lega dal 2013 e, dalle elezioni del 4 marzo 2018 sino al 5 settembre 2019, \u00e8 stato vicepresidente del Consiglio e ministro dell&#8217;Interno del Governo Conte. Ad oggi l&#8217;ex-vicepremier \u00e8 senatore della Lega e riveste un ruolo principale all&#8217;interno dello [&hellip;]<\/p>\n","protected":false},"author":2,"featured_media":9259,"comment_status":"closed","ping_status":"closed","sticky":false,"template":"","format":"standard","meta":[],"categories":[2],"tags":[611,613,45,13,609,612,610],"yoast_head":"<title>Matteo Salvini, leader della Lega: Carriera politica e vita privata<\/title>\n<meta name=\"description\" content=\"Oggi Matteo Salvini ha 47 anni, ha due figli: Federico e Mirta, ecco carriera politica e vita privata del Senatore e Leader della Lega.\" \/>\n<meta name=\"robots\" content=\"index, follow, max-snippet:-1, max-image-preview:large, max-video-preview:-1\" \/>\n<link rel=\"canonical\" href=\"https:\/\/www.adirai.it\/politica\/matteo-salvini-leader-della-lega-carriera-politica-e-vita-privata\/\" \/>\n<meta property=\"og:locale\" content=\"it_IT\" \/>\n<meta property=\"og:type\" content=\"article\" \/>\n<meta property=\"og:title\" content=\"Matteo Salvini, leader della Lega: Carriera politica e vita privata\" \/>\n<meta property=\"og:description\" content=\"Oggi Matteo Salvini ha 47 anni, ha due figli: Federico e Mirta, ecco carriera politica e vita privata del Senatore e Leader della Lega.\" \/>\n<meta property=\"og:url\" content=\"https:\/\/www.adirai.it\/politica\/matteo-salvini-leader-della-lega-carriera-politica-e-vita-privata\/\" \/>\n<meta property=\"og:site_name\" content=\"Adirai Notizie\" \/>\n<meta property=\"article:published_time\" content=\"2021-07-14T16:20:53+00:00\" \/>\n<meta property=\"article:modified_time\" content=\"2021-07-14T16:43:40+00:00\" \/>\n<meta property=\"og:image\" content=\"https:\/\/www.adirai.it\/media\/2020\/01\/matteo-salvini-leader-della-lega.jpg\" \/>\n\t<meta property=\"og:image:width\" content=\"1200\" \/>\n\t<meta property=\"og:image:height\" content=\"675\" \/>\n\t<meta property=\"og:image:type\" content=\"image\/jpeg\" \/>\n<meta name=\"author\" content=\"Adirai Italia\" \/>\n<meta name=\"twitter:card\" content=\"summary_large_image\" \/>\n<meta name=\"twitter:creator\" content=\"@AdiraiIt\" \/>\n<meta name=\"twitter:site\" content=\"@AdiraiIt\" \/>\n<meta name=\"twitter:label1\" content=\"Scritto da\" \/>\n\t<meta name=\"twitter:data1\" content=\"Adirai Italia\" \/>\n\t<meta name=\"twitter:label2\" content=\"Tempo di lettura stimato\" \/>\n\t<meta name=\"twitter:data2\" content=\"3 minuti\" \/>","yoast_head_json":{"title":"Matteo Salvini, leader della Lega: Carriera politica e vita privata","description":"Oggi Matteo Salvini ha 47 anni, ha due figli: Federico e Mirta, ecco carriera politica e vita privata del Senatore e Leader della Lega.","robots":{"index":"index","follow":"follow","max-snippet":"max-snippet:-1","max-image-preview":"max-image-preview:large","max-video-preview":"max-video-preview:-1"},"canonical":"https:\/\/www.adirai.it\/politica\/matteo-salvini-leader-della-lega-carriera-politica-e-vita-privata\/","og_locale":"it_IT","og_type":"article","og_title":"Matteo Salvini, leader della Lega: Carriera politica e vita privata","og_description":"Oggi Matteo Salvini ha 47 anni, ha due figli: Federico e Mirta, ecco carriera politica e vita privata del Senatore e Leader della Lega.","og_url":"https:\/\/www.adirai.it\/politica\/matteo-salvini-leader-della-lega-carriera-politica-e-vita-privata\/","og_site_name":"Adirai Notizie","article_published_time":"2021-07-14T16:20:53+00:00","article_modified_time":"2021-07-14T16:43:40+00:00","og_image":[{"width":1200,"height":675,"url":"https:\/\/www.adirai.it\/media\/2020\/01\/matteo-salvini-leader-della-lega.jpg","type":"image\/jpeg"}],"author":"Adirai Italia","twitter_card":"summary_large_image","twitter_creator":"@AdiraiIt","twitter_site":"@AdiraiIt","twitter_misc":{"Scritto da":"Adirai Italia","Tempo di lettura stimato":"3 minuti"},"schema":{"@context":"https:\/\/schema.org","@graph":[{"@type":"Article","@id":"https:\/\/www.adirai.it\/politica\/matteo-salvini-leader-della-lega-carriera-politica-e-vita-privata\/#article","isPartOf":{"@id":"https:\/\/www.adirai.it\/politica\/matteo-salvini-leader-della-lega-carriera-politica-e-vita-privata\/"},"author":{"name":"Adirai Italia","@id":"https:\/\/www.adirai.it\/#\/schema\/person\/a5f58f133c7b98c534f588d596d78734"},"headline":"Matteo Salvini, leader della Lega: Carriera politica e vita privata","datePublished":"2021-07-14T16:20:53+00:00","dateModified":"2021-07-14T16:43:40+00:00","mainEntityOfPage":{"@id":"https:\/\/www.adirai.it\/politica\/matteo-salvini-leader-della-lega-carriera-politica-e-vita-privata\/"},"wordCount":709,"publisher":{"@id":"https:\/\/www.adirai.it\/#organization"},"keywords":["Carriera Politica","Leader della Lega","Lega","Matteo Salvini","Parlamentari","Ultime Notizie","Vita privata"],"articleSection":["Politica"],"inLanguage":"it-IT"},{"@type":"WebPage","@id":"https:\/\/www.adirai.it\/politica\/matteo-salvini-leader-della-lega-carriera-politica-e-vita-privata\/","url":"https:\/\/www.adirai.it\/politica\/matteo-salvini-leader-della-lega-carriera-politica-e-vita-privata\/","name":"Matteo Salvini, leader della Lega: Carriera politica e vita privata","isPartOf":{"@id":"https:\/\/www.adirai.it\/#website"},"datePublished":"2021-07-14T16:20:53+00:00","dateModified":"2021-07-14T16:43:40+00:00","description":"Oggi Matteo Salvini ha 47 anni, ha due figli: Federico e Mirta, ecco carriera politica e vita privata del Senatore e Leader della Lega.","breadcrumb":{"@id":"https:\/\/www.adirai.it\/politica\/matteo-salvini-leader-della-lega-carriera-politica-e-vita-privata\/#breadcrumb"},"inLanguage":"it-IT","potentialAction":[{"@type":"ReadAction","target":["https:\/\/www.adirai.it\/politica\/matteo-salvini-leader-della-lega-carriera-politica-e-vita-privata\/"]}]},{"@type":"BreadcrumbList","@id":"https:\/\/www.adirai.it\/politica\/matteo-salvini-leader-della-lega-carriera-politica-e-vita-privata\/#breadcrumb","itemListElement":[{"@type":"ListItem","position":1,"name":"Home","item":"https:\/\/www.adirai.it\/"},{"@type":"ListItem","position":2,"name":"Matteo Salvini, leader della Lega: Carriera politica e vita privata"}]},{"@type":"WebSite","@id":"https:\/\/www.adirai.it\/#website","url":"https:\/\/www.adirai.it\/","name":"Adirai Notizie","description":"","publisher":{"@id":"https:\/\/www.adirai.it\/#organization"},"potentialAction":[{"@type":"SearchAction","target":{"@type":"EntryPoint","urlTemplate":"https:\/\/www.adirai.it\/?s={search_term_string}"},"query-input":"required name=search_term_string"}],"inLanguage":"it-IT"},{"@type":"Organization","@id":"https:\/\/www.adirai.it\/#organization","name":"Adirai Notizie","url":"https:\/\/www.adirai.it\/","logo":{"@type":"ImageObject","inLanguage":"it-IT","@id":"https:\/\/www.adirai.it\/#\/schema\/logo\/image\/","url":"https:\/\/www.adirai.it\/media\/2019\/08\/adirai-logo.jpg","contentUrl":"https:\/\/www.adirai.it\/media\/2019\/08\/adirai-logo.jpg","width":600,"height":600,"caption":"Adirai Notizie"},"image":{"@id":"https:\/\/www.adirai.it\/#\/schema\/logo\/image\/"},"sameAs":["https:\/\/twitter.com\/AdiraiIt"]},{"@type":"Person","@id":"https:\/\/www.adirai.it\/#\/schema\/person\/a5f58f133c7b98c534f588d596d78734","name":"Adirai Italia","image":{"@type":"ImageObject","inLanguage":"it-IT","@id":"https:\/\/www.adirai.it\/#\/schema\/person\/image\/","url":"https:\/\/secure.gravatar.com\/avatar\/6b3b05aeab69cd7245f16ead3dd76a3d?s=96&d=mm&r=g","contentUrl":"https:\/\/secure.gravatar.com\/avatar\/6b3b05aeab69cd7245f16ead3dd76a3d?s=96&d=mm&r=g","caption":"Adirai Italia"},"sameAs":["https:\/\/www.adirai.it\/"]}]}},"post_mailing_queue_ids":[],"_links":{"self":[{"href":"https:\/\/www.adirai.it\/api\/wp\/v2\/posts\/9240"}],"collection":[{"href":"https:\/\/www.adirai.it\/api\/wp\/v2\/posts"}],"about":[{"href":"https:\/\/www.adirai.it\/api\/wp\/v2\/types\/post"}],"author":[{"embeddable":true,"href":"https:\/\/www.adirai.it\/api\/wp\/v2\/users\/2"}],"replies":[{"embeddable":true,"href":"https:\/\/www.adirai.it\/api\/wp\/v2\/comments?post=9240"}],"version-history":[{"count":0,"href":"https:\/\/www.adirai.it\/api\/wp\/v2\/posts\/9240\/revisions"}],"wp:featuredmedia":[{"embeddable":true,"href":"https:\/\/www.adirai.it\/api\/wp\/v2\/media\/9259"}],"wp:attachment":[{"href":"https:\/\/www.adirai.it\/api\/wp\/v2\/media?parent=9240"}],"wp:term":[{"taxonomy":"category","embeddable":true,"href":"https:\/\/www.adirai.it\/api\/wp\/v2\/categories?post=9240"},{"taxonomy":"post_tag","embeddable":true,"href":"https:\/\/www.adirai.it\/api\/wp\/v2\/tags?post=9240"}],"curies":[{"name":"wp","href":"https:\/\/api.w.org\/{rel}","templated":true}]}}