{"id":8907,"date":"2019-12-28T19:23:06","date_gmt":"2019-12-28T18:23:06","guid":{"rendered":"https:\/\/www.adirai.it\/?p=8907"},"modified":"2020-01-02T17:29:57","modified_gmt":"2020-01-02T16:29:57","slug":"migranti-conte-annuncia-cambio-decreti-sicurezza-di-salvini","status":"publish","type":"post","link":"https:\/\/www.adirai.it\/politica\/migranti-conte-annuncia-cambio-decreti-sicurezza-di-salvini\/","title":{"rendered":"Migranti, Conte annuncia cambio decreti sicurezza di Salvini"},"content":{"rendered":"\n<h1>Migranti, Conte annuncia cambio decreti sicurezza di Salvini<\/h1>\n\n\n\n<figure class=\"wp-block-image size-full imgpost\"><img decoding=\"async\" loading=\"lazy\" width=\"1200\" height=\"675\" src=\"https:\/\/www.adirai.it\/media\/2019\/12\/conte-discorso-migranti-salvini.jpg\" alt=\"conte discorso migranti salvini\" class=\"wp-image-8909\" srcset=\"https:\/\/www.adirai.it\/media\/2019\/12\/conte-discorso-migranti-salvini.jpg 1200w, https:\/\/www.adirai.it\/media\/2019\/12\/conte-discorso-migranti-salvini-300x169.jpg 300w, https:\/\/www.adirai.it\/media\/2019\/12\/conte-discorso-migranti-salvini-720x405.jpg 720w, https:\/\/www.adirai.it\/media\/2019\/12\/conte-discorso-migranti-salvini-768x432.jpg 768w, https:\/\/www.adirai.it\/media\/2019\/12\/conte-discorso-migranti-salvini-220x124.jpg 220w, https:\/\/www.adirai.it\/media\/2019\/12\/conte-discorso-migranti-salvini-360x203.jpg 360w, https:\/\/www.adirai.it\/media\/2019\/12\/conte-discorso-migranti-salvini-160x90.jpg 160w\" sizes=\"(max-width: 1200px) 100vw, 1200px\" \/><\/figure>\n\n\n\n<p><strong>Migranti, Conte<\/strong>, il presidente del Consiglio, nel discorso di fine anno a Villa Madama non perde occasione per rivendicare i successi sull&#8217;immigrazione. Matteo Salvini, ex vice premier del governo, finora ha mantenuto la linea da paladino dei porti chiusi, ma Conte vuole dimostrare di essere riuscito a fare meglio con il suo governo PD e M5S. Ecco cosa ha detto il premier Conte nel suo discorso e cosa gli ha risposto il senatore Salvini.<\/p>\n\n\n\n\n\n\n\n<h2>Migranti, Conte parla dei successi in tema immigrazione<\/h2>\n\n\n\n<p>Tornare a parlare della questione degli <strong>sbarchi dei migranti<\/strong> conviene oggi al Presidente del Consiglio, che ha un po&#8217; di numeri a favore.<\/p>\n\n\n\n<p>&#8220;<strong>Il tema dell&#8217;immigrazione \u00e8 sparito un po&#8217; dai radar<\/strong>. La propaganda pu\u00f2 tenere accese le luci dei riflettori su un tema in modo strategico, ma stiamo ottenendo risultati per certi versi anche migliori rispetto al precedente esecutivo.&#8221;<\/p>\n\n\n\n<p>Giuseppe Conte \u00e8 davvero convinto di aver fatto meglio di Salvini, e aggiunge &#8220;<strong>senza clamori, senza che si parli di porti chiusi e porti aperti<\/strong>. L&#8217;Italia chiuder\u00e0 il 2019 con meno di 12 mila sbarchi. Il 2018 \u00e8 stato chiuso con circa il doppio&#8221;, dice il presidente del Consiglio.<\/p>\n\n\n\n<p>Conte vuole affondare la lama nella piaga e si vanta che lui \u00e8 pi\u00f9 bravo con i ricollocamenti rispetto a Salvini.<\/p>\n\n\n\n<p>&#8220;<strong>Il dato significativo \u00e8 che abbiamo migliorato anche il numero dei ricollocati: oggi sono 98 al mese, nel precedente governo erano 21. Perch\u00e9 accade questo?<\/strong>&#8221; Chiede il premier, e noi di Adirai rispondiamo con un&#8217;altra domanda: <strong>Sar\u00e0 perch\u00e9 Salvini non aspettava di avere gente da ricollocare, chiudendo direttamente i porti?<\/strong> Ma Conte continua convinto:<\/p>\n\n\n\n<blockquote class=\"wp-block-quote\"><p>&#8220;Con la massima pazienza, con lo studio e con la determinazione \u00e8 stato sottoscritto un accordo a Malta che ci ha consentito di avere dei risultati. Questo ci ha consentito una richiesta congiunta di ricollocazione da quattro paesi contemporaneamente. <strong>Questo ci consente di ricollocare i migranti in 4 settimane<\/strong>&#8220;.<\/p><cite>Giuseppe Conte<\/cite><\/blockquote>\n\n\n\n<h2>Conte: &#8220;Cambieremo decreti sicurezza&#8221;<\/h2>\n\n\n\n<p>Forte dei risultati ottenuti Giuseppe Conte azzarda: &#8220;<strong>Uno dei 29 punti programmatici riguarda l&#8217;intervento sui decreti sicurezza<\/strong> per recepire le preoccupazioni espresse dal Presidente Mattarella. Il decreto sicurezza Bis \u00e8 stato varato dal Consiglio dei ministri in maniera diversa dall&#8217;originale, che teneva conto dei rilievi del Presidente Mattarella. Adesso potremo lavorare e sar\u00e0 uno dei temi dell&#8217;incontro di gennaio&#8221;, spiega Conte sapendo che da qualche parte gli italiani gliene stanno dicendo quattro. Rispondendo ad una domanda il premier precisa:<\/p>\n\n\n\n<blockquote class=\"wp-block-quote\"><p>&#8220;Tra i punti di questo esecutivo c&#8217;\u00e8 anche intervenire sui decreti sicurezza. Quei decreti contengono un contenuto normativo molto utile che va preservato. Ribadire una sovranit\u00e0 marittima \u00e8 sacrosanto cos\u00ec come contrastare l&#8217;immigrazione clandestina. Uno Stato sovrano decide chi entra&#8221;.<\/p><cite>Giuseppe Conte<\/cite><\/blockquote>\n\n\n\n<h2>Salvini replica a Giuseppe Conte sui migranti<\/h2>\n\n\n\n<p>Salvini replica senza perdere tempo al presidente del Consiglio Giuseppe Conte:<\/p>\n\n\n\n<blockquote class=\"wp-block-quote\"><p>&#8220;Conte annuncia modifiche ai decreti sicurezza, racconta balle vergognose sull&#8217;immigrazione e cambia versione sulla Gregoretti. Nel 2019 siamo a 11.439 arrivi, di cui 6.304 da settembre a oggi &#8220;grazie&#8221; al governo delle poltrone e dei porti aperti. Sulla Gregoretti ammette che Palazzo Chigi aveva avuto un ruolo per ricollocare gli immigrati. Cos\u00ec conferma anche che le trattative con gli altri paesi c&#8217;erano sempre state: altro che novit\u00e0 degli ultimi mesi. Se Conte non sopportava la Lega e il sottoscritto, poteva dirlo subito anzich\u00e9 aspettare che gli togliessimo la fiducia. Evidentemente \u00e8 troppo innamorato dalle poltrone. E infatti dopo aver perso un ministro ne annuncia due nuovi. <strong>Con Conte pi\u00f9 sbarchi, pi\u00f9 tasse, pi\u00f9 poltrone e pi\u00f9 balle<\/strong>.&#8221;<\/p><cite>Matteo Salvini<\/cite><\/blockquote>\n\n\n\n<p><strong>CONDIVIDI le ultime notizie sul tema migranti, immigrazione.<\/strong><\/p>\n","protected":false},"excerpt":{"rendered":"<p>Migranti, Conte annuncia cambio decreti sicurezza di Salvini Migranti, Conte, il presidente del Consiglio, nel discorso di fine anno a Villa Madama non perde occasione per rivendicare i successi sull&#8217;immigrazione. Matteo Salvini, ex vice premier del governo, finora ha mantenuto la linea da paladino dei porti chiusi, ma Conte vuole dimostrare di essere riuscito a [&hellip;]<\/p>\n","protected":false},"author":2,"featured_media":8909,"comment_status":"closed","ping_status":"closed","sticky":false,"template":"","format":"standard","meta":[],"categories":[2],"tags":[15,127,13,113],"yoast_head":"<title>Migranti, Conte annuncia cambio decreti sicurezza di Salvini<\/title>\n<meta name=\"description\" content=\"Migranti, Conte annuncia cambi nei decreti sicurezza di Salvini, parla dei successi del suo governo sul tema immigrazione, discorso di fine anno\" \/>\n<meta name=\"robots\" content=\"index, follow, max-snippet:-1, max-image-preview:large, max-video-preview:-1\" \/>\n<link rel=\"canonical\" href=\"https:\/\/www.adirai.it\/politica\/migranti-conte-annuncia-cambio-decreti-sicurezza-di-salvini\/\" \/>\n<meta property=\"og:locale\" content=\"it_IT\" \/>\n<meta property=\"og:type\" content=\"article\" \/>\n<meta property=\"og:title\" content=\"Migranti, Conte annuncia cambio decreti sicurezza di Salvini\" \/>\n<meta property=\"og:description\" content=\"Migranti, Conte annuncia cambi nei decreti sicurezza di Salvini, parla dei successi del suo governo sul tema immigrazione, discorso di fine anno\" \/>\n<meta property=\"og:url\" content=\"https:\/\/www.adirai.it\/politica\/migranti-conte-annuncia-cambio-decreti-sicurezza-di-salvini\/\" \/>\n<meta property=\"og:site_name\" content=\"Adirai Notizie\" \/>\n<meta property=\"article:published_time\" content=\"2019-12-28T18:23:06+00:00\" \/>\n<meta property=\"article:modified_time\" content=\"2020-01-02T16:29:57+00:00\" \/>\n<meta property=\"og:image\" content=\"https:\/\/www.adirai.it\/media\/2019\/12\/conte-discorso-migranti-salvini.jpg\" \/>\n\t<meta property=\"og:image:width\" content=\"1200\" \/>\n\t<meta property=\"og:image:height\" content=\"675\" \/>\n\t<meta property=\"og:image:type\" content=\"image\/jpeg\" \/>\n<meta name=\"author\" content=\"Adirai Italia\" \/>\n<meta name=\"twitter:card\" content=\"summary_large_image\" \/>\n<meta name=\"twitter:creator\" content=\"@AdiraiIt\" \/>\n<meta name=\"twitter:site\" content=\"@AdiraiIt\" \/>\n<meta name=\"twitter:label1\" content=\"Scritto da\" \/>\n\t<meta name=\"twitter:data1\" content=\"Adirai Italia\" \/>\n\t<meta name=\"twitter:label2\" content=\"Tempo di lettura stimato\" \/>\n\t<meta name=\"twitter:data2\" content=\"3 minuti\" \/>","yoast_head_json":{"title":"Migranti, Conte annuncia cambio decreti sicurezza di Salvini","description":"Migranti, Conte annuncia cambi nei decreti sicurezza di Salvini, parla dei successi del suo governo sul tema immigrazione, discorso di fine anno","robots":{"index":"index","follow":"follow","max-snippet":"max-snippet:-1","max-image-preview":"max-image-preview:large","max-video-preview":"max-video-preview:-1"},"canonical":"https:\/\/www.adirai.it\/politica\/migranti-conte-annuncia-cambio-decreti-sicurezza-di-salvini\/","og_locale":"it_IT","og_type":"article","og_title":"Migranti, Conte annuncia cambio decreti sicurezza di Salvini","og_description":"Migranti, Conte annuncia cambi nei decreti sicurezza di Salvini, parla dei successi del suo governo sul tema immigrazione, discorso di fine anno","og_url":"https:\/\/www.adirai.it\/politica\/migranti-conte-annuncia-cambio-decreti-sicurezza-di-salvini\/","og_site_name":"Adirai Notizie","article_published_time":"2019-12-28T18:23:06+00:00","article_modified_time":"2020-01-02T16:29:57+00:00","og_image":[{"width":1200,"height":675,"url":"https:\/\/www.adirai.it\/media\/2019\/12\/conte-discorso-migranti-salvini.jpg","type":"image\/jpeg"}],"author":"Adirai Italia","twitter_card":"summary_large_image","twitter_creator":"@AdiraiIt","twitter_site":"@AdiraiIt","twitter_misc":{"Scritto da":"Adirai Italia","Tempo di lettura stimato":"3 minuti"},"schema":{"@context":"https:\/\/schema.org","@graph":[{"@type":"Article","@id":"https:\/\/www.adirai.it\/politica\/migranti-conte-annuncia-cambio-decreti-sicurezza-di-salvini\/#article","isPartOf":{"@id":"https:\/\/www.adirai.it\/politica\/migranti-conte-annuncia-cambio-decreti-sicurezza-di-salvini\/"},"author":{"name":"Adirai Italia","@id":"https:\/\/www.adirai.it\/#\/schema\/person\/a5f58f133c7b98c534f588d596d78734"},"headline":"Migranti, Conte annuncia cambio decreti sicurezza di Salvini","datePublished":"2019-12-28T18:23:06+00:00","dateModified":"2020-01-02T16:29:57+00:00","mainEntityOfPage":{"@id":"https:\/\/www.adirai.it\/politica\/migranti-conte-annuncia-cambio-decreti-sicurezza-di-salvini\/"},"wordCount":595,"publisher":{"@id":"https:\/\/www.adirai.it\/#organization"},"keywords":["Giuseppe Conte","Governo Italiano","Matteo Salvini","Migranti"],"articleSection":["Politica"],"inLanguage":"it-IT"},{"@type":"WebPage","@id":"https:\/\/www.adirai.it\/politica\/migranti-conte-annuncia-cambio-decreti-sicurezza-di-salvini\/","url":"https:\/\/www.adirai.it\/politica\/migranti-conte-annuncia-cambio-decreti-sicurezza-di-salvini\/","name":"Migranti, Conte annuncia cambio decreti sicurezza di Salvini","isPartOf":{"@id":"https:\/\/www.adirai.it\/#website"},"datePublished":"2019-12-28T18:23:06+00:00","dateModified":"2020-01-02T16:29:57+00:00","description":"Migranti, Conte annuncia cambi nei decreti sicurezza di Salvini, parla dei successi del suo governo sul tema immigrazione, discorso di fine anno","breadcrumb":{"@id":"https:\/\/www.adirai.it\/politica\/migranti-conte-annuncia-cambio-decreti-sicurezza-di-salvini\/#breadcrumb"},"inLanguage":"it-IT","potentialAction":[{"@type":"ReadAction","target":["https:\/\/www.adirai.it\/politica\/migranti-conte-annuncia-cambio-decreti-sicurezza-di-salvini\/"]}]},{"@type":"BreadcrumbList","@id":"https:\/\/www.adirai.it\/politica\/migranti-conte-annuncia-cambio-decreti-sicurezza-di-salvini\/#breadcrumb","itemListElement":[{"@type":"ListItem","position":1,"name":"Home","item":"https:\/\/www.adirai.it\/"},{"@type":"ListItem","position":2,"name":"Migranti, Conte annuncia cambio decreti sicurezza di Salvini"}]},{"@type":"WebSite","@id":"https:\/\/www.adirai.it\/#website","url":"https:\/\/www.adirai.it\/","name":"Adirai Notizie","description":"","publisher":{"@id":"https:\/\/www.adirai.it\/#organization"},"potentialAction":[{"@type":"SearchAction","target":{"@type":"EntryPoint","urlTemplate":"https:\/\/www.adirai.it\/?s={search_term_string}"},"query-input":"required name=search_term_string"}],"inLanguage":"it-IT"},{"@type":"Organization","@id":"https:\/\/www.adirai.it\/#organization","name":"Adirai Notizie","url":"https:\/\/www.adirai.it\/","logo":{"@type":"ImageObject","inLanguage":"it-IT","@id":"https:\/\/www.adirai.it\/#\/schema\/logo\/image\/","url":"https:\/\/www.adirai.it\/media\/2019\/08\/adirai-logo.jpg","contentUrl":"https:\/\/www.adirai.it\/media\/2019\/08\/adirai-logo.jpg","width":600,"height":600,"caption":"Adirai Notizie"},"image":{"@id":"https:\/\/www.adirai.it\/#\/schema\/logo\/image\/"},"sameAs":["https:\/\/twitter.com\/AdiraiIt"]},{"@type":"Person","@id":"https:\/\/www.adirai.it\/#\/schema\/person\/a5f58f133c7b98c534f588d596d78734","name":"Adirai Italia","image":{"@type":"ImageObject","inLanguage":"it-IT","@id":"https:\/\/www.adirai.it\/#\/schema\/person\/image\/","url":"https:\/\/secure.gravatar.com\/avatar\/6b3b05aeab69cd7245f16ead3dd76a3d?s=96&d=mm&r=g","contentUrl":"https:\/\/secure.gravatar.com\/avatar\/6b3b05aeab69cd7245f16ead3dd76a3d?s=96&d=mm&r=g","caption":"Adirai Italia"},"sameAs":["https:\/\/www.adirai.it\/"]}]}},"post_mailing_queue_ids":[],"_links":{"self":[{"href":"https:\/\/www.adirai.it\/api\/wp\/v2\/posts\/8907"}],"collection":[{"href":"https:\/\/www.adirai.it\/api\/wp\/v2\/posts"}],"about":[{"href":"https:\/\/www.adirai.it\/api\/wp\/v2\/types\/post"}],"author":[{"embeddable":true,"href":"https:\/\/www.adirai.it\/api\/wp\/v2\/users\/2"}],"replies":[{"embeddable":true,"href":"https:\/\/www.adirai.it\/api\/wp\/v2\/comments?post=8907"}],"version-history":[{"count":0,"href":"https:\/\/www.adirai.it\/api\/wp\/v2\/posts\/8907\/revisions"}],"wp:featuredmedia":[{"embeddable":true,"href":"https:\/\/www.adirai.it\/api\/wp\/v2\/media\/8909"}],"wp:attachment":[{"href":"https:\/\/www.adirai.it\/api\/wp\/v2\/media?parent=8907"}],"wp:term":[{"taxonomy":"category","embeddable":true,"href":"https:\/\/www.adirai.it\/api\/wp\/v2\/categories?post=8907"},{"taxonomy":"post_tag","embeddable":true,"href":"https:\/\/www.adirai.it\/api\/wp\/v2\/tags?post=8907"}],"curies":[{"name":"wp","href":"https:\/\/api.w.org\/{rel}","templated":true}]}}