{"id":8687,"date":"2019-12-23T18:10:05","date_gmt":"2019-12-23T17:10:05","guid":{"rendered":"https:\/\/www.adirai.it\/?p=8687"},"modified":"2019-12-23T18:10:06","modified_gmt":"2019-12-23T17:10:06","slug":"sardine-il-velo-islamico-e-il-vero-male-parla-una-donna-musulmana","status":"publish","type":"post","link":"https:\/\/www.adirai.it\/politica\/sardine-il-velo-islamico-e-il-vero-male-parla-una-donna-musulmana\/","title":{"rendered":"Sardine, il velo islamico \u00e8 il vero male: parla una donna musulmana"},"content":{"rendered":"\n<h1>Sardine, il velo islamico \u00e8 il vero male: parla una donna musulmana<\/h1>\n\n\n\n<figure class=\"wp-block-image size-full imgpost\"><img decoding=\"async\" loading=\"lazy\" width=\"1200\" height=\"675\" src=\"https:\/\/www.adirai.it\/media\/2019\/12\/sardine-velo-islamico.jpg\" alt=\"sardine velo islamico\" class=\"wp-image-8709\" srcset=\"https:\/\/www.adirai.it\/media\/2019\/12\/sardine-velo-islamico.jpg 1200w, https:\/\/www.adirai.it\/media\/2019\/12\/sardine-velo-islamico-300x169.jpg 300w, https:\/\/www.adirai.it\/media\/2019\/12\/sardine-velo-islamico-720x405.jpg 720w, https:\/\/www.adirai.it\/media\/2019\/12\/sardine-velo-islamico-768x432.jpg 768w, https:\/\/www.adirai.it\/media\/2019\/12\/sardine-velo-islamico-220x124.jpg 220w, https:\/\/www.adirai.it\/media\/2019\/12\/sardine-velo-islamico-360x203.jpg 360w, https:\/\/www.adirai.it\/media\/2019\/12\/sardine-velo-islamico-160x90.jpg 160w\" sizes=\"(max-width: 1200px) 100vw, 1200px\" \/><\/figure>\n\n\n\n<p><strong>Sardine, &#8220;il velo islamico \u00e8 il vero male&#8221;.<\/strong> Il movimento delle Sardine in piazza San Giovanni a Roma il 14 dicembre hanno scelto come <strong>simbolo di laicit\u00e0 una donna musulmana con il velo islamico<\/strong>; questa scelta \u00e8 stata criticata da una donna musulmana di nome Atussa Tabrizi. La risposta a questo gesto \u00e8 una <strong>lettera forte di Atussa, donna musulmana scappata dall&#8217;islam per vivere in Italia libera dalle oppressioni del suo Paese d&#8217;origine<\/strong>. Ormai libera, Atussa chiede alle Sardine se non era possibile dare la parola a un&#8217;altra <strong>donna che non portasse il velo<\/strong>.<\/p>\n\n\n\n\n\n\n\n<h2>Sardine e velo, Atussa: &#8220;Il velo \u00e8 il vero male&#8221;<\/h2>\n\n\n\n<p><strong>Sardine e Velo<\/strong> &#8211; Atussa Tabrizi \u00e8 &#8220;una donna, un&#8217;iraniana, un&#8217;atea&#8221; che \u00e8 scappata dall&#8217;islam e ora vive in Italia, senza velo. L&#8217;altro giorno a Roma le Sardine hanno chiamato sul palco una donna con il velo a parlare del suo Paese. <strong>Atussa ammette che vedendo quella donna con il velo islamico, ha rivissuto i momenti difficili del suo passato in islam<\/strong>:<\/p>\n\n\n\n<blockquote class=\"wp-block-quote\"><p>Quello che ho visto sul palco delle sardine a Roma mi ha fatto male, come quando in Iran sono stata arrestata dalla polizia morale perch\u00e9 non ero vestita adeguatamente (avevo una sciarpa sui capelli).<\/p><cite>Atussa Tabrizi<\/cite><\/blockquote>\n\n\n\n<h2>Atussa Tabrizi senza velo risponde alle Sardine<\/h2>\n\n\n\n<p><strong>Sardine e Velo<\/strong> &#8211; Le donne in islam sono perseguitate e private della libert\u00e0, come ben ricorda Atussa che fa una domanda precisa alle Sardine:<\/p>\n\n\n\n<blockquote class=\"wp-block-quote\"><p>Il velo per me, in quanto donna iraniana, \u00e8 simbolo di oppressione, simbolo del male. Non so cosa pensavano le sardine quando hanno deciso di presentare Nibras Asfa come un <strong>simbolo di laicit\u00e0<\/strong> contro Meloni e Salvini, ma <strong>chiedo loro se non potevano dare voce a un&#8217;altra donna<\/strong>. Una donna &#8211; italiana o straniera &#8211; che crede nella laicit\u00e0 e nella libert\u00e0 delle donne.<\/p><cite>Atussa Tabrizi<\/cite><\/blockquote>\n\n\n\n<p>&#8220;Il simbolo del vincolo patriarcale islamico spacciato per simbolo della libert\u00e0&#8221; afferma <em>Libero Quotidiano<\/em>.<\/p>\n\n\n\n<h2>Oppressione e libert\u00e0, facciamo chiarezza<\/h2>\n\n\n\n<p><strong>Sardine e Velo<\/strong> &#8211; L&#8217;oppressione di cui parlano quelli del Movimento delle Sardine non pu\u00f2 essere paragonata a quella subita dalle donne musulmane in islam. Atussa continua la sua arringa contro le sardine:<\/p>\n\n\n\n<blockquote class=\"wp-block-quote\"><p>Guardate il mio Paese per esempio, guardate come le donne tolgono il velo sapendo che saranno arrestate e condannate al carcere o anche peggio.<\/p><p>Guardate le donne in Arabia Saudita che con quella piccola, finta libert\u00e0 che hanno ottenuto ultimamente la prima cosa che fanno \u00e8 togliere il velo. <strong>Perch\u00e9 la maggior parte di voi femministe e di sinistra non parla mai di queste donne ma invece sempre, dico SEMPRE, delle donne musulmane col velo? Perch\u00e9 non sostenete mai queste persone?<\/strong><\/p><cite>Atussa Tabrizi<\/cite><\/blockquote>\n\n\n\n<p><strong>CONDIVIDI le ultime notizie sulle Sardine e le donne musulmane obbligate a portare il velo islamico.<\/strong><\/p>\n","protected":false},"excerpt":{"rendered":"<p>Sardine, il velo islamico \u00e8 il vero male: parla una donna musulmana Sardine, &#8220;il velo islamico \u00e8 il vero male&#8221;. Il movimento delle Sardine in piazza San Giovanni a Roma il 14 dicembre hanno scelto come simbolo di laicit\u00e0 una donna musulmana con il velo islamico; questa scelta \u00e8 stata criticata da una donna musulmana [&hellip;]<\/p>\n","protected":false},"author":2,"featured_media":8709,"comment_status":"closed","ping_status":"closed","sticky":false,"template":"","format":"standard","meta":[],"categories":[2],"tags":[483,387,255,484],"yoast_head":"<title>Sardine, il velo islamico \u00e8 il vero male: parla una donna musulmana<\/title>\n<meta name=\"description\" content=\"Sardine il velo \u00e8 il vero male: Atussa Tabrizi in una lettera al movimento spiega le ragioni delle sue crtitiche, oppressione e libert\u00e0 lei le conosce bene\" \/>\n<meta name=\"robots\" content=\"index, follow, max-snippet:-1, max-image-preview:large, max-video-preview:-1\" \/>\n<link rel=\"canonical\" href=\"https:\/\/www.adirai.it\/politica\/sardine-il-velo-islamico-e-il-vero-male-parla-una-donna-musulmana\/\" \/>\n<meta property=\"og:locale\" content=\"it_IT\" \/>\n<meta property=\"og:type\" content=\"article\" \/>\n<meta property=\"og:title\" content=\"Sardine, il velo islamico \u00e8 il vero male: parla una donna musulmana\" \/>\n<meta property=\"og:description\" content=\"Sardine il velo \u00e8 il vero male: Atussa Tabrizi in una lettera al movimento spiega le ragioni delle sue crtitiche, oppressione e libert\u00e0 lei le conosce bene\" \/>\n<meta property=\"og:url\" content=\"https:\/\/www.adirai.it\/politica\/sardine-il-velo-islamico-e-il-vero-male-parla-una-donna-musulmana\/\" \/>\n<meta property=\"og:site_name\" content=\"Adirai Notizie\" \/>\n<meta property=\"article:published_time\" content=\"2019-12-23T17:10:05+00:00\" \/>\n<meta property=\"article:modified_time\" content=\"2019-12-23T17:10:06+00:00\" \/>\n<meta property=\"og:image\" content=\"https:\/\/www.adirai.it\/media\/2019\/12\/sardine-velo-islamico.jpg\" \/>\n\t<meta property=\"og:image:width\" content=\"1200\" \/>\n\t<meta property=\"og:image:height\" content=\"675\" \/>\n\t<meta property=\"og:image:type\" content=\"image\/jpeg\" \/>\n<meta name=\"author\" content=\"Adirai Italia\" \/>\n<meta name=\"twitter:card\" content=\"summary_large_image\" \/>\n<meta name=\"twitter:creator\" content=\"@AdiraiIt\" \/>\n<meta name=\"twitter:site\" content=\"@AdiraiIt\" \/>\n<meta name=\"twitter:label1\" content=\"Scritto da\" \/>\n\t<meta name=\"twitter:data1\" content=\"Adirai Italia\" \/>\n\t<meta name=\"twitter:label2\" content=\"Tempo di lettura stimato\" \/>\n\t<meta name=\"twitter:data2\" content=\"2 minuti\" \/>","yoast_head_json":{"title":"Sardine, il velo islamico \u00e8 il vero male: parla una donna musulmana","description":"Sardine il velo \u00e8 il vero male: Atussa Tabrizi in una lettera al movimento spiega le ragioni delle sue crtitiche, oppressione e libert\u00e0 lei le conosce bene","robots":{"index":"index","follow":"follow","max-snippet":"max-snippet:-1","max-image-preview":"max-image-preview:large","max-video-preview":"max-video-preview:-1"},"canonical":"https:\/\/www.adirai.it\/politica\/sardine-il-velo-islamico-e-il-vero-male-parla-una-donna-musulmana\/","og_locale":"it_IT","og_type":"article","og_title":"Sardine, il velo islamico \u00e8 il vero male: parla una donna musulmana","og_description":"Sardine il velo \u00e8 il vero male: Atussa Tabrizi in una lettera al movimento spiega le ragioni delle sue crtitiche, oppressione e libert\u00e0 lei le conosce bene","og_url":"https:\/\/www.adirai.it\/politica\/sardine-il-velo-islamico-e-il-vero-male-parla-una-donna-musulmana\/","og_site_name":"Adirai Notizie","article_published_time":"2019-12-23T17:10:05+00:00","article_modified_time":"2019-12-23T17:10:06+00:00","og_image":[{"width":1200,"height":675,"url":"https:\/\/www.adirai.it\/media\/2019\/12\/sardine-velo-islamico.jpg","type":"image\/jpeg"}],"author":"Adirai Italia","twitter_card":"summary_large_image","twitter_creator":"@AdiraiIt","twitter_site":"@AdiraiIt","twitter_misc":{"Scritto da":"Adirai Italia","Tempo di lettura stimato":"2 minuti"},"schema":{"@context":"https:\/\/schema.org","@graph":[{"@type":"Article","@id":"https:\/\/www.adirai.it\/politica\/sardine-il-velo-islamico-e-il-vero-male-parla-una-donna-musulmana\/#article","isPartOf":{"@id":"https:\/\/www.adirai.it\/politica\/sardine-il-velo-islamico-e-il-vero-male-parla-una-donna-musulmana\/"},"author":{"name":"Adirai Italia","@id":"https:\/\/www.adirai.it\/#\/schema\/person\/a5f58f133c7b98c534f588d596d78734"},"headline":"Sardine, il velo islamico \u00e8 il vero male: parla una donna musulmana","datePublished":"2019-12-23T17:10:05+00:00","dateModified":"2019-12-23T17:10:06+00:00","mainEntityOfPage":{"@id":"https:\/\/www.adirai.it\/politica\/sardine-il-velo-islamico-e-il-vero-male-parla-una-donna-musulmana\/"},"wordCount":473,"publisher":{"@id":"https:\/\/www.adirai.it\/#organization"},"keywords":["Donne musulmane","in Italia","Movimento delle Sardine","Velo islamico"],"articleSection":["Politica"],"inLanguage":"it-IT"},{"@type":"WebPage","@id":"https:\/\/www.adirai.it\/politica\/sardine-il-velo-islamico-e-il-vero-male-parla-una-donna-musulmana\/","url":"https:\/\/www.adirai.it\/politica\/sardine-il-velo-islamico-e-il-vero-male-parla-una-donna-musulmana\/","name":"Sardine, il velo islamico \u00e8 il vero male: parla una donna musulmana","isPartOf":{"@id":"https:\/\/www.adirai.it\/#website"},"datePublished":"2019-12-23T17:10:05+00:00","dateModified":"2019-12-23T17:10:06+00:00","description":"Sardine il velo \u00e8 il vero male: Atussa Tabrizi in una lettera al movimento spiega le ragioni delle sue crtitiche, oppressione e libert\u00e0 lei le conosce bene","breadcrumb":{"@id":"https:\/\/www.adirai.it\/politica\/sardine-il-velo-islamico-e-il-vero-male-parla-una-donna-musulmana\/#breadcrumb"},"inLanguage":"it-IT","potentialAction":[{"@type":"ReadAction","target":["https:\/\/www.adirai.it\/politica\/sardine-il-velo-islamico-e-il-vero-male-parla-una-donna-musulmana\/"]}]},{"@type":"BreadcrumbList","@id":"https:\/\/www.adirai.it\/politica\/sardine-il-velo-islamico-e-il-vero-male-parla-una-donna-musulmana\/#breadcrumb","itemListElement":[{"@type":"ListItem","position":1,"name":"Home","item":"https:\/\/www.adirai.it\/"},{"@type":"ListItem","position":2,"name":"Sardine, il velo islamico \u00e8 il vero male: parla una donna musulmana"}]},{"@type":"WebSite","@id":"https:\/\/www.adirai.it\/#website","url":"https:\/\/www.adirai.it\/","name":"Adirai Notizie","description":"","publisher":{"@id":"https:\/\/www.adirai.it\/#organization"},"potentialAction":[{"@type":"SearchAction","target":{"@type":"EntryPoint","urlTemplate":"https:\/\/www.adirai.it\/?s={search_term_string}"},"query-input":"required name=search_term_string"}],"inLanguage":"it-IT"},{"@type":"Organization","@id":"https:\/\/www.adirai.it\/#organization","name":"Adirai Notizie","url":"https:\/\/www.adirai.it\/","logo":{"@type":"ImageObject","inLanguage":"it-IT","@id":"https:\/\/www.adirai.it\/#\/schema\/logo\/image\/","url":"https:\/\/www.adirai.it\/media\/2019\/08\/adirai-logo.jpg","contentUrl":"https:\/\/www.adirai.it\/media\/2019\/08\/adirai-logo.jpg","width":600,"height":600,"caption":"Adirai Notizie"},"image":{"@id":"https:\/\/www.adirai.it\/#\/schema\/logo\/image\/"},"sameAs":["https:\/\/twitter.com\/AdiraiIt"]},{"@type":"Person","@id":"https:\/\/www.adirai.it\/#\/schema\/person\/a5f58f133c7b98c534f588d596d78734","name":"Adirai Italia","image":{"@type":"ImageObject","inLanguage":"it-IT","@id":"https:\/\/www.adirai.it\/#\/schema\/person\/image\/","url":"https:\/\/secure.gravatar.com\/avatar\/6b3b05aeab69cd7245f16ead3dd76a3d?s=96&d=mm&r=g","contentUrl":"https:\/\/secure.gravatar.com\/avatar\/6b3b05aeab69cd7245f16ead3dd76a3d?s=96&d=mm&r=g","caption":"Adirai Italia"},"sameAs":["https:\/\/www.adirai.it\/"]}]}},"post_mailing_queue_ids":[],"_links":{"self":[{"href":"https:\/\/www.adirai.it\/api\/wp\/v2\/posts\/8687"}],"collection":[{"href":"https:\/\/www.adirai.it\/api\/wp\/v2\/posts"}],"about":[{"href":"https:\/\/www.adirai.it\/api\/wp\/v2\/types\/post"}],"author":[{"embeddable":true,"href":"https:\/\/www.adirai.it\/api\/wp\/v2\/users\/2"}],"replies":[{"embeddable":true,"href":"https:\/\/www.adirai.it\/api\/wp\/v2\/comments?post=8687"}],"version-history":[{"count":0,"href":"https:\/\/www.adirai.it\/api\/wp\/v2\/posts\/8687\/revisions"}],"wp:featuredmedia":[{"embeddable":true,"href":"https:\/\/www.adirai.it\/api\/wp\/v2\/media\/8709"}],"wp:attachment":[{"href":"https:\/\/www.adirai.it\/api\/wp\/v2\/media?parent=8687"}],"wp:term":[{"taxonomy":"category","embeddable":true,"href":"https:\/\/www.adirai.it\/api\/wp\/v2\/categories?post=8687"},{"taxonomy":"post_tag","embeddable":true,"href":"https:\/\/www.adirai.it\/api\/wp\/v2\/tags?post=8687"}],"curies":[{"name":"wp","href":"https:\/\/api.w.org\/{rel}","templated":true}]}}