{"id":8560,"date":"2019-12-20T17:36:20","date_gmt":"2019-12-20T16:36:20","guid":{"rendered":"https:\/\/www.adirai.it\/?p=8560"},"modified":"2019-12-20T17:36:22","modified_gmt":"2019-12-20T16:36:22","slug":"il-movimento-delle-sardine-entra-in-politica-lettera-a-repubblica","status":"publish","type":"post","link":"https:\/\/www.adirai.it\/politica\/il-movimento-delle-sardine-entra-in-politica-lettera-a-repubblica\/","title":{"rendered":"Il Movimento delle Sardine entra in politica? Lettera a Repubblica"},"content":{"rendered":"\n<h1>Il Movimento delle Sardine entra in politica? Lettera a Repubblica<\/h1>\n\n\n\n<figure class=\"wp-block-image size-full imgpost\"><img decoding=\"async\" loading=\"lazy\" width=\"1200\" height=\"675\" src=\"https:\/\/www.adirai.it\/media\/2019\/12\/il-movimento-delle-sardine.jpg\" alt=\"il movimento delle sardine\" class=\"wp-image-8564\" srcset=\"https:\/\/www.adirai.it\/media\/2019\/12\/il-movimento-delle-sardine.jpg 1200w, https:\/\/www.adirai.it\/media\/2019\/12\/il-movimento-delle-sardine-300x169.jpg 300w, https:\/\/www.adirai.it\/media\/2019\/12\/il-movimento-delle-sardine-720x405.jpg 720w, https:\/\/www.adirai.it\/media\/2019\/12\/il-movimento-delle-sardine-768x432.jpg 768w, https:\/\/www.adirai.it\/media\/2019\/12\/il-movimento-delle-sardine-220x124.jpg 220w, https:\/\/www.adirai.it\/media\/2019\/12\/il-movimento-delle-sardine-360x203.jpg 360w, https:\/\/www.adirai.it\/media\/2019\/12\/il-movimento-delle-sardine-160x90.jpg 160w\" sizes=\"(max-width: 1200px) 100vw, 1200px\" \/><\/figure>\n\n\n\n<p><strong>Il movimento delle sardine \u00e8 destinato a diventare presto un partito politico?<\/strong> Per i profeti della &#8220;buona politica&#8221; le Sardine sono destinate solo a <em>restare nelle piazze dove sono nate<\/em>. <strong>I quattro fondatori del movimento delle sardine spiegano in una lettera a <em>La Repubblica<\/em><\/strong> cosa vuol dire per loro entrare in politica.<\/p>\n\n\n\n\n\n\n\n<h2>Movimento delle Sardine e Politica: Lettera a Repubblica<\/h2>\n\n\n\n<p><strong>Il movimento delle sardine e la politica<\/strong>. &#8220;La pentola era pronta per scoppiare, le sardine le hanno permesso semplicemente di fischiare. <strong>L\u2019Italia \u00e8 nel mezzo di una rivolta popolare pacifica che non ha precedenti negli ultimi decenni.<\/strong> Chi cercher\u00e0 di osteggiarla sentir\u00e0 solo pi\u00f9 acuto il fischio, chi tenter\u00e0 di cavalcarla rimarr\u00e0 deluso&#8221;. In queste poche righe il riassunto di quello che \u00e8 il concetto delle sardine con la politica; <strong>il movimento di sardine serve a protestare, non diventer\u00e0 un partito, non pu\u00f2.<\/strong><\/p>\n\n\n\n<p>I quattro fondatori delle Sardine &#8211; <strong>Andrea Garreffa, Roberto Morotti, Mattia Santori e Giulia Trappoloni<\/strong> &#8211;\u00a0<a rel=\"noreferrer nofollow noopener\" href=\"https:\/\/www.repubblica.it\/politica\/2019\/12\/20\/news\/sardine_bologna_piazza_maggiore_piazza_san_giovanni-243899533\/?ref=RHPPLF-BH-I0-C8-P2-S1.8-T1\" target=\"_blank\">in una lettera a Repubblica<\/a> specificano ogni dettaglio a riguardo.<\/p>\n\n\n\n<p class=\"has-background has-very-light-gray-background-color\">&#8220;<strong>La forma stessa di un partito sarebbe un oltraggio a ci\u00f2 che \u00e8 stato e che potrebbe essere.<\/strong> E non perch\u00e9 i partiti siano sbagliati, ma perch\u00e9 veniamo da una pentola e non \u00e8 l\u00ec che vogliamo tornare.&#8221;<\/p>\n\n\n\n<p>Queste sono solo alcune delle parole citate dalla <strong>lettera a Repubblica<\/strong>.<\/p>\n\n\n\n<h2>Il movimento delle 6000 Sardine resta in piazza<\/h2>\n\n\n\n<p><em>Il movimento delle sardine<\/em> &#8211; <strong>Questi ragazzi vogliono essere semplicemente liberi; da chi (?), da cosa (?) ce lo dobbiamo scoprire da soli<\/strong>: &#8220;Chiedere che cornice dare a una rivolta \u00e8 come mettere confini al mare. Noi ci chiediamo ogni giorno come fare, e <strong>ci sentiamo ridicoli, inadatti e impreparati<\/strong>&#8230; ma finalmente liberi&#8221; la saggezza \u00e8 calata su di loro, anche se solo per 6 parole.<\/p>\n\n\n\n<p>I quattro ragazzi scrivono nella lettera a Repubblica; &#8220;<strong>l&#8217;unica certezza che abbiamo \u00e8<\/strong> che siamo stati sdraiati per troppo tempo. E che ora <strong>abbiamo bisogno di nuotare<\/strong>&#8220;.<\/p>\n\n\n\n<p><strong>Le metafore sul mare e il pesce gli piacciono tanto<\/strong>, ma ne abusano fino a perdere quello che \u00e8 il senso dei loro concetti; &#8220;<em>bisogno di nuotare<\/em>&#8220;, &#8220;<em>siamo stati sdraiati per troppo tempo<\/em>&#8220;, &#8220;<strong><em>veniamo da una pentola<\/em><\/strong>&#8220;, &#8220;<em>le sardine hanno permesso alla pentola di fischiare<\/em>&#8220;.<\/p>\n\n\n\n<h2>L&#8217;unione fa la forza: Sardine in piazza<\/h2>\n\n\n\n<p><em>Il movimento delle sardine<\/em> &#8211; Dalla manifestazione del <strong>14 novembre a Bologna<\/strong> a quella del <strong>14 dicembre in piazza San Giovanni a Roma<\/strong> \u00e8 passato un mese e i numeri sono decuplicati; <strong>6000 sardine a Bologna, 100.000 sardine a Roma<\/strong>. Su questo i ragazzi fanno i modesti:<\/p>\n\n\n\n<p>&#8220;<strong>Siamo quattro trentenni come ce ne sono tanti in Italia.<\/strong> Il processo che abbiamo contribuito a creare sar\u00e0 lungo ma intanto \u00e8 iniziato. E per quanto possiamo essere qualcuno all&#8217;interno delle piazze, dei nostri collettivi e dei nostri circoli, non siamo nessuno all&#8217;interno di questo processo&#8221;.<\/p>\n\n\n\n<p>Poi una crisi d&#8217;identit\u00e0: &#8220;<strong>Le sardine non esistono, non sono mai esistite. Sono state solo un pretesto.<\/strong> Potevano essere storioni, salmoni o stambecchi. La verit\u00e0 \u00e8 che la pentola era pronta per scoppiare. Poteva farlo e lasciare tutti scottati. Per fortuna le sardine le hanno permesso semplicemente di fischiare&#8221;.<\/p>\n\n\n\n<p>I 4 leader delle Sardine infine ricordano a tutti che <em>l&#8217;unione fa la forza<\/em> e, a prescindere dai colori politici, questo \u00e8 un bellissimo <strong>messaggio con il quale non possiamo non concordare<\/strong>;<\/p>\n\n\n\n<p>&#8220;Non \u00e8 stato grazie a noi, n\u00e9 tanto meno a chi ha organizzato le piazze dopo di noi. \u00c8 stato grazie a un bisogno condiviso di tornare a sentirsi liberi. <strong>Liberi di esprimere pacificamente un pensiero e di farlo con il corpo, contro ogni tentativo di manipolazione imposto<\/strong> dai tunnel solipsistici dei social media. &#8211; e aggiungono &#8211; La condivisione dello stesso male ci ha resi alleati coesi, ha unito il fronte.&#8221;<\/p>\n\n\n\n<p><strong>CONDIVIDI le ultime news su il movimento delle sardine.<\/strong><\/p>\n","protected":false},"excerpt":{"rendered":"<p>Il Movimento delle Sardine entra in politica? Lettera a Repubblica Il movimento delle sardine \u00e8 destinato a diventare presto un partito politico? Per i profeti della &#8220;buona politica&#8221; le Sardine sono destinate solo a restare nelle piazze dove sono nate. I quattro fondatori del movimento delle sardine spiegano in una lettera a La Repubblica cosa [&hellip;]<\/p>\n","protected":false},"author":2,"featured_media":8564,"comment_status":"closed","ping_status":"closed","sticky":false,"template":"","format":"standard","meta":[],"categories":[2],"tags":[435,255,437],"yoast_head":"<title>Il Movimento delle Sardine entra in politica? Lettera a Repubblica<\/title>\n<meta name=\"robots\" content=\"index, follow, max-snippet:-1, max-image-preview:large, max-video-preview:-1\" \/>\n<link rel=\"canonical\" href=\"https:\/\/www.adirai.it\/politica\/il-movimento-delle-sardine-entra-in-politica-lettera-a-repubblica\/\" \/>\n<meta property=\"og:locale\" content=\"it_IT\" \/>\n<meta property=\"og:type\" content=\"article\" \/>\n<meta property=\"og:title\" content=\"Il Movimento delle Sardine entra in politica? Lettera a Repubblica\" \/>\n<meta property=\"og:description\" content=\"Il Movimento delle Sardine entra in politica? Lettera a Repubblica Il movimento delle sardine \u00e8 destinato a diventare presto un partito politico? Per i profeti della &#8220;buona politica&#8221; le Sardine sono destinate solo a restare nelle piazze dove sono nate. I quattro fondatori del movimento delle sardine spiegano in una lettera a La Repubblica cosa [&hellip;]\" \/>\n<meta property=\"og:url\" content=\"https:\/\/www.adirai.it\/politica\/il-movimento-delle-sardine-entra-in-politica-lettera-a-repubblica\/\" \/>\n<meta property=\"og:site_name\" content=\"Adirai Notizie\" \/>\n<meta property=\"article:published_time\" content=\"2019-12-20T16:36:20+00:00\" \/>\n<meta property=\"article:modified_time\" content=\"2019-12-20T16:36:22+00:00\" \/>\n<meta property=\"og:image\" content=\"https:\/\/www.adirai.it\/media\/2019\/12\/il-movimento-delle-sardine.jpg\" \/>\n\t<meta property=\"og:image:width\" content=\"1200\" \/>\n\t<meta property=\"og:image:height\" content=\"675\" \/>\n\t<meta property=\"og:image:type\" content=\"image\/jpeg\" \/>\n<meta name=\"author\" content=\"Adirai Italia\" \/>\n<meta name=\"twitter:card\" content=\"summary_large_image\" \/>\n<meta name=\"twitter:creator\" content=\"@AdiraiIt\" \/>\n<meta name=\"twitter:site\" content=\"@AdiraiIt\" \/>\n<meta name=\"twitter:label1\" content=\"Scritto da\" \/>\n\t<meta name=\"twitter:data1\" content=\"Adirai Italia\" \/>\n\t<meta name=\"twitter:label2\" content=\"Tempo di lettura stimato\" \/>\n\t<meta name=\"twitter:data2\" content=\"3 minuti\" \/>","yoast_head_json":{"title":"Il Movimento delle Sardine entra in politica? Lettera a Repubblica","robots":{"index":"index","follow":"follow","max-snippet":"max-snippet:-1","max-image-preview":"max-image-preview:large","max-video-preview":"max-video-preview:-1"},"canonical":"https:\/\/www.adirai.it\/politica\/il-movimento-delle-sardine-entra-in-politica-lettera-a-repubblica\/","og_locale":"it_IT","og_type":"article","og_title":"Il Movimento delle Sardine entra in politica? Lettera a Repubblica","og_description":"Il Movimento delle Sardine entra in politica? Lettera a Repubblica Il movimento delle sardine \u00e8 destinato a diventare presto un partito politico? Per i profeti della &#8220;buona politica&#8221; le Sardine sono destinate solo a restare nelle piazze dove sono nate. I quattro fondatori del movimento delle sardine spiegano in una lettera a La Repubblica cosa [&hellip;]","og_url":"https:\/\/www.adirai.it\/politica\/il-movimento-delle-sardine-entra-in-politica-lettera-a-repubblica\/","og_site_name":"Adirai Notizie","article_published_time":"2019-12-20T16:36:20+00:00","article_modified_time":"2019-12-20T16:36:22+00:00","og_image":[{"width":1200,"height":675,"url":"https:\/\/www.adirai.it\/media\/2019\/12\/il-movimento-delle-sardine.jpg","type":"image\/jpeg"}],"author":"Adirai Italia","twitter_card":"summary_large_image","twitter_creator":"@AdiraiIt","twitter_site":"@AdiraiIt","twitter_misc":{"Scritto da":"Adirai Italia","Tempo di lettura stimato":"3 minuti"},"schema":{"@context":"https:\/\/schema.org","@graph":[{"@type":"Article","@id":"https:\/\/www.adirai.it\/politica\/il-movimento-delle-sardine-entra-in-politica-lettera-a-repubblica\/#article","isPartOf":{"@id":"https:\/\/www.adirai.it\/politica\/il-movimento-delle-sardine-entra-in-politica-lettera-a-repubblica\/"},"author":{"name":"Adirai Italia","@id":"https:\/\/www.adirai.it\/#\/schema\/person\/a5f58f133c7b98c534f588d596d78734"},"headline":"Il Movimento delle Sardine entra in politica? Lettera a Repubblica","datePublished":"2019-12-20T16:36:20+00:00","dateModified":"2019-12-20T16:36:22+00:00","mainEntityOfPage":{"@id":"https:\/\/www.adirai.it\/politica\/il-movimento-delle-sardine-entra-in-politica-lettera-a-repubblica\/"},"wordCount":629,"publisher":{"@id":"https:\/\/www.adirai.it\/#organization"},"keywords":["6000 Sardine","Movimento delle Sardine","Sardine Lettera a Repubblica"],"articleSection":["Politica"],"inLanguage":"it-IT"},{"@type":"WebPage","@id":"https:\/\/www.adirai.it\/politica\/il-movimento-delle-sardine-entra-in-politica-lettera-a-repubblica\/","url":"https:\/\/www.adirai.it\/politica\/il-movimento-delle-sardine-entra-in-politica-lettera-a-repubblica\/","name":"Il Movimento delle Sardine entra in politica? Lettera a Repubblica","isPartOf":{"@id":"https:\/\/www.adirai.it\/#website"},"datePublished":"2019-12-20T16:36:20+00:00","dateModified":"2019-12-20T16:36:22+00:00","breadcrumb":{"@id":"https:\/\/www.adirai.it\/politica\/il-movimento-delle-sardine-entra-in-politica-lettera-a-repubblica\/#breadcrumb"},"inLanguage":"it-IT","potentialAction":[{"@type":"ReadAction","target":["https:\/\/www.adirai.it\/politica\/il-movimento-delle-sardine-entra-in-politica-lettera-a-repubblica\/"]}]},{"@type":"BreadcrumbList","@id":"https:\/\/www.adirai.it\/politica\/il-movimento-delle-sardine-entra-in-politica-lettera-a-repubblica\/#breadcrumb","itemListElement":[{"@type":"ListItem","position":1,"name":"Home","item":"https:\/\/www.adirai.it\/"},{"@type":"ListItem","position":2,"name":"Il Movimento delle Sardine entra in politica? Lettera a Repubblica"}]},{"@type":"WebSite","@id":"https:\/\/www.adirai.it\/#website","url":"https:\/\/www.adirai.it\/","name":"Adirai Notizie","description":"","publisher":{"@id":"https:\/\/www.adirai.it\/#organization"},"potentialAction":[{"@type":"SearchAction","target":{"@type":"EntryPoint","urlTemplate":"https:\/\/www.adirai.it\/?s={search_term_string}"},"query-input":"required name=search_term_string"}],"inLanguage":"it-IT"},{"@type":"Organization","@id":"https:\/\/www.adirai.it\/#organization","name":"Adirai Notizie","url":"https:\/\/www.adirai.it\/","logo":{"@type":"ImageObject","inLanguage":"it-IT","@id":"https:\/\/www.adirai.it\/#\/schema\/logo\/image\/","url":"https:\/\/www.adirai.it\/media\/2019\/08\/adirai-logo.jpg","contentUrl":"https:\/\/www.adirai.it\/media\/2019\/08\/adirai-logo.jpg","width":600,"height":600,"caption":"Adirai Notizie"},"image":{"@id":"https:\/\/www.adirai.it\/#\/schema\/logo\/image\/"},"sameAs":["https:\/\/twitter.com\/AdiraiIt"]},{"@type":"Person","@id":"https:\/\/www.adirai.it\/#\/schema\/person\/a5f58f133c7b98c534f588d596d78734","name":"Adirai Italia","image":{"@type":"ImageObject","inLanguage":"it-IT","@id":"https:\/\/www.adirai.it\/#\/schema\/person\/image\/","url":"https:\/\/secure.gravatar.com\/avatar\/6b3b05aeab69cd7245f16ead3dd76a3d?s=96&d=mm&r=g","contentUrl":"https:\/\/secure.gravatar.com\/avatar\/6b3b05aeab69cd7245f16ead3dd76a3d?s=96&d=mm&r=g","caption":"Adirai Italia"},"sameAs":["https:\/\/www.adirai.it\/"]}]}},"post_mailing_queue_ids":[],"_links":{"self":[{"href":"https:\/\/www.adirai.it\/api\/wp\/v2\/posts\/8560"}],"collection":[{"href":"https:\/\/www.adirai.it\/api\/wp\/v2\/posts"}],"about":[{"href":"https:\/\/www.adirai.it\/api\/wp\/v2\/types\/post"}],"author":[{"embeddable":true,"href":"https:\/\/www.adirai.it\/api\/wp\/v2\/users\/2"}],"replies":[{"embeddable":true,"href":"https:\/\/www.adirai.it\/api\/wp\/v2\/comments?post=8560"}],"version-history":[{"count":0,"href":"https:\/\/www.adirai.it\/api\/wp\/v2\/posts\/8560\/revisions"}],"wp:featuredmedia":[{"embeddable":true,"href":"https:\/\/www.adirai.it\/api\/wp\/v2\/media\/8564"}],"wp:attachment":[{"href":"https:\/\/www.adirai.it\/api\/wp\/v2\/media?parent=8560"}],"wp:term":[{"taxonomy":"category","embeddable":true,"href":"https:\/\/www.adirai.it\/api\/wp\/v2\/categories?post=8560"},{"taxonomy":"post_tag","embeddable":true,"href":"https:\/\/www.adirai.it\/api\/wp\/v2\/tags?post=8560"}],"curies":[{"name":"wp","href":"https:\/\/api.w.org\/{rel}","templated":true}]}}