{"id":8200,"date":"2019-12-17T19:07:09","date_gmt":"2019-12-17T18:07:09","guid":{"rendered":"https:\/\/www.adirai.it\/?p=8200"},"modified":"2019-12-17T19:07:11","modified_gmt":"2019-12-17T18:07:11","slug":"reddito-di-cittadinanza-spetta-la-tredicesima-assegno-anticipato","status":"publish","type":"post","link":"https:\/\/www.adirai.it\/economia\/reddito-di-cittadinanza-spetta-la-tredicesima-assegno-anticipato\/","title":{"rendered":"Reddito di cittadinanza spetta la tredicesima? Assegno anticipato"},"content":{"rendered":"\n<h1>Reddito di cittadinanza spetta la tredicesima? Assegno anticipato<\/h1>\n\n\n\n<figure class=\"wp-block-image size-full imgpost\"><img decoding=\"async\" loading=\"lazy\" width=\"1200\" height=\"675\" src=\"https:\/\/www.adirai.it\/media\/2019\/12\/reddito-di-cittadinanza-spetta-la-tredicesima-2019.jpg\" alt=\"reddito di cittadinanza spetta la tredicesima 2019\" class=\"wp-image-8217\" srcset=\"https:\/\/www.adirai.it\/media\/2019\/12\/reddito-di-cittadinanza-spetta-la-tredicesima-2019.jpg 1200w, https:\/\/www.adirai.it\/media\/2019\/12\/reddito-di-cittadinanza-spetta-la-tredicesima-2019-300x169.jpg 300w, https:\/\/www.adirai.it\/media\/2019\/12\/reddito-di-cittadinanza-spetta-la-tredicesima-2019-720x405.jpg 720w, https:\/\/www.adirai.it\/media\/2019\/12\/reddito-di-cittadinanza-spetta-la-tredicesima-2019-768x432.jpg 768w, https:\/\/www.adirai.it\/media\/2019\/12\/reddito-di-cittadinanza-spetta-la-tredicesima-2019-220x124.jpg 220w, https:\/\/www.adirai.it\/media\/2019\/12\/reddito-di-cittadinanza-spetta-la-tredicesima-2019-360x203.jpg 360w, https:\/\/www.adirai.it\/media\/2019\/12\/reddito-di-cittadinanza-spetta-la-tredicesima-2019-160x90.jpg 160w\" sizes=\"(max-width: 1200px) 100vw, 1200px\" \/><\/figure>\n\n\n\n<p><strong>Reddito di cittadinanza spetta la tredicesima?<\/strong> No, con il <em>reddito di cittadinanza tredicesima<\/em> non si vede, ma c&#8217;\u00e8 l&#8217;<em>assegno anticipato<\/em>! Che cosa vuol dire? Significa che i <strong>percettori del RdC<\/strong> a dicembre non riceveranno la <em>tredicesima mensilit\u00e0<\/em> ma l&#8217;<strong>INPS comunica che<\/strong> un agevolazione nel pagamento dell&#8217;<strong>assegno RdC<\/strong> ci sar\u00e0.<\/p>\n\n\n\n\n\n\n\n<h2>Reddito di cittadinanza: Spetta la tredicesima?<\/h2>\n\n\n\n<p><strong><em>Reddito di cittadinanza: Spetta la tredicesima?<\/em><\/strong> &#8211; Se anche tu sei percettore del RdC e ti stai chiedendo se il Reddito di Cittadinanza ha la tredicesima oppure no la risposta \u00e8 NO. <strong>Non \u00e8 previsto dall&#8217;INPS nessun doppio pagamento per il mese di dicembre,<\/strong> non c&#8217;\u00e8 la tredicesima.<\/p>\n\n\n\n<p><strong>La tredicesima mensilit\u00e0 non spetta ai percettori del Reddito di Cittadinanza<\/strong>, e nemmeno a:<\/p>\n\n\n\n<ul><li>lavoratori parasubordinati con\u00a0contratto co.co.co.,<\/li><li>lavoratori a\u00a0progetto,<\/li><li>e lavoratori autonomi.<\/li><\/ul>\n\n\n\n<h2>Perch\u00e8 il Reddito di cittadinanza non ha la Tredicesima?<\/h2>\n\n\n\n<p><strong>Perch\u00e9 il RdC non ha la tredicesima mensilit\u00e0?<\/strong> Come ogni lavoratore sa, o dovrebbe sapere, la tredicesima viene maturata nel corso dell&#8217;anno in base allo stipendio base per la prestazione lavorativa effettuata regolarmente.<\/p>\n\n\n\n<p>Vedi anche: <a href=\"https:\/\/www.adirai.it\/economia\/calcolo-tredicesima-mensilita-2019-colf-e-badante-come-si-calcola\/\">come si calcola la tredicesima per colf e badanti?<\/a><\/p>\n\n\n\n<p>Quindi la vera domanda dovrebbe essere: <strong>Perch\u00e9 il Reddito di Cittadinanza dovrebbe prevedere la tredicesima mensilit\u00e0?<\/strong> Ricordate bene che la nonna diceva che <em>chi troppo vuole, nulla stringe!<\/em> C&#8217;\u00e8 comunque un agevolamento da parte dell&#8217;INPS per il mese di dicembre.<\/p>\n\n\n\n<h2>Assegno RdC con pagamento anticipato a dicembre<\/h2>\n\n\n\n<p>La <strong>novit\u00e0 sul Reddito di Cittadinanza<\/strong> \u00e8 la <strong>data di pagamento del mese di dicembre 2019<\/strong>. Normalmente i percettori ricevono l&#8217;assegno entro il 27 del mese dall&#8217;INPS, ma per questo mese speciale <strong>(perch\u00e9 c&#8217;\u00e8 il Natale) il pagamento \u00e8 anticipato.<\/strong><\/p>\n\n\n\n<blockquote class=\"wp-block-quote\"><p>L&#8217;Istituto sta lavorando affinch\u00e9 nel mese di dicembre, vista la prossimit\u00e0 delle feste natalizie, <strong>l&#8217;accredito della ricarica possa essere anticipato qualche giorno prima<\/strong>.<\/p><\/blockquote>\n\n\n\n<p><strong>CONDIVIDI le ultime novit\u00e0 per chi percepisce il reddito di cittadinanza.<\/strong><\/p>\n","protected":false},"excerpt":{"rendered":"<p>Reddito di cittadinanza spetta la tredicesima? Assegno anticipato Reddito di cittadinanza spetta la tredicesima? No, con il reddito di cittadinanza tredicesima non si vede, ma c&#8217;\u00e8 l&#8217;assegno anticipato! Che cosa vuol dire? Significa che i percettori del RdC a dicembre non riceveranno la tredicesima mensilit\u00e0 ma l&#8217;INPS comunica che un agevolazione nel pagamento dell&#8217;assegno RdC [&hellip;]<\/p>\n","protected":false},"author":1,"featured_media":8217,"comment_status":"closed","ping_status":"closed","sticky":false,"template":"","format":"standard","meta":[],"categories":[3],"tags":[25,38,284],"yoast_head":"<title>Reddito di cittadinanza spetta la tredicesima? Assegno anticipato<\/title>\n<meta name=\"description\" content=\"Reddito di Cittadinanza spetta la tredicesima? La risposta e la motivazione in questo articolo ricarica pagamento INPS anticipata a dicembre\" \/>\n<meta name=\"robots\" content=\"index, follow, max-snippet:-1, max-image-preview:large, max-video-preview:-1\" \/>\n<link rel=\"canonical\" href=\"https:\/\/www.adirai.it\/economia\/reddito-di-cittadinanza-spetta-la-tredicesima-assegno-anticipato\/\" \/>\n<meta property=\"og:locale\" content=\"it_IT\" \/>\n<meta property=\"og:type\" content=\"article\" \/>\n<meta property=\"og:title\" content=\"Reddito di cittadinanza spetta la tredicesima? Assegno anticipato\" \/>\n<meta property=\"og:description\" content=\"Reddito di Cittadinanza spetta la tredicesima? La risposta e la motivazione in questo articolo ricarica pagamento INPS anticipata a dicembre\" \/>\n<meta property=\"og:url\" content=\"https:\/\/www.adirai.it\/economia\/reddito-di-cittadinanza-spetta-la-tredicesima-assegno-anticipato\/\" \/>\n<meta property=\"og:site_name\" content=\"Adirai Notizie\" \/>\n<meta property=\"article:published_time\" content=\"2019-12-17T18:07:09+00:00\" \/>\n<meta property=\"article:modified_time\" content=\"2019-12-17T18:07:11+00:00\" \/>\n<meta property=\"og:image\" content=\"https:\/\/www.adirai.it\/media\/2019\/12\/reddito-di-cittadinanza-spetta-la-tredicesima-2019.jpg\" \/>\n\t<meta property=\"og:image:width\" content=\"1200\" \/>\n\t<meta property=\"og:image:height\" content=\"675\" \/>\n\t<meta property=\"og:image:type\" content=\"image\/jpeg\" \/>\n<meta name=\"author\" content=\"Adirai Italia\" \/>\n<meta name=\"twitter:card\" content=\"summary_large_image\" \/>\n<meta name=\"twitter:creator\" content=\"@AdiraiIt\" \/>\n<meta name=\"twitter:site\" content=\"@AdiraiIt\" \/>\n<meta name=\"twitter:label1\" content=\"Scritto da\" \/>\n\t<meta name=\"twitter:data1\" content=\"Adirai Italia\" \/>\n\t<meta name=\"twitter:label2\" content=\"Tempo di lettura stimato\" \/>\n\t<meta name=\"twitter:data2\" content=\"2 minuti\" \/>","yoast_head_json":{"title":"Reddito di cittadinanza spetta la tredicesima? Assegno anticipato","description":"Reddito di Cittadinanza spetta la tredicesima? La risposta e la motivazione in questo articolo ricarica pagamento INPS anticipata a dicembre","robots":{"index":"index","follow":"follow","max-snippet":"max-snippet:-1","max-image-preview":"max-image-preview:large","max-video-preview":"max-video-preview:-1"},"canonical":"https:\/\/www.adirai.it\/economia\/reddito-di-cittadinanza-spetta-la-tredicesima-assegno-anticipato\/","og_locale":"it_IT","og_type":"article","og_title":"Reddito di cittadinanza spetta la tredicesima? Assegno anticipato","og_description":"Reddito di Cittadinanza spetta la tredicesima? La risposta e la motivazione in questo articolo ricarica pagamento INPS anticipata a dicembre","og_url":"https:\/\/www.adirai.it\/economia\/reddito-di-cittadinanza-spetta-la-tredicesima-assegno-anticipato\/","og_site_name":"Adirai Notizie","article_published_time":"2019-12-17T18:07:09+00:00","article_modified_time":"2019-12-17T18:07:11+00:00","og_image":[{"width":1200,"height":675,"url":"https:\/\/www.adirai.it\/media\/2019\/12\/reddito-di-cittadinanza-spetta-la-tredicesima-2019.jpg","type":"image\/jpeg"}],"author":"Adirai Italia","twitter_card":"summary_large_image","twitter_creator":"@AdiraiIt","twitter_site":"@AdiraiIt","twitter_misc":{"Scritto da":"Adirai Italia","Tempo di lettura stimato":"2 minuti"},"schema":{"@context":"https:\/\/schema.org","@graph":[{"@type":"Article","@id":"https:\/\/www.adirai.it\/economia\/reddito-di-cittadinanza-spetta-la-tredicesima-assegno-anticipato\/#article","isPartOf":{"@id":"https:\/\/www.adirai.it\/economia\/reddito-di-cittadinanza-spetta-la-tredicesima-assegno-anticipato\/"},"author":{"name":"Adirai Italia","@id":"https:\/\/www.adirai.it\/#\/schema\/person\/c2e689ea05604dcd582e7ad50aa88fbf"},"headline":"Reddito di cittadinanza spetta la tredicesima? Assegno anticipato","datePublished":"2019-12-17T18:07:09+00:00","dateModified":"2019-12-17T18:07:11+00:00","mainEntityOfPage":{"@id":"https:\/\/www.adirai.it\/economia\/reddito-di-cittadinanza-spetta-la-tredicesima-assegno-anticipato\/"},"wordCount":324,"publisher":{"@id":"https:\/\/www.adirai.it\/#organization"},"keywords":["INPS","Reddito di cittadinanza","Tredicesima"],"articleSection":["Economia"],"inLanguage":"it-IT"},{"@type":"WebPage","@id":"https:\/\/www.adirai.it\/economia\/reddito-di-cittadinanza-spetta-la-tredicesima-assegno-anticipato\/","url":"https:\/\/www.adirai.it\/economia\/reddito-di-cittadinanza-spetta-la-tredicesima-assegno-anticipato\/","name":"Reddito di cittadinanza spetta la tredicesima? Assegno anticipato","isPartOf":{"@id":"https:\/\/www.adirai.it\/#website"},"datePublished":"2019-12-17T18:07:09+00:00","dateModified":"2019-12-17T18:07:11+00:00","description":"Reddito di Cittadinanza spetta la tredicesima? La risposta e la motivazione in questo articolo ricarica pagamento INPS anticipata a dicembre","breadcrumb":{"@id":"https:\/\/www.adirai.it\/economia\/reddito-di-cittadinanza-spetta-la-tredicesima-assegno-anticipato\/#breadcrumb"},"inLanguage":"it-IT","potentialAction":[{"@type":"ReadAction","target":["https:\/\/www.adirai.it\/economia\/reddito-di-cittadinanza-spetta-la-tredicesima-assegno-anticipato\/"]}]},{"@type":"BreadcrumbList","@id":"https:\/\/www.adirai.it\/economia\/reddito-di-cittadinanza-spetta-la-tredicesima-assegno-anticipato\/#breadcrumb","itemListElement":[{"@type":"ListItem","position":1,"name":"Home","item":"https:\/\/www.adirai.it\/"},{"@type":"ListItem","position":2,"name":"Reddito di cittadinanza spetta la tredicesima? Assegno anticipato"}]},{"@type":"WebSite","@id":"https:\/\/www.adirai.it\/#website","url":"https:\/\/www.adirai.it\/","name":"Adirai Notizie","description":"","publisher":{"@id":"https:\/\/www.adirai.it\/#organization"},"potentialAction":[{"@type":"SearchAction","target":{"@type":"EntryPoint","urlTemplate":"https:\/\/www.adirai.it\/?s={search_term_string}"},"query-input":"required name=search_term_string"}],"inLanguage":"it-IT"},{"@type":"Organization","@id":"https:\/\/www.adirai.it\/#organization","name":"Adirai Notizie","url":"https:\/\/www.adirai.it\/","logo":{"@type":"ImageObject","inLanguage":"it-IT","@id":"https:\/\/www.adirai.it\/#\/schema\/logo\/image\/","url":"https:\/\/www.adirai.it\/media\/2019\/08\/adirai-logo.jpg","contentUrl":"https:\/\/www.adirai.it\/media\/2019\/08\/adirai-logo.jpg","width":600,"height":600,"caption":"Adirai Notizie"},"image":{"@id":"https:\/\/www.adirai.it\/#\/schema\/logo\/image\/"},"sameAs":["https:\/\/twitter.com\/AdiraiIt"]},{"@type":"Person","@id":"https:\/\/www.adirai.it\/#\/schema\/person\/c2e689ea05604dcd582e7ad50aa88fbf","name":"Adirai Italia","image":{"@type":"ImageObject","inLanguage":"it-IT","@id":"https:\/\/www.adirai.it\/#\/schema\/person\/image\/","url":"https:\/\/secure.gravatar.com\/avatar\/3c627bf49b0852afc4d80303835b7d40?s=96&d=mm&r=g","contentUrl":"https:\/\/secure.gravatar.com\/avatar\/3c627bf49b0852afc4d80303835b7d40?s=96&d=mm&r=g","caption":"Adirai Italia"}}]}},"post_mailing_queue_ids":[],"_links":{"self":[{"href":"https:\/\/www.adirai.it\/api\/wp\/v2\/posts\/8200"}],"collection":[{"href":"https:\/\/www.adirai.it\/api\/wp\/v2\/posts"}],"about":[{"href":"https:\/\/www.adirai.it\/api\/wp\/v2\/types\/post"}],"author":[{"embeddable":true,"href":"https:\/\/www.adirai.it\/api\/wp\/v2\/users\/1"}],"replies":[{"embeddable":true,"href":"https:\/\/www.adirai.it\/api\/wp\/v2\/comments?post=8200"}],"version-history":[{"count":0,"href":"https:\/\/www.adirai.it\/api\/wp\/v2\/posts\/8200\/revisions"}],"wp:featuredmedia":[{"embeddable":true,"href":"https:\/\/www.adirai.it\/api\/wp\/v2\/media\/8217"}],"wp:attachment":[{"href":"https:\/\/www.adirai.it\/api\/wp\/v2\/media?parent=8200"}],"wp:term":[{"taxonomy":"category","embeddable":true,"href":"https:\/\/www.adirai.it\/api\/wp\/v2\/categories?post=8200"},{"taxonomy":"post_tag","embeddable":true,"href":"https:\/\/www.adirai.it\/api\/wp\/v2\/tags?post=8200"}],"curies":[{"name":"wp","href":"https:\/\/api.w.org\/{rel}","templated":true}]}}