{"id":7637,"date":"2019-12-07T09:13:00","date_gmt":"2019-12-07T08:13:00","guid":{"rendered":"https:\/\/www.adirai.it\/?p=7637"},"modified":"2019-12-06T23:50:14","modified_gmt":"2019-12-06T22:50:14","slug":"conte-da-mattarella-poi-la-conferenza-stampa-trovata-intesa","status":"publish","type":"post","link":"https:\/\/www.adirai.it\/politica\/conte-da-mattarella-poi-la-conferenza-stampa-trovata-intesa\/","title":{"rendered":"Conte da Mattarella poi la conferenza stampa trovata intesa"},"content":{"rendered":"\n<h1>Conte da Mattarella poi la conferenza stampa trovata intesa<\/h1>\n\n\n\n<figure class=\"wp-block-image size-full imgpost\"><img decoding=\"async\" loading=\"lazy\" width=\"1200\" height=\"675\" src=\"https:\/\/www.adirai.it\/media\/2019\/12\/conte-da-mattarella-conferenza-stampa-gualtieri.jpg\" alt=\"conte da mattarella conferenza stampa gualtieri\" class=\"wp-image-7645\" srcset=\"https:\/\/www.adirai.it\/media\/2019\/12\/conte-da-mattarella-conferenza-stampa-gualtieri.jpg 1200w, https:\/\/www.adirai.it\/media\/2019\/12\/conte-da-mattarella-conferenza-stampa-gualtieri-300x169.jpg 300w, https:\/\/www.adirai.it\/media\/2019\/12\/conte-da-mattarella-conferenza-stampa-gualtieri-720x405.jpg 720w, https:\/\/www.adirai.it\/media\/2019\/12\/conte-da-mattarella-conferenza-stampa-gualtieri-768x432.jpg 768w, https:\/\/www.adirai.it\/media\/2019\/12\/conte-da-mattarella-conferenza-stampa-gualtieri-220x124.jpg 220w, https:\/\/www.adirai.it\/media\/2019\/12\/conte-da-mattarella-conferenza-stampa-gualtieri-360x203.jpg 360w, https:\/\/www.adirai.it\/media\/2019\/12\/conte-da-mattarella-conferenza-stampa-gualtieri-160x90.jpg 160w\" sizes=\"(max-width: 1200px) 100vw, 1200px\" \/><\/figure>\n\n\n\n<p><strong>Conte da Mattarella<\/strong>, il premier al Quirinale si consulta con il presidente della Repubblica Sergio Mattarella prima della <strong>conferenza stampa<\/strong> in cui dar\u00e0 l&#8217;annuncio: Finalmente <strong>&#8220;c&#8217;\u00e8 un&#8217;intesa nella maggioranza&#8221;<\/strong>. Dopo un vertice durato due giorni interi sulla manovra c&#8217;\u00e8 intesa di governo nella maggioranza. Ecco spiegato il compromesso raggiunto su: <strong>Tassa sulla Plastica (o Plastic Tax), Tassa sulle bevande zuccherate (o Sugar Tax) e Tassa sulle auto aziendali.<\/strong><\/p>\n\n\n\n\n\n\n\n<h2>Conte da Mattarella, tensioni nei vertici<\/h2>\n\n\n\n<p><strong><em>Conte da Mattarella<\/em><\/strong> &#8211; <a href=\"https:\/\/www.adirai.it\/politica\/manovra-governo-ultime-notizie-vertici-a-palazzo-chigi\/\">Manovra governo ultime notizie<\/a>\/ Due giorni di vertici sulla manovra 2020 rallentano ancora l&#8217;<strong>iter del disegno di legge di Bilancio<\/strong>; quindi \u00e8 probabile che il Senato licenzier\u00e0 la manovra entro fine della prossima settimana con un testo blindato, a quel punto <strong>la Camera lo approver\u00e0 senza ulteriori modifiche.<\/strong><\/p>\n\n\n\n<p class=\"has-background has-very-light-gray-background-color\">Ricordiamo che la manovra deve essere approvata dal Parlamento entro, e non oltre, il 31 Dicembre del 2019, <strong>altrimenti scatta l&#8217;esercizio provvisorio.<\/strong><\/p>\n\n\n\n<p>Ci saranno quindi solo due letture invece di tre, per questo <strong>la Lega minaccia ricorso alla Corte Costituzionale<\/strong>. Di Maio invece minimizza l&#8217;affare dicendo &#8220;Ci sono differenze di opinioni ma alla fine \u00e8 stata trovata una sintesi&#8221;. E&#8217; anche di queste difficolt\u00e0 che si \u00e8 parlato ieri sera nell&#8217;incontro&nbsp;<strong>tra il presidente del Consiglio, Giuseppe Conte, e il presidente della Repubblica, Sergio Mattarella<\/strong>.<\/p>\n\n\n\n<h2>Conte da Mattarella poi &#8220;nessuno dica che siamo il governo delle tasse&#8221;<\/h2>\n\n\n\n<p><strong><em>Conte da Mattarella<\/em><\/strong> poi afferma <strong>&#8220;nessuno dica che siamo il governo delle tasse&#8221;.<\/strong> E&#8217; la frase di uno che dopo due giorni di <strong>lotte al ribasso<\/strong> non ne pu\u00f2 proprio pi\u00f9 di sentirsi attaccato su questo fronte, eppure secondo noi le tasse sono sempre troppe!<\/p>\n\n\n\n<p>Il <strong>premier Giuseppe Conte<\/strong> ha annunciato:<\/p>\n\n\n\n<ul><li>La <strong>plastic tax<\/strong> scatta a Luglio 2020 (non ad aprile) &#8220;e l&#8217;impatto sar\u00e0 ridotto dell&#8217;85%&#8221;. Aggiunge &#8220;Ci siamo resi conto \u2014 ha detto \u2014 che poteva avere un impatto problematico&#8221;.<\/li><li>La&nbsp;<strong>sugar tax&nbsp;<\/strong>partir\u00e0 invece, &#8220;a ottobre, per dar tempo alle aziende di rivedere le loro strategie&#8221;.<\/li><li>La stretta sulle&nbsp;<strong>auto aziendali&nbsp;<\/strong>\u00e8 stata &#8220;azzerata&#8221; totalmente! In merito a questo punto il premier Conte quasi minaccioso ripete &#8220;nessuno dica che siamo il governo delle tasse&#8221;.<\/li><\/ul>\n\n\n\n<p>La conferenza stampa continua; <strong>con la manovra &#8220;abbiamo scongiurato la recessione&#8221;<\/strong> e ora il premier mira a un &#8220;Paese che cresca, un\u2019Italia pi\u00f9 verde&#8221;.<\/p>\n\n\n\n<p>Alla fine la parola passa a <strong>Roberto Gualtieri<\/strong>, spalla di Conte e ministro dell&#8217;Economia; <strong>&#8220;\u00c8 stata trovata la quadra con un lavoro corale che ha salvaguardato l\u2019impianto della manovra&#8221;<\/strong>.<\/p>\n\n\n\n<h2>Lo scontro tra Pd e Italia Viva<\/h2>\n\n\n\n<p>Non sono mancati gli scontri e <strong><em>Conte da Mattarella<\/em><\/strong> ha parlato anche di questo. Uno di questi \u00e8 lo scontro tra PD e Italia Viva.<\/p>\n\n\n\n<p>I <strong>democratici <\/strong>accusano il <strong>partito di Renzi<\/strong> di preferire le multinazionali agli interessi dei cittadini italiani, perch\u00e9 i renziani vogliono la cancellazione definitiva di plastic e sugar tax.<\/p>\n\n\n\n<p>IV per\u00f2 <strong>ha replicato subito<\/strong>: \u00e8 proprio per gli interessi dei cittadini che chiediamo l&#8217;abolizione di queste tasse, perch\u00e9 <strong>mettono a rischio tanti posti di lavoro.<\/strong><\/p>\n\n\n\n<p><strong>CONDIVIDI le ultime news sulla manovra, Conte da Mattarella poi l&#8217;annuncio.<\/strong><\/p>\n","protected":false},"excerpt":{"rendered":"<p>Conte da Mattarella poi la conferenza stampa trovata intesa Conte da Mattarella, il premier al Quirinale si consulta con il presidente della Repubblica Sergio Mattarella prima della conferenza stampa in cui dar\u00e0 l&#8217;annuncio: Finalmente &#8220;c&#8217;\u00e8 un&#8217;intesa nella maggioranza&#8221;. Dopo un vertice durato due giorni interi sulla manovra c&#8217;\u00e8 intesa di governo nella maggioranza. Ecco spiegato [&hellip;]<\/p>\n","protected":false},"author":2,"featured_media":7645,"comment_status":"closed","ping_status":"closed","sticky":false,"template":"","format":"standard","meta":[],"categories":[2],"tags":[15,127,233,139],"yoast_head":"<title>Conte da Mattarella poi la conferenza stampa trovata intesa<\/title>\n<meta name=\"description\" content=\"Conte da Mattarella poi l&#039;annuncio in conferenza stampa, trovata intesa sulla manovra 2020, novit\u00e0 importanti su plastic tax, sugar tax e auto aziendali\" \/>\n<meta name=\"robots\" content=\"index, follow, max-snippet:-1, max-image-preview:large, max-video-preview:-1\" \/>\n<link rel=\"canonical\" href=\"https:\/\/www.adirai.it\/politica\/conte-da-mattarella-poi-la-conferenza-stampa-trovata-intesa\/\" \/>\n<meta property=\"og:locale\" content=\"it_IT\" \/>\n<meta property=\"og:type\" content=\"article\" \/>\n<meta property=\"og:title\" content=\"Conte da Mattarella poi la conferenza stampa trovata intesa\" \/>\n<meta property=\"og:description\" content=\"Conte da Mattarella poi l&#039;annuncio in conferenza stampa, trovata intesa sulla manovra 2020, novit\u00e0 importanti su plastic tax, sugar tax e auto aziendali\" \/>\n<meta property=\"og:url\" content=\"https:\/\/www.adirai.it\/politica\/conte-da-mattarella-poi-la-conferenza-stampa-trovata-intesa\/\" \/>\n<meta property=\"og:site_name\" content=\"Adirai Notizie\" \/>\n<meta property=\"article:published_time\" content=\"2019-12-07T08:13:00+00:00\" \/>\n<meta property=\"article:modified_time\" content=\"2019-12-06T22:50:14+00:00\" \/>\n<meta property=\"og:image\" content=\"https:\/\/www.adirai.it\/media\/2019\/12\/conte-da-mattarella-conferenza-stampa-gualtieri.jpg\" \/>\n\t<meta property=\"og:image:width\" content=\"1200\" \/>\n\t<meta property=\"og:image:height\" content=\"675\" \/>\n\t<meta property=\"og:image:type\" content=\"image\/jpeg\" \/>\n<meta name=\"author\" content=\"Adirai Italia\" \/>\n<meta name=\"twitter:card\" content=\"summary_large_image\" \/>\n<meta name=\"twitter:creator\" content=\"@AdiraiIt\" \/>\n<meta name=\"twitter:site\" content=\"@AdiraiIt\" \/>\n<meta name=\"twitter:label1\" content=\"Scritto da\" \/>\n\t<meta name=\"twitter:data1\" content=\"Adirai Italia\" \/>\n\t<meta name=\"twitter:label2\" content=\"Tempo di lettura stimato\" \/>\n\t<meta name=\"twitter:data2\" content=\"3 minuti\" \/>","yoast_head_json":{"title":"Conte da Mattarella poi la conferenza stampa trovata intesa","description":"Conte da Mattarella poi l'annuncio in conferenza stampa, trovata intesa sulla manovra 2020, novit\u00e0 importanti su plastic tax, sugar tax e auto aziendali","robots":{"index":"index","follow":"follow","max-snippet":"max-snippet:-1","max-image-preview":"max-image-preview:large","max-video-preview":"max-video-preview:-1"},"canonical":"https:\/\/www.adirai.it\/politica\/conte-da-mattarella-poi-la-conferenza-stampa-trovata-intesa\/","og_locale":"it_IT","og_type":"article","og_title":"Conte da Mattarella poi la conferenza stampa trovata intesa","og_description":"Conte da Mattarella poi l'annuncio in conferenza stampa, trovata intesa sulla manovra 2020, novit\u00e0 importanti su plastic tax, sugar tax e auto aziendali","og_url":"https:\/\/www.adirai.it\/politica\/conte-da-mattarella-poi-la-conferenza-stampa-trovata-intesa\/","og_site_name":"Adirai Notizie","article_published_time":"2019-12-07T08:13:00+00:00","article_modified_time":"2019-12-06T22:50:14+00:00","og_image":[{"width":1200,"height":675,"url":"https:\/\/www.adirai.it\/media\/2019\/12\/conte-da-mattarella-conferenza-stampa-gualtieri.jpg","type":"image\/jpeg"}],"author":"Adirai Italia","twitter_card":"summary_large_image","twitter_creator":"@AdiraiIt","twitter_site":"@AdiraiIt","twitter_misc":{"Scritto da":"Adirai Italia","Tempo di lettura stimato":"3 minuti"},"schema":{"@context":"https:\/\/schema.org","@graph":[{"@type":"Article","@id":"https:\/\/www.adirai.it\/politica\/conte-da-mattarella-poi-la-conferenza-stampa-trovata-intesa\/#article","isPartOf":{"@id":"https:\/\/www.adirai.it\/politica\/conte-da-mattarella-poi-la-conferenza-stampa-trovata-intesa\/"},"author":{"name":"Adirai Italia","@id":"https:\/\/www.adirai.it\/#\/schema\/person\/a5f58f133c7b98c534f588d596d78734"},"headline":"Conte da Mattarella poi la conferenza stampa trovata intesa","datePublished":"2019-12-07T08:13:00+00:00","dateModified":"2019-12-06T22:50:14+00:00","mainEntityOfPage":{"@id":"https:\/\/www.adirai.it\/politica\/conte-da-mattarella-poi-la-conferenza-stampa-trovata-intesa\/"},"wordCount":521,"publisher":{"@id":"https:\/\/www.adirai.it\/#organization"},"keywords":["Giuseppe Conte","Governo Italiano","Italia Viva","Partito Democratico"],"articleSection":["Politica"],"inLanguage":"it-IT"},{"@type":"WebPage","@id":"https:\/\/www.adirai.it\/politica\/conte-da-mattarella-poi-la-conferenza-stampa-trovata-intesa\/","url":"https:\/\/www.adirai.it\/politica\/conte-da-mattarella-poi-la-conferenza-stampa-trovata-intesa\/","name":"Conte da Mattarella poi la conferenza stampa trovata intesa","isPartOf":{"@id":"https:\/\/www.adirai.it\/#website"},"datePublished":"2019-12-07T08:13:00+00:00","dateModified":"2019-12-06T22:50:14+00:00","description":"Conte da Mattarella poi l'annuncio in conferenza stampa, trovata intesa sulla manovra 2020, novit\u00e0 importanti su plastic tax, sugar tax e auto aziendali","breadcrumb":{"@id":"https:\/\/www.adirai.it\/politica\/conte-da-mattarella-poi-la-conferenza-stampa-trovata-intesa\/#breadcrumb"},"inLanguage":"it-IT","potentialAction":[{"@type":"ReadAction","target":["https:\/\/www.adirai.it\/politica\/conte-da-mattarella-poi-la-conferenza-stampa-trovata-intesa\/"]}]},{"@type":"BreadcrumbList","@id":"https:\/\/www.adirai.it\/politica\/conte-da-mattarella-poi-la-conferenza-stampa-trovata-intesa\/#breadcrumb","itemListElement":[{"@type":"ListItem","position":1,"name":"Home","item":"https:\/\/www.adirai.it\/"},{"@type":"ListItem","position":2,"name":"Conte da Mattarella poi la conferenza stampa trovata intesa"}]},{"@type":"WebSite","@id":"https:\/\/www.adirai.it\/#website","url":"https:\/\/www.adirai.it\/","name":"Adirai Notizie","description":"","publisher":{"@id":"https:\/\/www.adirai.it\/#organization"},"potentialAction":[{"@type":"SearchAction","target":{"@type":"EntryPoint","urlTemplate":"https:\/\/www.adirai.it\/?s={search_term_string}"},"query-input":"required name=search_term_string"}],"inLanguage":"it-IT"},{"@type":"Organization","@id":"https:\/\/www.adirai.it\/#organization","name":"Adirai Notizie","url":"https:\/\/www.adirai.it\/","logo":{"@type":"ImageObject","inLanguage":"it-IT","@id":"https:\/\/www.adirai.it\/#\/schema\/logo\/image\/","url":"https:\/\/www.adirai.it\/media\/2019\/08\/adirai-logo.jpg","contentUrl":"https:\/\/www.adirai.it\/media\/2019\/08\/adirai-logo.jpg","width":600,"height":600,"caption":"Adirai Notizie"},"image":{"@id":"https:\/\/www.adirai.it\/#\/schema\/logo\/image\/"},"sameAs":["https:\/\/twitter.com\/AdiraiIt"]},{"@type":"Person","@id":"https:\/\/www.adirai.it\/#\/schema\/person\/a5f58f133c7b98c534f588d596d78734","name":"Adirai Italia","image":{"@type":"ImageObject","inLanguage":"it-IT","@id":"https:\/\/www.adirai.it\/#\/schema\/person\/image\/","url":"https:\/\/secure.gravatar.com\/avatar\/6b3b05aeab69cd7245f16ead3dd76a3d?s=96&d=mm&r=g","contentUrl":"https:\/\/secure.gravatar.com\/avatar\/6b3b05aeab69cd7245f16ead3dd76a3d?s=96&d=mm&r=g","caption":"Adirai Italia"},"sameAs":["https:\/\/www.adirai.it\/"]}]}},"post_mailing_queue_ids":[],"_links":{"self":[{"href":"https:\/\/www.adirai.it\/api\/wp\/v2\/posts\/7637"}],"collection":[{"href":"https:\/\/www.adirai.it\/api\/wp\/v2\/posts"}],"about":[{"href":"https:\/\/www.adirai.it\/api\/wp\/v2\/types\/post"}],"author":[{"embeddable":true,"href":"https:\/\/www.adirai.it\/api\/wp\/v2\/users\/2"}],"replies":[{"embeddable":true,"href":"https:\/\/www.adirai.it\/api\/wp\/v2\/comments?post=7637"}],"version-history":[{"count":0,"href":"https:\/\/www.adirai.it\/api\/wp\/v2\/posts\/7637\/revisions"}],"wp:featuredmedia":[{"embeddable":true,"href":"https:\/\/www.adirai.it\/api\/wp\/v2\/media\/7645"}],"wp:attachment":[{"href":"https:\/\/www.adirai.it\/api\/wp\/v2\/media?parent=7637"}],"wp:term":[{"taxonomy":"category","embeddable":true,"href":"https:\/\/www.adirai.it\/api\/wp\/v2\/categories?post=7637"},{"taxonomy":"post_tag","embeddable":true,"href":"https:\/\/www.adirai.it\/api\/wp\/v2\/tags?post=7637"}],"curies":[{"name":"wp","href":"https:\/\/api.w.org\/{rel}","templated":true}]}}