{"id":7458,"date":"2019-12-04T20:00:55","date_gmt":"2019-12-04T19:00:55","guid":{"rendered":"https:\/\/www.adirai.it\/?p=7458"},"modified":"2019-12-04T20:00:58","modified_gmt":"2019-12-04T19:00:58","slug":"riforma-della-prescrizione-caos-tra-pd-e-5-stelle-renzi-con-fi","status":"publish","type":"post","link":"https:\/\/www.adirai.it\/politica\/riforma-della-prescrizione-caos-tra-pd-e-5-stelle-renzi-con-fi\/","title":{"rendered":"Riforma della prescrizione Caos tra PD e 5 stelle, Renzi con FI"},"content":{"rendered":"\n<h1>Riforma della prescrizione Caos tra PD e 5 stelle, Renzi con FI<\/h1>\n\n\n\n<figure class=\"wp-block-image size-full imgpost\"><img decoding=\"async\" loading=\"lazy\" width=\"1200\" height=\"675\" src=\"https:\/\/www.adirai.it\/media\/2019\/12\/riforma-della-prescrizione-ministro-giustizia-alfonso-bonafede.jpg\" alt=\"riforma della prescrizione ministro giustizia alfonso bonafede\" class=\"wp-image-7464\" srcset=\"https:\/\/www.adirai.it\/media\/2019\/12\/riforma-della-prescrizione-ministro-giustizia-alfonso-bonafede.jpg 1200w, https:\/\/www.adirai.it\/media\/2019\/12\/riforma-della-prescrizione-ministro-giustizia-alfonso-bonafede-300x169.jpg 300w, https:\/\/www.adirai.it\/media\/2019\/12\/riforma-della-prescrizione-ministro-giustizia-alfonso-bonafede-720x405.jpg 720w, https:\/\/www.adirai.it\/media\/2019\/12\/riforma-della-prescrizione-ministro-giustizia-alfonso-bonafede-768x432.jpg 768w, https:\/\/www.adirai.it\/media\/2019\/12\/riforma-della-prescrizione-ministro-giustizia-alfonso-bonafede-220x124.jpg 220w, https:\/\/www.adirai.it\/media\/2019\/12\/riforma-della-prescrizione-ministro-giustizia-alfonso-bonafede-360x203.jpg 360w, https:\/\/www.adirai.it\/media\/2019\/12\/riforma-della-prescrizione-ministro-giustizia-alfonso-bonafede-160x90.jpg 160w\" sizes=\"(max-width: 1200px) 100vw, 1200px\" \/><\/figure>\n\n\n\n<p><strong>Riforma della prescrizione<\/strong> causa un&#8217;altra scissione governativa, i giallo-rossi <strong>Pd e M5s litigano<\/strong> anche sulla giustizia. La <strong>prescrizione \u00e8 legge da gennaio<\/strong> oppure si fanno passi indietro sulla questione? I <strong>Cinque Stelle<\/strong> vogliono che la <strong>riforma della prescrizione del ministro della Giustizia Bonafede sia presto legge<\/strong>, a discapito di parlamentari di <strong>IV e PD<\/strong>. <strong>Zingaretti<\/strong> prova a distendere i toni ma <strong>Di Maio<\/strong> si schiera con i grillini <strong>contro i democratici<\/strong>. L&#8217;accordo della maggioranza ad ora non c&#8217;\u00e8.<\/p>\n\n\n\n\n\n\n\n<h2>Riforma della prescrizione Nicola Zingaretti PD<\/h2>\n\n\n\n<p><strong>Il PD conta sul segretario nazionale democratico Nicola Zingaretti per risolvere la questione con i grillini.<\/strong> Andrea Marcucci \u00e8 uno dei tanti incazzati con i 5 stelle: &#8220;Di Maio forse non ha capito la gravit\u00e0 della situazione. <strong>Sulla prescrizione, non faremo passi indietro<\/strong>&#8220;.<\/p>\n\n\n\n<p>Il segretario del Pd\u00a0<strong>Nicola Zingaretti\u00a0<\/strong>fa un tentativo per distendere i toni sulla <strong>riforma di Bonafede<\/strong>: &#8220;Questo governo e questa maggioranza si sono costituiti per costruire <strong>speranze e non polemiche, che non serve a niente<\/strong>&#8220;.<\/p>\n\n\n\n<h3>Cosa prevede la Prescrizione?<\/h3>\n\n\n\n<p>La <strong>riforma\u00a0firmata dal ministro della Giustizia Bonafede<\/strong>, sostenuta dal Movimento 5 Stelle entrer\u00e0 in vigore il 1\u00b0 gennaio e <strong>prevede l&#8217;interruzione dei termini di prescrizione dopo la sentenza di primo grado, sia di condanna che di assoluzione<\/strong>. Il PD non vuole assolutamente che accada, perlomeno non senza la <strong>&#8220;prescrizione processuale&#8221;<\/strong> con tempi stabiliti.<\/p>\n\n\n\n<h2>Riforma della prescrizione<\/h2>\n\n\n\n<p><strong><em>Riforma della prescrizione.<\/em><\/strong> &#8220;La nostra riforma <strong>dal primo gennaio diventa legge<\/strong>. Su questo non discutiamo. Se il Pd poi vuol votare una legge con Salvini e Berlusconi per far tornare la prescrizione com&#8217;era ideata da Berlusconi sar\u00e0 un <strong>Nazareno 2.0<\/strong>, ma non credo avverr\u00e0&#8221;, il <strong>leader M5S<\/strong> \u00e8 incisivo in un&#8217;<strong>intervista su Radio1 Rai<\/strong>.<\/p>\n\n\n\n<h3>ASSE Di Maio Di Battista<\/h3>\n\n\n\n<p><strong>Alessandro Di Battista<\/strong> lo spalleggia quasi in modo ruffiano: &#8220;<strong>Ha ragione Luigi<\/strong>, la norma che blocca <strong>la prescrizione entrer\u00e0 in vigore il 1 gennaio<\/strong>. Punto.&#8221; <strong>Di Battista<\/strong> ripete le stesse identiche cose di <strong>Di Maio<\/strong> in un post su Facebook molto lungo quanto inutile. Nel suo post accusa il fatto che in questo momento politico se <strong><em>la riforma della prescrizione diventa legge<\/em><\/strong> moltissimi parlamentari di PD e IV sarebbero nei guai.<\/p>\n\n\n\n<h2>Prescrizione, <strong>Renzi con Forza Italia<\/strong><\/h2>\n\n\n\n<p>In questo calderone di botta e risposta sulla <strong>Prescrizione<\/strong> anche <strong>Matteo Renzi, leader IV<\/strong> ha qualcosa da dire: &#8220;<strong>Volere una giustizia senza fine significa proclamare la fine della giustizia.<\/strong> E non abbiamo cambiato idea.&#8221;<\/p>\n\n\n\n<p>In altre parole Renzi va con FI:<\/p>\n\n\n\n<blockquote class=\"wp-block-quote\"><p><strong>Ora ci sono due alternative<\/strong>: la prima \u00e8 che la nuova maggioranza trovi una soluzione. E sarebbe meglio. Se non accadr\u00e0 noi non ci inchineremo al populismo giudiziario imperante. E dunque, se non ci sar\u00e0 accordo, <strong>voteremo il ddl di Enrico Costa<\/strong>, persona saggia e gi\u00e0 viceministro alla giustizia del mio governo. <strong>Bonafede pu\u00f2 cambiare la sua legge, se vuole, ma non pu\u00f2 pretendere di cambiare le nostre idee.<\/strong><\/p><\/blockquote>\n\n\n\n<p><strong>CONDIVIDI le ultime notizie Riforma della Prescrizione, Alfonso Bonafede.<\/strong><\/p>\n","protected":false},"excerpt":{"rendered":"<p>Riforma della prescrizione Caos tra PD e 5 stelle, Renzi con FI Riforma della prescrizione causa un&#8217;altra scissione governativa, i giallo-rossi Pd e M5s litigano anche sulla giustizia. La prescrizione \u00e8 legge da gennaio oppure si fanno passi indietro sulla questione? I Cinque Stelle vogliono che la riforma della prescrizione del ministro della Giustizia Bonafede [&hellip;]<\/p>\n","protected":false},"author":2,"featured_media":7464,"comment_status":"closed","ping_status":"closed","sticky":false,"template":"","format":"standard","meta":[],"categories":[2],"tags":[127,89,138,139],"yoast_head":"<title>Riforma della prescrizione Caos tra PD e 5 stelle, Renzi con FI<\/title>\n<meta name=\"description\" content=\"Prescrizione la riforma del ministro della giustizia Alfonso Bonafede in vigore dal 1\u00b0gennaio fa litigare PD, IV, e M5S, Renzi con Forza Italia\" \/>\n<meta name=\"robots\" content=\"index, follow, max-snippet:-1, max-image-preview:large, max-video-preview:-1\" \/>\n<link rel=\"canonical\" href=\"https:\/\/www.adirai.it\/politica\/riforma-della-prescrizione-caos-tra-pd-e-5-stelle-renzi-con-fi\/\" \/>\n<meta property=\"og:locale\" content=\"it_IT\" \/>\n<meta property=\"og:type\" content=\"article\" \/>\n<meta property=\"og:title\" content=\"Riforma della prescrizione Caos tra PD e 5 stelle, Renzi con FI\" \/>\n<meta property=\"og:description\" content=\"Prescrizione la riforma del ministro della giustizia Alfonso Bonafede in vigore dal 1\u00b0gennaio fa litigare PD, IV, e M5S, Renzi con Forza Italia\" \/>\n<meta property=\"og:url\" content=\"https:\/\/www.adirai.it\/politica\/riforma-della-prescrizione-caos-tra-pd-e-5-stelle-renzi-con-fi\/\" \/>\n<meta property=\"og:site_name\" content=\"Adirai Notizie\" \/>\n<meta property=\"article:published_time\" content=\"2019-12-04T19:00:55+00:00\" \/>\n<meta property=\"article:modified_time\" content=\"2019-12-04T19:00:58+00:00\" \/>\n<meta property=\"og:image\" content=\"https:\/\/www.adirai.it\/media\/2019\/12\/riforma-della-prescrizione-ministro-giustizia-alfonso-bonafede.jpg\" \/>\n\t<meta property=\"og:image:width\" content=\"1200\" \/>\n\t<meta property=\"og:image:height\" content=\"675\" \/>\n\t<meta property=\"og:image:type\" content=\"image\/jpeg\" \/>\n<meta name=\"author\" content=\"Adirai Italia\" \/>\n<meta name=\"twitter:card\" content=\"summary_large_image\" \/>\n<meta name=\"twitter:creator\" content=\"@AdiraiIt\" \/>\n<meta name=\"twitter:site\" content=\"@AdiraiIt\" \/>\n<meta name=\"twitter:label1\" content=\"Scritto da\" \/>\n\t<meta name=\"twitter:data1\" content=\"Adirai Italia\" \/>\n\t<meta name=\"twitter:label2\" content=\"Tempo di lettura stimato\" \/>\n\t<meta name=\"twitter:data2\" content=\"2 minuti\" \/>","yoast_head_json":{"title":"Riforma della prescrizione Caos tra PD e 5 stelle, Renzi con FI","description":"Prescrizione la riforma del ministro della giustizia Alfonso Bonafede in vigore dal 1\u00b0gennaio fa litigare PD, IV, e M5S, Renzi con Forza Italia","robots":{"index":"index","follow":"follow","max-snippet":"max-snippet:-1","max-image-preview":"max-image-preview:large","max-video-preview":"max-video-preview:-1"},"canonical":"https:\/\/www.adirai.it\/politica\/riforma-della-prescrizione-caos-tra-pd-e-5-stelle-renzi-con-fi\/","og_locale":"it_IT","og_type":"article","og_title":"Riforma della prescrizione Caos tra PD e 5 stelle, Renzi con FI","og_description":"Prescrizione la riforma del ministro della giustizia Alfonso Bonafede in vigore dal 1\u00b0gennaio fa litigare PD, IV, e M5S, Renzi con Forza Italia","og_url":"https:\/\/www.adirai.it\/politica\/riforma-della-prescrizione-caos-tra-pd-e-5-stelle-renzi-con-fi\/","og_site_name":"Adirai Notizie","article_published_time":"2019-12-04T19:00:55+00:00","article_modified_time":"2019-12-04T19:00:58+00:00","og_image":[{"width":1200,"height":675,"url":"https:\/\/www.adirai.it\/media\/2019\/12\/riforma-della-prescrizione-ministro-giustizia-alfonso-bonafede.jpg","type":"image\/jpeg"}],"author":"Adirai Italia","twitter_card":"summary_large_image","twitter_creator":"@AdiraiIt","twitter_site":"@AdiraiIt","twitter_misc":{"Scritto da":"Adirai Italia","Tempo di lettura stimato":"2 minuti"},"schema":{"@context":"https:\/\/schema.org","@graph":[{"@type":"Article","@id":"https:\/\/www.adirai.it\/politica\/riforma-della-prescrizione-caos-tra-pd-e-5-stelle-renzi-con-fi\/#article","isPartOf":{"@id":"https:\/\/www.adirai.it\/politica\/riforma-della-prescrizione-caos-tra-pd-e-5-stelle-renzi-con-fi\/"},"author":{"name":"Adirai Italia","@id":"https:\/\/www.adirai.it\/#\/schema\/person\/a5f58f133c7b98c534f588d596d78734"},"headline":"Riforma della prescrizione Caos tra PD e 5 stelle, Renzi con FI","datePublished":"2019-12-04T19:00:55+00:00","dateModified":"2019-12-04T19:00:58+00:00","mainEntityOfPage":{"@id":"https:\/\/www.adirai.it\/politica\/riforma-della-prescrizione-caos-tra-pd-e-5-stelle-renzi-con-fi\/"},"wordCount":498,"publisher":{"@id":"https:\/\/www.adirai.it\/#organization"},"keywords":["Governo Italiano","Matteo Renzi","Movimento 5 Stelle","Partito Democratico"],"articleSection":["Politica"],"inLanguage":"it-IT"},{"@type":"WebPage","@id":"https:\/\/www.adirai.it\/politica\/riforma-della-prescrizione-caos-tra-pd-e-5-stelle-renzi-con-fi\/","url":"https:\/\/www.adirai.it\/politica\/riforma-della-prescrizione-caos-tra-pd-e-5-stelle-renzi-con-fi\/","name":"Riforma della prescrizione Caos tra PD e 5 stelle, Renzi con FI","isPartOf":{"@id":"https:\/\/www.adirai.it\/#website"},"datePublished":"2019-12-04T19:00:55+00:00","dateModified":"2019-12-04T19:00:58+00:00","description":"Prescrizione la riforma del ministro della giustizia Alfonso Bonafede in vigore dal 1\u00b0gennaio fa litigare PD, IV, e M5S, Renzi con Forza Italia","breadcrumb":{"@id":"https:\/\/www.adirai.it\/politica\/riforma-della-prescrizione-caos-tra-pd-e-5-stelle-renzi-con-fi\/#breadcrumb"},"inLanguage":"it-IT","potentialAction":[{"@type":"ReadAction","target":["https:\/\/www.adirai.it\/politica\/riforma-della-prescrizione-caos-tra-pd-e-5-stelle-renzi-con-fi\/"]}]},{"@type":"BreadcrumbList","@id":"https:\/\/www.adirai.it\/politica\/riforma-della-prescrizione-caos-tra-pd-e-5-stelle-renzi-con-fi\/#breadcrumb","itemListElement":[{"@type":"ListItem","position":1,"name":"Home","item":"https:\/\/www.adirai.it\/"},{"@type":"ListItem","position":2,"name":"Riforma della prescrizione Caos tra PD e 5 stelle, Renzi con FI"}]},{"@type":"WebSite","@id":"https:\/\/www.adirai.it\/#website","url":"https:\/\/www.adirai.it\/","name":"Adirai Notizie","description":"","publisher":{"@id":"https:\/\/www.adirai.it\/#organization"},"potentialAction":[{"@type":"SearchAction","target":{"@type":"EntryPoint","urlTemplate":"https:\/\/www.adirai.it\/?s={search_term_string}"},"query-input":"required name=search_term_string"}],"inLanguage":"it-IT"},{"@type":"Organization","@id":"https:\/\/www.adirai.it\/#organization","name":"Adirai Notizie","url":"https:\/\/www.adirai.it\/","logo":{"@type":"ImageObject","inLanguage":"it-IT","@id":"https:\/\/www.adirai.it\/#\/schema\/logo\/image\/","url":"https:\/\/www.adirai.it\/media\/2019\/08\/adirai-logo.jpg","contentUrl":"https:\/\/www.adirai.it\/media\/2019\/08\/adirai-logo.jpg","width":600,"height":600,"caption":"Adirai Notizie"},"image":{"@id":"https:\/\/www.adirai.it\/#\/schema\/logo\/image\/"},"sameAs":["https:\/\/twitter.com\/AdiraiIt"]},{"@type":"Person","@id":"https:\/\/www.adirai.it\/#\/schema\/person\/a5f58f133c7b98c534f588d596d78734","name":"Adirai Italia","image":{"@type":"ImageObject","inLanguage":"it-IT","@id":"https:\/\/www.adirai.it\/#\/schema\/person\/image\/","url":"https:\/\/secure.gravatar.com\/avatar\/6b3b05aeab69cd7245f16ead3dd76a3d?s=96&d=mm&r=g","contentUrl":"https:\/\/secure.gravatar.com\/avatar\/6b3b05aeab69cd7245f16ead3dd76a3d?s=96&d=mm&r=g","caption":"Adirai Italia"},"sameAs":["https:\/\/www.adirai.it\/"]}]}},"post_mailing_queue_ids":[],"_links":{"self":[{"href":"https:\/\/www.adirai.it\/api\/wp\/v2\/posts\/7458"}],"collection":[{"href":"https:\/\/www.adirai.it\/api\/wp\/v2\/posts"}],"about":[{"href":"https:\/\/www.adirai.it\/api\/wp\/v2\/types\/post"}],"author":[{"embeddable":true,"href":"https:\/\/www.adirai.it\/api\/wp\/v2\/users\/2"}],"replies":[{"embeddable":true,"href":"https:\/\/www.adirai.it\/api\/wp\/v2\/comments?post=7458"}],"version-history":[{"count":0,"href":"https:\/\/www.adirai.it\/api\/wp\/v2\/posts\/7458\/revisions"}],"wp:featuredmedia":[{"embeddable":true,"href":"https:\/\/www.adirai.it\/api\/wp\/v2\/media\/7464"}],"wp:attachment":[{"href":"https:\/\/www.adirai.it\/api\/wp\/v2\/media?parent=7458"}],"wp:term":[{"taxonomy":"category","embeddable":true,"href":"https:\/\/www.adirai.it\/api\/wp\/v2\/categories?post=7458"},{"taxonomy":"post_tag","embeddable":true,"href":"https:\/\/www.adirai.it\/api\/wp\/v2\/tags?post=7458"}],"curies":[{"name":"wp","href":"https:\/\/api.w.org\/{rel}","templated":true}]}}