{"id":7323,"date":"2019-12-02T15:54:29","date_gmt":"2019-12-02T14:54:29","guid":{"rendered":"https:\/\/www.adirai.it\/?p=7323"},"modified":"2019-12-02T15:54:33","modified_gmt":"2019-12-02T14:54:33","slug":"informativa-sul-mes-in-parlamento-conte-in-diretta","status":"publish","type":"post","link":"https:\/\/www.adirai.it\/politica\/informativa-sul-mes-in-parlamento-conte-in-diretta\/","title":{"rendered":"Informativa sul MES in Parlamento, Conte in DIRETTA"},"content":{"rendered":"\n<h1>Informativa sul MES in Parlamento, Conte in DIRETTA<\/h1>\n\n\n\n<figure class=\"wp-block-image size-full imgpost\"><img decoding=\"async\" loading=\"lazy\" width=\"1200\" height=\"675\" src=\"https:\/\/www.adirai.it\/media\/2019\/12\/informativa-sul-mes-conte-premier.jpg\" alt=\"informativa sul mes conte premier\" class=\"wp-image-7325\" srcset=\"https:\/\/www.adirai.it\/media\/2019\/12\/informativa-sul-mes-conte-premier.jpg 1200w, https:\/\/www.adirai.it\/media\/2019\/12\/informativa-sul-mes-conte-premier-300x169.jpg 300w, https:\/\/www.adirai.it\/media\/2019\/12\/informativa-sul-mes-conte-premier-720x405.jpg 720w, https:\/\/www.adirai.it\/media\/2019\/12\/informativa-sul-mes-conte-premier-768x432.jpg 768w, https:\/\/www.adirai.it\/media\/2019\/12\/informativa-sul-mes-conte-premier-220x124.jpg 220w, https:\/\/www.adirai.it\/media\/2019\/12\/informativa-sul-mes-conte-premier-360x203.jpg 360w, https:\/\/www.adirai.it\/media\/2019\/12\/informativa-sul-mes-conte-premier-160x90.jpg 160w\" sizes=\"(max-width: 1200px) 100vw, 1200px\" \/><\/figure>\n\n\n\n<p><strong>Informativa sul MES<\/strong>, oggi il <strong>premier Conte<\/strong> deve riferire in Parlamento, alla Camera (gi\u00e0 fatto) e <strong>al Senato, alle 15:40<\/strong>. La <strong>DIRETTA<\/strong> dalla Camera e dal Senato \u00e8 inclusa nell&#8217;articolo, per poter seguire <strong><span style=\"text-decoration: underline;\">in tempo reale l&#8217;informativa di Conte in Parlamento<\/span><\/strong>. Dopo le accuse di &#8220;alto tradimento&#8221; da parte del leader della Lega Matteo Salvini <strong>il presidente del Consiglio Conte<\/strong> non fa sconti e minaccia querela.<\/p>\n\n\n\n\n\n\n\n<h2>Informativa sul MES in Senato DIRETTA<\/h2>\n\n\n\n<p><em><strong>Informativa sul MES<\/strong><\/em> &#8211; E&#8217; possibile seguire in tempo reale le discussioni al Senato grazie a questa DIRETTA della seduta in Parlamento.<\/p>\n\n\n\n<figure class=\"wp-block-embed-youtube wp-block-embed is-type-video is-provider-youtube wp-embed-aspect-16-9 wp-has-aspect-ratio imgpost\"><div class=\"wp-block-embed__wrapper\">\n<iframe loading=\"lazy\" title=\"Canale Assemblea\" width=\"750\" height=\"422\" src=\"https:\/\/www.youtube.com\/embed\/_pjPv7dS-_w?feature=oembed\" frameborder=\"0\" allow=\"accelerometer; autoplay; encrypted-media; gyroscope; picture-in-picture\" allowfullscreen><\/iframe>\n<\/div><\/figure>\n\n\n\n<p>Durante l&#8217;informativa del presidente del Consiglio sul Mes nell&#8217;Aula della Camera\u00a0<strong>la tensione \u00e8 altissima<\/strong> tant&#8217;\u00e8 che Conte \u00e8 pi\u00f9 volte interrotto dagli applausi della maggioranza e dalle proteste della opposizione.<\/p>\n\n\n\n<p>Visto com&#8217;era finita l&#8217;ultima volta (<strong>a sediate<\/strong>) si \u00e8 preferito incaricare dei <strong>commessi<\/strong> posti accanto ai banchi della presidenza <strong>pronti ad intervenire in caso di disordini<\/strong>.<\/p>\n\n\n\n<h2>Informativa sul MES Conte &#8220;la Lega si congratul\u00f2&#8221;<\/h2>\n\n\n\n<p><em><strong>Informativa sul MES<\/strong><\/em> &#8211; Il premier Conte oggi era chiamato a informare il Parlamento sui fatti relativi all&#8217;approvazione del MES avvenuta in giugno (2019), presumibilmente in segreto. Giuseppe Conte porta date e prove alla mano che dimostrano che la Lega sapeva, Salvini sapeva.<\/p>\n\n\n\n<blockquote class=\"wp-block-quote\"><p><strong>I deputati del Pd applaudono quando il presidente del Consiglio Giuseppe Conte cita il ringraziamento che il senatore della Lega Alberto Bagnai<\/strong>\u00a0gli fece durante l&#8217;esame del Mes al Senato. Immobili i deputati della Lega.<\/p><cite>ANSA<\/cite><\/blockquote>\n\n\n\n<p>Il presidente del Consiglio ricorda anche che era &#8220;<strong><span style=\"text-decoration: underline;\">il 19 marzo 2019<\/span><\/strong>&#8221; quando rifer\u00ec alla Camera sul MES e, &#8220;<strong>nel corso delle comunicazioni alle Camere<\/strong> in vista del Consiglio europeo del 21 e del 22 marzo, bench\u00e9 quel Consiglio, a differenza di quello di dicembre, non avrebbe avuto un corrispettivo in forma di Eurosummit; <strong><span style=\"text-decoration: underline;\">mi sono ugualmente soffermato diffusamente sul tema<\/span>, in ragione dell&#8217;assoluto rilievo della questione per il futuro assetto economico e finanziario dell&#8217;Unione europea, <span style=\"text-decoration: underline;\">mosso dalla consapevolezza di quanto fosse decisiva un&#8217;interlocuzione costante con il Parlamento<\/span><\/strong>.&#8221; Su questo il premier \u00e8 molto sicuro di s\u00e8: Ha riferito al Parlamento.<\/p>\n\n\n\n<h2> Conte e il trattato sul MES<\/h2>\n\n\n\n<p><em><strong>Informativa sul MES<\/strong><\/em> &#8211; Le parole di Giuseppe Conte sul trattato del MES sono simili a quelle di Gualtieri, ministro dell&#8217;economia e delle finanze, quando cercava di spiegare l&#8217;innocenza del premier.<\/p>\n\n\n\n<blockquote class=\"wp-block-quote\"><p>&#8220;In merito\u00a0<strong>al pericolo di un automatismo nella ristrutturazione del debito<\/strong>\u00a0che verrebbe introdotto dal trattato riformato, \u00e8 opportuno ribadire &#8211; come ha chiarito il ministro Gualtieri &#8211; che il nuovo trattato non modifica affatto la disciplina relativa al coinvolgimento del settore privato nella eventuale ristrutturazione del debito pubblico del paese che beneficia dell&#8217;assistenza finanziaria del Mes&#8221;.<\/p><p>&#8220;Il nuovo Trattato,\u00a0<strong>lascia a una valutazione tutt&#8217;altro che automatica la verifica della sostenibilit\u00e0 del debito<\/strong>\u00a0e delle condizioni macroeconomiche dei paesi beneficiari dell&#8217;intervento del MES, coerentemente con quanto preteso dall&#8217;Italia che si \u00e8 opposta ad altri paesi che avrebbero invece voluto maggiori automatismi&#8221;.<\/p><p>&#8220;In conclusione, considerando i numerosi interventi svolti, in Assemblea e nelle commissioni parlamentari, sia alla Camera sia in Senato, possiamo convenire che le accuse, mosse in questi giorni da diversi esponenti politici di opposizione,<strong>\u00a0circa una carenza di informazione e di consultazione sulla questa materia cos\u00ec sensibile, siano completamente false<\/strong>&#8220;.<\/p><\/blockquote>\n\n\n\n<p><strong>CONDIVIDI le ultime notizie sull&#8217;informativa del MES al Senato.<\/strong><\/p>\n","protected":false},"excerpt":{"rendered":"<p>Informativa sul MES in Parlamento, Conte in DIRETTA Informativa sul MES, oggi il premier Conte deve riferire in Parlamento, alla Camera (gi\u00e0 fatto) e al Senato, alle 15:40. La DIRETTA dalla Camera e dal Senato \u00e8 inclusa nell&#8217;articolo, per poter seguire in tempo reale l&#8217;informativa di Conte in Parlamento. Dopo le accuse di &#8220;alto tradimento&#8221; [&hellip;]<\/p>\n","protected":false},"author":2,"featured_media":7325,"comment_status":"closed","ping_status":"closed","sticky":false,"template":"","format":"standard","meta":[],"categories":[2],"tags":[15,127],"yoast_head":"<title>Informativa sul MES in Parlamento, Conte in DIRETTA<\/title>\n<meta name=\"description\" content=\"Informativa sul MES al Senato il premier Giuseppe Conte ricorda alle Camere di aver riferito riguardo il trattato sul Meccanismo Europeo di Stabilit\u00e0\" \/>\n<meta name=\"robots\" content=\"index, follow, max-snippet:-1, max-image-preview:large, max-video-preview:-1\" \/>\n<link rel=\"canonical\" href=\"https:\/\/www.adirai.it\/politica\/informativa-sul-mes-in-parlamento-conte-in-diretta\/\" \/>\n<meta property=\"og:locale\" content=\"it_IT\" \/>\n<meta property=\"og:type\" content=\"article\" \/>\n<meta property=\"og:title\" content=\"Informativa sul MES in Parlamento, Conte in DIRETTA\" \/>\n<meta property=\"og:description\" content=\"Informativa sul MES al Senato il premier Giuseppe Conte ricorda alle Camere di aver riferito riguardo il trattato sul Meccanismo Europeo di Stabilit\u00e0\" \/>\n<meta property=\"og:url\" content=\"https:\/\/www.adirai.it\/politica\/informativa-sul-mes-in-parlamento-conte-in-diretta\/\" \/>\n<meta property=\"og:site_name\" content=\"Adirai Notizie\" \/>\n<meta property=\"article:published_time\" content=\"2019-12-02T14:54:29+00:00\" \/>\n<meta property=\"article:modified_time\" content=\"2019-12-02T14:54:33+00:00\" \/>\n<meta property=\"og:image\" content=\"https:\/\/www.adirai.it\/media\/2019\/12\/informativa-sul-mes-conte-premier.jpg\" \/>\n\t<meta property=\"og:image:width\" content=\"1200\" \/>\n\t<meta property=\"og:image:height\" content=\"675\" \/>\n\t<meta property=\"og:image:type\" content=\"image\/jpeg\" \/>\n<meta name=\"author\" content=\"Adirai Italia\" \/>\n<meta name=\"twitter:card\" content=\"summary_large_image\" \/>\n<meta name=\"twitter:creator\" content=\"@AdiraiIt\" \/>\n<meta name=\"twitter:site\" content=\"@AdiraiIt\" \/>\n<meta name=\"twitter:label1\" content=\"Scritto da\" \/>\n\t<meta name=\"twitter:data1\" content=\"Adirai Italia\" \/>\n\t<meta name=\"twitter:label2\" content=\"Tempo di lettura stimato\" \/>\n\t<meta name=\"twitter:data2\" content=\"3 minuti\" \/>","yoast_head_json":{"title":"Informativa sul MES in Parlamento, Conte in DIRETTA","description":"Informativa sul MES al Senato il premier Giuseppe Conte ricorda alle Camere di aver riferito riguardo il trattato sul Meccanismo Europeo di Stabilit\u00e0","robots":{"index":"index","follow":"follow","max-snippet":"max-snippet:-1","max-image-preview":"max-image-preview:large","max-video-preview":"max-video-preview:-1"},"canonical":"https:\/\/www.adirai.it\/politica\/informativa-sul-mes-in-parlamento-conte-in-diretta\/","og_locale":"it_IT","og_type":"article","og_title":"Informativa sul MES in Parlamento, Conte in DIRETTA","og_description":"Informativa sul MES al Senato il premier Giuseppe Conte ricorda alle Camere di aver riferito riguardo il trattato sul Meccanismo Europeo di Stabilit\u00e0","og_url":"https:\/\/www.adirai.it\/politica\/informativa-sul-mes-in-parlamento-conte-in-diretta\/","og_site_name":"Adirai Notizie","article_published_time":"2019-12-02T14:54:29+00:00","article_modified_time":"2019-12-02T14:54:33+00:00","og_image":[{"width":1200,"height":675,"url":"https:\/\/www.adirai.it\/media\/2019\/12\/informativa-sul-mes-conte-premier.jpg","type":"image\/jpeg"}],"author":"Adirai Italia","twitter_card":"summary_large_image","twitter_creator":"@AdiraiIt","twitter_site":"@AdiraiIt","twitter_misc":{"Scritto da":"Adirai Italia","Tempo di lettura stimato":"3 minuti"},"schema":{"@context":"https:\/\/schema.org","@graph":[{"@type":"Article","@id":"https:\/\/www.adirai.it\/politica\/informativa-sul-mes-in-parlamento-conte-in-diretta\/#article","isPartOf":{"@id":"https:\/\/www.adirai.it\/politica\/informativa-sul-mes-in-parlamento-conte-in-diretta\/"},"author":{"name":"Adirai Italia","@id":"https:\/\/www.adirai.it\/#\/schema\/person\/a5f58f133c7b98c534f588d596d78734"},"headline":"Informativa sul MES in Parlamento, Conte in DIRETTA","datePublished":"2019-12-02T14:54:29+00:00","dateModified":"2019-12-02T14:54:33+00:00","mainEntityOfPage":{"@id":"https:\/\/www.adirai.it\/politica\/informativa-sul-mes-in-parlamento-conte-in-diretta\/"},"wordCount":566,"publisher":{"@id":"https:\/\/www.adirai.it\/#organization"},"keywords":["Giuseppe Conte","Governo Italiano"],"articleSection":["Politica"],"inLanguage":"it-IT"},{"@type":"WebPage","@id":"https:\/\/www.adirai.it\/politica\/informativa-sul-mes-in-parlamento-conte-in-diretta\/","url":"https:\/\/www.adirai.it\/politica\/informativa-sul-mes-in-parlamento-conte-in-diretta\/","name":"Informativa sul MES in Parlamento, Conte in DIRETTA","isPartOf":{"@id":"https:\/\/www.adirai.it\/#website"},"datePublished":"2019-12-02T14:54:29+00:00","dateModified":"2019-12-02T14:54:33+00:00","description":"Informativa sul MES al Senato il premier Giuseppe Conte ricorda alle Camere di aver riferito riguardo il trattato sul Meccanismo Europeo di Stabilit\u00e0","breadcrumb":{"@id":"https:\/\/www.adirai.it\/politica\/informativa-sul-mes-in-parlamento-conte-in-diretta\/#breadcrumb"},"inLanguage":"it-IT","potentialAction":[{"@type":"ReadAction","target":["https:\/\/www.adirai.it\/politica\/informativa-sul-mes-in-parlamento-conte-in-diretta\/"]}]},{"@type":"BreadcrumbList","@id":"https:\/\/www.adirai.it\/politica\/informativa-sul-mes-in-parlamento-conte-in-diretta\/#breadcrumb","itemListElement":[{"@type":"ListItem","position":1,"name":"Home","item":"https:\/\/www.adirai.it\/"},{"@type":"ListItem","position":2,"name":"Informativa sul MES in Parlamento, Conte in DIRETTA"}]},{"@type":"WebSite","@id":"https:\/\/www.adirai.it\/#website","url":"https:\/\/www.adirai.it\/","name":"Adirai Notizie","description":"","publisher":{"@id":"https:\/\/www.adirai.it\/#organization"},"potentialAction":[{"@type":"SearchAction","target":{"@type":"EntryPoint","urlTemplate":"https:\/\/www.adirai.it\/?s={search_term_string}"},"query-input":"required name=search_term_string"}],"inLanguage":"it-IT"},{"@type":"Organization","@id":"https:\/\/www.adirai.it\/#organization","name":"Adirai Notizie","url":"https:\/\/www.adirai.it\/","logo":{"@type":"ImageObject","inLanguage":"it-IT","@id":"https:\/\/www.adirai.it\/#\/schema\/logo\/image\/","url":"https:\/\/www.adirai.it\/media\/2019\/08\/adirai-logo.jpg","contentUrl":"https:\/\/www.adirai.it\/media\/2019\/08\/adirai-logo.jpg","width":600,"height":600,"caption":"Adirai Notizie"},"image":{"@id":"https:\/\/www.adirai.it\/#\/schema\/logo\/image\/"},"sameAs":["https:\/\/twitter.com\/AdiraiIt"]},{"@type":"Person","@id":"https:\/\/www.adirai.it\/#\/schema\/person\/a5f58f133c7b98c534f588d596d78734","name":"Adirai Italia","image":{"@type":"ImageObject","inLanguage":"it-IT","@id":"https:\/\/www.adirai.it\/#\/schema\/person\/image\/","url":"https:\/\/secure.gravatar.com\/avatar\/6b3b05aeab69cd7245f16ead3dd76a3d?s=96&d=mm&r=g","contentUrl":"https:\/\/secure.gravatar.com\/avatar\/6b3b05aeab69cd7245f16ead3dd76a3d?s=96&d=mm&r=g","caption":"Adirai Italia"},"sameAs":["https:\/\/www.adirai.it\/"]}]}},"post_mailing_queue_ids":[],"_links":{"self":[{"href":"https:\/\/www.adirai.it\/api\/wp\/v2\/posts\/7323"}],"collection":[{"href":"https:\/\/www.adirai.it\/api\/wp\/v2\/posts"}],"about":[{"href":"https:\/\/www.adirai.it\/api\/wp\/v2\/types\/post"}],"author":[{"embeddable":true,"href":"https:\/\/www.adirai.it\/api\/wp\/v2\/users\/2"}],"replies":[{"embeddable":true,"href":"https:\/\/www.adirai.it\/api\/wp\/v2\/comments?post=7323"}],"version-history":[{"count":0,"href":"https:\/\/www.adirai.it\/api\/wp\/v2\/posts\/7323\/revisions"}],"wp:featuredmedia":[{"embeddable":true,"href":"https:\/\/www.adirai.it\/api\/wp\/v2\/media\/7325"}],"wp:attachment":[{"href":"https:\/\/www.adirai.it\/api\/wp\/v2\/media?parent=7323"}],"wp:term":[{"taxonomy":"category","embeddable":true,"href":"https:\/\/www.adirai.it\/api\/wp\/v2\/categories?post=7323"},{"taxonomy":"post_tag","embeddable":true,"href":"https:\/\/www.adirai.it\/api\/wp\/v2\/tags?post=7323"}],"curies":[{"name":"wp","href":"https:\/\/api.w.org\/{rel}","templated":true}]}}