{"id":7219,"date":"2019-12-01T16:40:22","date_gmt":"2019-12-01T15:40:22","guid":{"rendered":"https:\/\/www.adirai.it\/?p=7219"},"modified":"2020-02-20T19:00:47","modified_gmt":"2020-02-20T18:00:47","slug":"mes-conte-incontra-zingaretti-e-di-maio-a-palazzo-chigi-tesi","status":"publish","type":"post","link":"https:\/\/www.adirai.it\/politica\/mes-conte-incontra-zingaretti-e-di-maio-a-palazzo-chigi-tesi\/","title":{"rendered":"MES Conte incontra Zingaretti e Di Maio a Palazzo Chigi, tesi"},"content":{"rendered":"\n<h1>MES Conte incontra Zingaretti e Di Maio a Palazzo Chigi, tesi<\/h1>\n\n\n\n<figure class=\"wp-block-image size-full imgpost\"><img decoding=\"async\" loading=\"lazy\" width=\"1200\" height=\"675\" src=\"https:\/\/www.adirai.it\/media\/2019\/12\/mes-conte-giuseppe-premier.jpg\" alt=\"mes conte giuseppe premier\" class=\"wp-image-7221\" srcset=\"https:\/\/www.adirai.it\/media\/2019\/12\/mes-conte-giuseppe-premier.jpg 1200w, https:\/\/www.adirai.it\/media\/2019\/12\/mes-conte-giuseppe-premier-300x169.jpg 300w, https:\/\/www.adirai.it\/media\/2019\/12\/mes-conte-giuseppe-premier-720x405.jpg 720w, https:\/\/www.adirai.it\/media\/2019\/12\/mes-conte-giuseppe-premier-768x432.jpg 768w, https:\/\/www.adirai.it\/media\/2019\/12\/mes-conte-giuseppe-premier-220x124.jpg 220w, https:\/\/www.adirai.it\/media\/2019\/12\/mes-conte-giuseppe-premier-360x203.jpg 360w, https:\/\/www.adirai.it\/media\/2019\/12\/mes-conte-giuseppe-premier-160x90.jpg 160w\" sizes=\"(max-width: 1200px) 100vw, 1200px\" \/><\/figure>\n\n\n\n<p><strong>MES Conte<\/strong> oggi ha incontrato i <strong>vertici di maggioranza Luigi Di Maio e Zingaretti a Palazzo Chigi<\/strong> ma l&#8217;atmosfera \u00e8 tesa. Il <strong>PD<\/strong> vuole preservare la <strong>credibilit\u00e0<\/strong> di questo esecutivo dopo che \u00e8 stata messa a dura prova dalle ultime notizie sul <em>premier in carica<\/em>. Il <strong>Meccanismo Economico di Stabilit\u00e0<\/strong> che <strong>Conte<\/strong> ha approvato senza discuterne prima in Parlamento non \u00e8 motivo di preoccupazione per il <strong>presidente del Consiglio<\/strong>.<\/p>\n\n\n\n\n\n\n\n<h2>MES Conte ammette &#8220;Informativa doverosa al Parlamento&#8221;<\/h2>\n\n\n\n<p><strong><em>MES Conte premier<\/em><\/strong> &#8211; <a href=\"https:\/\/www.adirai.it\/giuseppe-conte\/\" class=\"ek-link\">Giuseppe Conte<\/a>, intervistato da <em>SkyTG24<\/em> afferma che domani, ovvero &#8220;luned\u00ec &#8211; <strong>2 dicembre 2019<\/strong> &#8211; non ci sar\u00e0 nessuna battaglia&#8221;. <strong>Secondo il premier<\/strong> a Roma \u00e8 tutto tranquillo, bisogna solo rendere noti alcuni fatti &#8220;<strong>\u00e8 una informativa doverosa al Parlamento da parte del presidente del Consiglio<\/strong>&#8220;.<\/p>\n\n\n\n<p><strong>Conte sul MES<\/strong> non avrebbe chiss\u00e0 cosa da svelare dunque, \u00e8 convinto di ci\u00f2 che fa e di ci\u00f2 che dice. Il <strong>presidente del Consiglio<\/strong> non si defila dal fornire le spiegazioni richieste dai parlamentari anzi, afferma che in quanto <strong>premier <\/strong>&#8220;ogni volta che \u00e8 stato chiamato, ogni volta che ha avuto e avr\u00e0 la possibilit\u00e0 di informare, dialogare con i membri del parlamento <strong>lo fa<\/strong>&#8220;.<\/p>\n\n\n\n<h2>Zingaretti contro il MES e Conte &#8220;danneggia l&#8217;Italia&#8221;<\/h2>\n\n\n\n<p><strong><em>MES Conte premier<\/em><\/strong> &#8211; <a href=\"https:\/\/www.adirai.it\/nicola-zingaretti\/\" class=\"ek-link\">Nicola Zingaretti<\/a> non \u00e8 troppo preoccupato del <a href=\"https:\/\/www.adirai.it\/giuseppe-conte\/\" class=\"ek-link\">presidente del Consiglio<\/a> quanto della <strong>riforma del MES<\/strong>. &#8220;Un <strong>metodo folle che danneggia l&#8217;Italia<\/strong>&#8220;, commenta il segretario del <a href=\"https:\/\/www.adirai.it\/partito-democratico\/\" class=\"ek-link\">Pd<\/a> Nicola Zingaretti.<\/p>\n\n\n\n<p><strong>Graziano Delrio<\/strong> aggiunge anche che &#8220;siccome non ci sono elementi di merito che mettono in discussione la nostra sovranit\u00e0 nazionale, \u00e8 molto importante che diamo una dimostrazione di seriet\u00e0 e affidabilit\u00e0&#8221;.<\/p>\n\n\n\n<p><strong>Delrio<\/strong>, capogruppo del <a href=\"https:\/\/www.adirai.it\/partito-democratico\/\" class=\"ek-link\">PD alla Camera<\/a>, si preoccupa della <strong>credibilit\u00e0<\/strong> del <a href=\"https:\/\/www.adirai.it\/governo-italiano\/\" class=\"ek-link\">governo italiano<\/a> piuttosto che dei <strong>risvolti della riforma<\/strong> sull&#8217;<a href=\"https:\/\/www.adirai.it\/economia-italiana\/\" class=\"ek-link\">economia italiana<\/a>. &#8220;Io mi aspetto che le legittime critiche del nostro alleato non portino a provocare una <strong>crisi di credibilit\u00e0 per il Paese<\/strong>. Questo sarebbe grave, per i cittadini e per la seriet\u00e0 con cui viene visto il nostro governo&#8221;.<\/p>\n\n\n\n<h2>Di Maio crede alle parole di Giuseppe Conte<\/h2>\n\n\n\n<p><strong><em>MES Conte premier<\/em><\/strong> &#8211; Luigi Di Maio, il grillino che \u00e8 vicepremier da ben due anni ormai, ha sempre sostenuto il <a href=\"https:\/\/www.adirai.it\/giuseppe-conte\/\" class=\"ek-link\">premier Giuseppe Conte<\/a> e neanche questa volta fa eccezione.<\/p>\n\n\n\n<p><a href=\"https:\/\/www.adirai.it\/luigi-di-maio\/\" class=\"ek-link\">Di Maio<\/a>, ministro degli Esteri nel <strong>governo Conte bis<\/strong>, dice di &#8220;<strong>credere in questo esecutivo<\/strong> e nei progetti comuni&#8221;, ma ribadisce di volere &#8220;modifiche sostanziali&#8221; alla <strong>riforma del Mes<\/strong>. Insomma, &#8220;L&#8217;Italia non pu\u00f2 pensare di firmare al buio, \u00e8 bene che ci sia una riflessione&#8221;.<\/p>\n\n\n\n<p>Il <strong>capo politico<\/strong> del <a href=\"https:\/\/www.adirai.it\/movimento-5-stelle\/\" class=\"ek-link\">Movimento 5 Stelle<\/a> quindi conferma che solo &#8220;Quando avremo letto tutto, potremo verificare se il pacchetto convenga all&#8217;Italia oppure no. Secondo me, \u00e8 sano non accelerare in maniera incauta, ma difendere i propri interessi, \u00e8 bene che <strong>i negoziati proseguano con il protagonismo dell&#8217;Italia<\/strong>&#8220;.<\/p>\n\n\n\n<p>Un&#8217;altro che si preoccupa della credibilit\u00e0 del Paese \u00e8 <a href=\"https:\/\/www.adirai.it\/politica\/ultime-governo-renzi-matteo-vuole-franceschini-premier\/\" class=\"ek-link\">Dario Franceschini<\/a>, &#8220;Dopo le parole di Di Maio aspettiamo i fatti&#8221;, &#8220;in gioco in queste ore c&#8217;\u00e8 la <strong>credibilit\u00e0 dell&#8217;Italia, lo spread e i mercati<\/strong>&#8220;.<\/p>\n\n\n\n<p><strong>CONDIVIDI le ultime notizie sul MES e Conte.<\/strong><\/p>\n","protected":false},"excerpt":{"rendered":"<p>MES Conte incontra Zingaretti e Di Maio a Palazzo Chigi, tesi MES Conte oggi ha incontrato i vertici di maggioranza Luigi Di Maio e Zingaretti a Palazzo Chigi ma l&#8217;atmosfera \u00e8 tesa. Il PD vuole preservare la credibilit\u00e0 di questo esecutivo dopo che \u00e8 stata messa a dura prova dalle ultime notizie sul premier in [&hellip;]<\/p>\n","protected":false},"author":2,"featured_media":7221,"comment_status":"closed","ping_status":"closed","sticky":false,"template":"","format":"standard","meta":[],"categories":[2],"tags":[15,127,52],"yoast_head":"<title>MES Conte incontra Zingaretti e Di Maio a Palazzo Chigi, tesi<\/title>\n<meta name=\"description\" content=\"MES Conte il presidente del Consiglio incontra i vertici di maggioranza a Palazzo Chigi, Zingaretti e PD teme per credibilit\u00e0 con UE, Di Maio fiducioso\" \/>\n<meta name=\"robots\" content=\"index, follow, max-snippet:-1, max-image-preview:large, max-video-preview:-1\" \/>\n<link rel=\"canonical\" href=\"https:\/\/www.adirai.it\/politica\/mes-conte-incontra-zingaretti-e-di-maio-a-palazzo-chigi-tesi\/\" \/>\n<meta property=\"og:locale\" content=\"it_IT\" \/>\n<meta property=\"og:type\" content=\"article\" \/>\n<meta property=\"og:title\" content=\"MES Conte incontra Zingaretti e Di Maio a Palazzo Chigi, tesi\" \/>\n<meta property=\"og:description\" content=\"MES Conte il presidente del Consiglio incontra i vertici di maggioranza a Palazzo Chigi, Zingaretti e PD teme per credibilit\u00e0 con UE, Di Maio fiducioso\" \/>\n<meta property=\"og:url\" content=\"https:\/\/www.adirai.it\/politica\/mes-conte-incontra-zingaretti-e-di-maio-a-palazzo-chigi-tesi\/\" \/>\n<meta property=\"og:site_name\" content=\"Adirai Notizie\" \/>\n<meta property=\"article:published_time\" content=\"2019-12-01T15:40:22+00:00\" \/>\n<meta property=\"article:modified_time\" content=\"2020-02-20T18:00:47+00:00\" \/>\n<meta property=\"og:image\" content=\"https:\/\/www.adirai.it\/media\/2019\/12\/mes-conte-giuseppe-premier.jpg\" \/>\n\t<meta property=\"og:image:width\" content=\"1200\" \/>\n\t<meta property=\"og:image:height\" content=\"675\" \/>\n\t<meta property=\"og:image:type\" content=\"image\/jpeg\" \/>\n<meta name=\"author\" content=\"Adirai Italia\" \/>\n<meta name=\"twitter:card\" content=\"summary_large_image\" \/>\n<meta name=\"twitter:creator\" content=\"@AdiraiIt\" \/>\n<meta name=\"twitter:site\" content=\"@AdiraiIt\" \/>\n<meta name=\"twitter:label1\" content=\"Scritto da\" \/>\n\t<meta name=\"twitter:data1\" content=\"Adirai Italia\" \/>\n\t<meta name=\"twitter:label2\" content=\"Tempo di lettura stimato\" \/>\n\t<meta name=\"twitter:data2\" content=\"2 minuti\" \/>","yoast_head_json":{"title":"MES Conte incontra Zingaretti e Di Maio a Palazzo Chigi, tesi","description":"MES Conte il presidente del Consiglio incontra i vertici di maggioranza a Palazzo Chigi, Zingaretti e PD teme per credibilit\u00e0 con UE, Di Maio fiducioso","robots":{"index":"index","follow":"follow","max-snippet":"max-snippet:-1","max-image-preview":"max-image-preview:large","max-video-preview":"max-video-preview:-1"},"canonical":"https:\/\/www.adirai.it\/politica\/mes-conte-incontra-zingaretti-e-di-maio-a-palazzo-chigi-tesi\/","og_locale":"it_IT","og_type":"article","og_title":"MES Conte incontra Zingaretti e Di Maio a Palazzo Chigi, tesi","og_description":"MES Conte il presidente del Consiglio incontra i vertici di maggioranza a Palazzo Chigi, Zingaretti e PD teme per credibilit\u00e0 con UE, Di Maio fiducioso","og_url":"https:\/\/www.adirai.it\/politica\/mes-conte-incontra-zingaretti-e-di-maio-a-palazzo-chigi-tesi\/","og_site_name":"Adirai Notizie","article_published_time":"2019-12-01T15:40:22+00:00","article_modified_time":"2020-02-20T18:00:47+00:00","og_image":[{"width":1200,"height":675,"url":"https:\/\/www.adirai.it\/media\/2019\/12\/mes-conte-giuseppe-premier.jpg","type":"image\/jpeg"}],"author":"Adirai Italia","twitter_card":"summary_large_image","twitter_creator":"@AdiraiIt","twitter_site":"@AdiraiIt","twitter_misc":{"Scritto da":"Adirai Italia","Tempo di lettura stimato":"2 minuti"},"schema":{"@context":"https:\/\/schema.org","@graph":[{"@type":"Article","@id":"https:\/\/www.adirai.it\/politica\/mes-conte-incontra-zingaretti-e-di-maio-a-palazzo-chigi-tesi\/#article","isPartOf":{"@id":"https:\/\/www.adirai.it\/politica\/mes-conte-incontra-zingaretti-e-di-maio-a-palazzo-chigi-tesi\/"},"author":{"name":"Adirai Italia","@id":"https:\/\/www.adirai.it\/#\/schema\/person\/a5f58f133c7b98c534f588d596d78734"},"headline":"MES Conte incontra Zingaretti e Di Maio a Palazzo Chigi, tesi","datePublished":"2019-12-01T15:40:22+00:00","dateModified":"2020-02-20T18:00:47+00:00","mainEntityOfPage":{"@id":"https:\/\/www.adirai.it\/politica\/mes-conte-incontra-zingaretti-e-di-maio-a-palazzo-chigi-tesi\/"},"wordCount":509,"publisher":{"@id":"https:\/\/www.adirai.it\/#organization"},"keywords":["Giuseppe Conte","Governo Italiano","Unione Europea"],"articleSection":["Politica"],"inLanguage":"it-IT"},{"@type":"WebPage","@id":"https:\/\/www.adirai.it\/politica\/mes-conte-incontra-zingaretti-e-di-maio-a-palazzo-chigi-tesi\/","url":"https:\/\/www.adirai.it\/politica\/mes-conte-incontra-zingaretti-e-di-maio-a-palazzo-chigi-tesi\/","name":"MES Conte incontra Zingaretti e Di Maio a Palazzo Chigi, tesi","isPartOf":{"@id":"https:\/\/www.adirai.it\/#website"},"datePublished":"2019-12-01T15:40:22+00:00","dateModified":"2020-02-20T18:00:47+00:00","description":"MES Conte il presidente del Consiglio incontra i vertici di maggioranza a Palazzo Chigi, Zingaretti e PD teme per credibilit\u00e0 con UE, Di Maio fiducioso","breadcrumb":{"@id":"https:\/\/www.adirai.it\/politica\/mes-conte-incontra-zingaretti-e-di-maio-a-palazzo-chigi-tesi\/#breadcrumb"},"inLanguage":"it-IT","potentialAction":[{"@type":"ReadAction","target":["https:\/\/www.adirai.it\/politica\/mes-conte-incontra-zingaretti-e-di-maio-a-palazzo-chigi-tesi\/"]}]},{"@type":"BreadcrumbList","@id":"https:\/\/www.adirai.it\/politica\/mes-conte-incontra-zingaretti-e-di-maio-a-palazzo-chigi-tesi\/#breadcrumb","itemListElement":[{"@type":"ListItem","position":1,"name":"Home","item":"https:\/\/www.adirai.it\/"},{"@type":"ListItem","position":2,"name":"MES Conte incontra Zingaretti e Di Maio a Palazzo Chigi, tesi"}]},{"@type":"WebSite","@id":"https:\/\/www.adirai.it\/#website","url":"https:\/\/www.adirai.it\/","name":"Adirai Notizie","description":"","publisher":{"@id":"https:\/\/www.adirai.it\/#organization"},"potentialAction":[{"@type":"SearchAction","target":{"@type":"EntryPoint","urlTemplate":"https:\/\/www.adirai.it\/?s={search_term_string}"},"query-input":"required name=search_term_string"}],"inLanguage":"it-IT"},{"@type":"Organization","@id":"https:\/\/www.adirai.it\/#organization","name":"Adirai Notizie","url":"https:\/\/www.adirai.it\/","logo":{"@type":"ImageObject","inLanguage":"it-IT","@id":"https:\/\/www.adirai.it\/#\/schema\/logo\/image\/","url":"https:\/\/www.adirai.it\/media\/2019\/08\/adirai-logo.jpg","contentUrl":"https:\/\/www.adirai.it\/media\/2019\/08\/adirai-logo.jpg","width":600,"height":600,"caption":"Adirai Notizie"},"image":{"@id":"https:\/\/www.adirai.it\/#\/schema\/logo\/image\/"},"sameAs":["https:\/\/twitter.com\/AdiraiIt"]},{"@type":"Person","@id":"https:\/\/www.adirai.it\/#\/schema\/person\/a5f58f133c7b98c534f588d596d78734","name":"Adirai Italia","image":{"@type":"ImageObject","inLanguage":"it-IT","@id":"https:\/\/www.adirai.it\/#\/schema\/person\/image\/","url":"https:\/\/secure.gravatar.com\/avatar\/6b3b05aeab69cd7245f16ead3dd76a3d?s=96&d=mm&r=g","contentUrl":"https:\/\/secure.gravatar.com\/avatar\/6b3b05aeab69cd7245f16ead3dd76a3d?s=96&d=mm&r=g","caption":"Adirai Italia"},"sameAs":["https:\/\/www.adirai.it\/"]}]}},"post_mailing_queue_ids":[],"_links":{"self":[{"href":"https:\/\/www.adirai.it\/api\/wp\/v2\/posts\/7219"}],"collection":[{"href":"https:\/\/www.adirai.it\/api\/wp\/v2\/posts"}],"about":[{"href":"https:\/\/www.adirai.it\/api\/wp\/v2\/types\/post"}],"author":[{"embeddable":true,"href":"https:\/\/www.adirai.it\/api\/wp\/v2\/users\/2"}],"replies":[{"embeddable":true,"href":"https:\/\/www.adirai.it\/api\/wp\/v2\/comments?post=7219"}],"version-history":[{"count":0,"href":"https:\/\/www.adirai.it\/api\/wp\/v2\/posts\/7219\/revisions"}],"wp:featuredmedia":[{"embeddable":true,"href":"https:\/\/www.adirai.it\/api\/wp\/v2\/media\/7221"}],"wp:attachment":[{"href":"https:\/\/www.adirai.it\/api\/wp\/v2\/media?parent=7219"}],"wp:term":[{"taxonomy":"category","embeddable":true,"href":"https:\/\/www.adirai.it\/api\/wp\/v2\/categories?post=7219"},{"taxonomy":"post_tag","embeddable":true,"href":"https:\/\/www.adirai.it\/api\/wp\/v2\/tags?post=7219"}],"curies":[{"name":"wp","href":"https:\/\/api.w.org\/{rel}","templated":true}]}}