{"id":6896,"date":"2019-11-24T16:27:06","date_gmt":"2019-11-24T15:27:06","guid":{"rendered":"https:\/\/www.adirai.it\/?p=6896"},"modified":"2020-02-20T19:22:49","modified_gmt":"2020-02-20T18:22:49","slug":"sardine-movimento-di-sinistra-senza-bandiere-e-anti-populista","status":"publish","type":"post","link":"https:\/\/www.adirai.it\/politica\/sardine-movimento-di-sinistra-senza-bandiere-e-anti-populista\/","title":{"rendered":"Sardine Movimento di sinistra senza bandiere e anti-populista"},"content":{"rendered":"\n<h1>Sardine Movimento di sinistra senza bandiere e anti-populista<\/h1>\n\n\n\n<figure class=\"wp-block-image size-large is-resized imgpost\"><img decoding=\"async\" loading=\"lazy\" src=\"https:\/\/www.adirai.it\/media\/2019\/11\/movimento-delle-sardine-720x405.jpg\" alt=\"manifesto sardine movimento\" class=\"wp-image-6902\" width=\"720\" height=\"405\" srcset=\"https:\/\/www.adirai.it\/media\/2019\/11\/movimento-delle-sardine-720x405.jpg 720w, https:\/\/www.adirai.it\/media\/2019\/11\/movimento-delle-sardine-300x169.jpg 300w, https:\/\/www.adirai.it\/media\/2019\/11\/movimento-delle-sardine-768x432.jpg 768w, https:\/\/www.adirai.it\/media\/2019\/11\/movimento-delle-sardine-220x124.jpg 220w, https:\/\/www.adirai.it\/media\/2019\/11\/movimento-delle-sardine-360x203.jpg 360w, https:\/\/www.adirai.it\/media\/2019\/11\/movimento-delle-sardine-160x90.jpg 160w, https:\/\/www.adirai.it\/media\/2019\/11\/movimento-delle-sardine.jpg 1200w\" sizes=\"(max-width: 720px) 100vw, 720px\" \/><\/figure>\n\n\n\n<p><strong>Sardine Movimento degli ultimi in protesta.<\/strong> E&#8217; bello volersi unire e manifestare se serve a qualcosa, <strong>a cosa serve il movimento delle sardine?<\/strong> A creare un nuovo partito di protesta che <strong>far\u00e0 la stessa fine dei Cinque Stelle esattamente un anno dopo<\/strong>. Gli italiani sono stanchi e vorrebbero un&#8217;Italia molto diversa, <strong>fare disegnini di sardine<\/strong> per\u00f2 non aiuta e vi spieghiamo perch\u00e9.<\/p>\n\n\n\n\n\n\n\n<h2>Manifesto delle Sardine<\/h2>\n\n\n\n<p>Dal 14 Novembre 2019 esiste una <strong>pagina Facebook &#8216;6000 sardine&#8217;<\/strong>, creata dagli ideatori del <strong>movimento delle sardine<\/strong>. Di recente hanno integrato il loro manifesto in <a rel=\"noreferrer nofollow noopener\" aria-label=\"questa pagina facebook (apre in una nuova scheda)\" href=\"https:\/\/www.facebook.com\/6000sardine\/\" target=\"_blank\" class=\"ek-link\">questa pagina facebook<\/a> e leggendo, l&#8217;impressione che si pu\u00f2 avere \u00e8 solo una: &#8220;<em>can che abbaia non morde<\/em>&#8220;.<\/p>\n\n\n\n<p><strong><em>SARDINE MOVIMENTO<\/em><\/strong> &#8211; &#8220;Benvenuti in mare aperto&#8221; inizia la metafora, preannuncia un lungo viaggio, attraverso il <strong>malcontento popolare<\/strong>. Una buona strategia per accaparrarsi il consenso dei <strong>disadattati a cui non va bene niente<\/strong> ma non sono disposti a fare nulla per il proprio Paese, PER L&#8217;ITALIA. Il resto del manifesto lo trovate su Facebook, questa \u00e8 solo <strong>la nostra opinione<\/strong> a riguardo, se vi pu\u00f2 interessare.<\/p>\n\n\n\n<h2>Sardine Movimento anti-populista<\/h2>\n\n\n\n<p><strong>Il movimento delle Sardine \u00e8 anti-populista<\/strong>: &#8220;Cari populisti, lo avete capito. La festa \u00e8 finita.&#8221; Nel manifesto sardine ci sono <strong>accuse contro il governo e i parlamentari<\/strong>, in sostanza dicono ai politici quello che tutti sappiamo da sempre <strong>(si spera)<\/strong>: bugiardi, approfittatori, accecati dal potere, ecc&#8230;<\/p>\n\n\n\n<p>&#8220;Un oceano di comunicazione vuota&#8221; definiscono cos\u00ec le promesse dei politici. <strong>&#8220;Comunicazione vuota&#8221; almeno tanto quanto il loro manifesto<\/strong>, che non differisce neanche di una virgola da un <strong>tipico comizio italiano<\/strong>. <a href=\"https:\/\/www.adirai.it\/giorgia-meloni\/\" class=\"ek-link\">La Meloni<\/a> ad esempio <strong>parla naturalmente<\/strong> in questi termini, infatti \u00e8 tra i leader politici pi\u00f9 amati dagli italiani (seconda solo a <a href=\"https:\/\/www.adirai.it\/giuseppe-conte\/\" class=\"ek-link\">Conte<\/a> e <a href=\"https:\/\/www.adirai.it\/matteo-salvini\/\" class=\"ek-link\">Salvini<\/a>).<\/p>\n\n\n\n<h2>Sardine Movimento di protesta<\/h2>\n\n\n\n<p>La parte interessante del manifesto \u00e8 racchiusa in questa frase &#8220;<strong>Per troppo tempo vi abbiamo lasciato fare.<\/strong>&#8221; Suona come una minaccia, come se qualcosa di rivoluzionario starebbe per accadere!<\/p>\n\n\n\n<p class=\"has-background has-very-light-gray-background-color\">Ma chi ti credi di essere? <strong>Tu che hai scritto queste parole, pensi davvero di essere all&#8217;altezza di questa frase?<\/strong> Le parole vanno pesate bene.<\/p>\n\n\n\n<p>E comunque, frasi come &#8220;Per troppo tempo vi abbiamo lasciato fare&#8221; sono quelle che stanno facendo rincog****ire <strong>il 15% degli italiani che oggi li voterebbe alle elezioni.<\/strong> E questo \u00e8 il punto della questione:<\/p>\n\n\n\n<p class=\"has-background has-very-light-gray-background-color\"><strong>Gli italiani voteranno chiunque faccia credere loro che realmente si differiscono da tutta la classe politica attuale.<\/strong><\/p>\n\n\n\n<p>E&#8217; andata cos\u00ec per il <a href=\"https:\/\/www.adirai.it\/movimento-5-stelle\/\" class=\"ek-link\">Movimento 5 stelle<\/a>, che essendo oggi al governo non fa pi\u00f9 testo come movimento di protesta, \u00e8 solo un altro comune partito. <em>Andr\u00e0 cos\u00ec anche per le Sardine<\/em>, che poi <strong>gi\u00e0 il nome&#8230; Sardine<\/strong>.<\/p>\n\n\n\n<h2>INCAZZARSI fa cambiare le cose<\/h2>\n\n\n\n<p>Agli italiani piace stare nelle piazze a urlare uno slogan? Agli italiani dovrebbe piacere <strong>la dignit\u00e0, l&#8217;onest\u00e0, la sincerit\u00e0<\/strong> e agli italiani dovrebbe piacere <strong>INCAZZARSI per i propri diritti<\/strong>. E siamo certi che INCAZZARSI non vuol dire andare a sbraitare contro Salvini nelle piazze. INCAZZARSI vuol dire &#8220;<em>adesso dai una dignit\u00e0 alla mia gente o saranno guai!<\/em>&#8220;<\/p>\n\n\n\n<p class=\"has-background has-very-light-gray-background-color\">IN TUTTO IL MONDO FUNZIONA COSI&#8217; <strong>In Italia no.<\/strong> In Italia finch\u00e9 abbiamo il caff\u00e8 caldo la mattina va tutto bene, ci possono anche rapinare la nonna, tagliare la testa al cavallo, ridurci alla fame. <strong>Va sempre tutto bene.<\/strong><\/p>\n\n\n\n<h2>NO alle piazze delle Sardine<\/h2>\n\n\n\n<p><strong>Ebbene, speriamo che non siete tra quelle sardine.<\/strong> Perch\u00e9 l&#8217;Italia \u00e8 satura proprio di quella gente. <strong>Gente che come sardine si stringe nelle piazze per dimostrar qualcosa di cui non conosce l&#8217;esistenza.<\/strong> VALORI che non fanno pi\u00f9 parte di questa comunit\u00e0 da almeno 10 anni. Gente che per pura incoerenza volter\u00e0 faccia a un suo connazionale proprio dopo aver svoltato in un vicolo della piazza <strong>dopo la manifestazione<\/strong>.<\/p>\n\n\n\n<p>Non ce l&#8217;abbiamo con le sardine in particolare, attenzione! No, <strong>noi ce la prendiamo con ogni singola persona che scende in piazza giusto per far &#8220;caciara&#8221;<\/strong>, la stessa caciara di cui parla il <em>manifesto delle sardine<\/em>.<\/p>\n\n\n\n<p><strong><em>SARDINE MOVIMENTO<\/em><\/strong> &#8211; &#8220;<span style=\"text-decoration: underline;\">Per troppo tempo avete ridicolizzato argomenti serissimi per proteggervi buttando tutto in caciara.<\/span>&#8221; Questa frase noi la possiamo dire <strong>a tutti quelli che stando in piazza pensano di poter cambiare qualcosa.<\/strong><\/p>\n\n\n\n<h2>Sveglia polli, altro che sardine!<\/h2>\n\n\n\n<p><strong>Il cambiamento arriva quando<\/strong> finalmente la smetti di pendere dalle labbra del primo <strong>Che Guevara<\/strong> che si affaccia al mondo della politica. Suvvia! <strong>Siate pi\u00f9 dignitosi di cos\u00ec!<\/strong><\/p>\n\n\n\n<p>Le <a rel=\"noreferrer noopener\" aria-label=\"Sardine (apre in una nuova scheda)\" href=\"https:\/\/www.adirai.it\/media\/2019\/11\/sardine.jpg\" target=\"_blank\" class=\"ek-link\">Sardine<\/a> si emozionano per le piazze piene di persone che inneggiano alla protesta senza bandiere, ma in realt\u00e0 <strong>la bandiera c&#8217;\u00e8, ed \u00e8 di sinistra. <\/strong>Non a caso il manifesto delle sardine dice:<\/p>\n\n\n\n<p><strong><em>SARDINE MOVIMENTO<\/em><\/strong> &#8211; &#8220;<span style=\"text-decoration: underline;\">Crediamo ancora nella politica e nei politici con la P maiuscola.<\/span> In quelli che pur sbagliando ci provano, che pensano al proprio interesse personale solo dopo aver pensato a quello di tutti gli altri. Sono rimasti in pochi, ma <span style=\"text-decoration: underline;\">ci sono<\/span>. <strong>E torneremo a dargli coraggio, <span style=\"text-decoration: underline;\">dicendogli grazie<\/span>.<\/strong>&#8221; Cosa ci impedisce di pensare che questa frase sia dedicata proprio a qualche <strong>politico stratega<\/strong> del <a href=\"https:\/\/www.adirai.it\/partito-democratico\/\" class=\"ek-link\">PD<\/a> o dei <a href=\"https:\/\/www.adirai.it\/movimento-5-stelle\/\" class=\"ek-link\">5 stelle<\/a>, magari \u00e8 proprio <a href=\"https:\/\/www.adirai.it\/matteo-renzi\/\" class=\"ek-link\">Renzi<\/a>.<\/p>\n\n\n\n<p>Si tratta semplicemente di un altro partito di sinistra che ha come scopo principale &#8220;<span style=\"text-decoration: underline;\"><strong>fare il lavaggio del cervello (quel che ne rimane) agli italiani!<\/strong><\/span>&#8220;. Se cos\u00ec non fosse, vi assicuro che non ne staremmo parlando: <strong>in Italia chi fa la cosa giusta non \u00e8 mai in prima pagina.<\/strong><\/p>\n\n\n\n<p>Si conclude con una citazione:<\/p>\n\n\n\n<blockquote class=\"wp-block-quote\"><p>&#8220;E\u2019 chiaro che il pensiero d\u00e0 fastidio, anche se chi pensa \u00e8 muto come un pesce. Anzi, \u00e8 un pesce. E <strong>come pesce \u00e8 difficile da bloccare, perch\u00e9 lo protegge il mare.<\/strong> Com&#8217;\u00e8 profondo il mare&#8221;.<\/p><\/blockquote>\n\n\n\n<p>Italiani, amici cari, <strong>qui non vi protegge nessuno<\/strong> se non siete voi stessi a mettere una mano dietro e una avanti&#8230; e neanche le sardine fanno eccezione. <strong>Ribellarsi a una vita del ca**o \u00e8 un&#8217;altra cosa!<\/strong><\/p>\n\n\n\n<p><strong><span style=\"text-decoration: underline;\">CONDIVIDI la verit\u00e0, nuda e cruda, sul movimento delle sardine e simili!<\/span><\/strong><\/p>\n","protected":false},"excerpt":{"rendered":"<p>Sardine Movimento di sinistra senza bandiere e anti-populista Sardine Movimento degli ultimi in protesta. E&#8217; bello volersi unire e manifestare se serve a qualcosa, a cosa serve il movimento delle sardine? A creare un nuovo partito di protesta che far\u00e0 la stessa fine dei Cinque Stelle esattamente un anno dopo. Gli italiani sono stanchi e [&hellip;]<\/p>\n","protected":false},"author":1,"featured_media":6902,"comment_status":"closed","ping_status":"closed","sticky":false,"template":"","format":"standard","meta":[],"categories":[2],"tags":[127],"yoast_head":"<title>Sardine Movimento di sinistra senza bandiere e anti-populista<\/title>\n<meta name=\"description\" content=\"Sardine Movimento anti-populista di sinistra ma senza bandiere, sondaggi sardine al 15% era necessaria la nostra opinione, buon risveglio\" \/>\n<meta name=\"robots\" content=\"index, follow, max-snippet:-1, max-image-preview:large, max-video-preview:-1\" \/>\n<link rel=\"canonical\" href=\"https:\/\/www.adirai.it\/politica\/sardine-movimento-di-sinistra-senza-bandiere-e-anti-populista\/\" \/>\n<meta property=\"og:locale\" content=\"it_IT\" \/>\n<meta property=\"og:type\" content=\"article\" \/>\n<meta property=\"og:title\" content=\"Sardine Movimento di sinistra senza bandiere e anti-populista\" \/>\n<meta property=\"og:description\" content=\"Sardine Movimento anti-populista di sinistra ma senza bandiere, sondaggi sardine al 15% era necessaria la nostra opinione, buon risveglio\" \/>\n<meta property=\"og:url\" content=\"https:\/\/www.adirai.it\/politica\/sardine-movimento-di-sinistra-senza-bandiere-e-anti-populista\/\" \/>\n<meta property=\"og:site_name\" content=\"Adirai Notizie\" \/>\n<meta property=\"article:published_time\" content=\"2019-11-24T15:27:06+00:00\" \/>\n<meta property=\"article:modified_time\" content=\"2020-02-20T18:22:49+00:00\" \/>\n<meta property=\"og:image\" content=\"https:\/\/www.adirai.it\/media\/2019\/11\/movimento-delle-sardine.jpg\" \/>\n\t<meta property=\"og:image:width\" content=\"1200\" \/>\n\t<meta property=\"og:image:height\" content=\"675\" \/>\n\t<meta property=\"og:image:type\" content=\"image\/jpeg\" \/>\n<meta name=\"author\" content=\"Adirai Italia\" \/>\n<meta name=\"twitter:card\" content=\"summary_large_image\" \/>\n<meta name=\"twitter:creator\" content=\"@AdiraiIt\" \/>\n<meta name=\"twitter:site\" content=\"@AdiraiIt\" \/>\n<meta name=\"twitter:label1\" content=\"Scritto da\" \/>\n\t<meta name=\"twitter:data1\" content=\"Adirai Italia\" \/>\n\t<meta name=\"twitter:label2\" content=\"Tempo di lettura stimato\" \/>\n\t<meta name=\"twitter:data2\" content=\"5 minuti\" \/>","yoast_head_json":{"title":"Sardine Movimento di sinistra senza bandiere e anti-populista","description":"Sardine Movimento anti-populista di sinistra ma senza bandiere, sondaggi sardine al 15% era necessaria la nostra opinione, buon risveglio","robots":{"index":"index","follow":"follow","max-snippet":"max-snippet:-1","max-image-preview":"max-image-preview:large","max-video-preview":"max-video-preview:-1"},"canonical":"https:\/\/www.adirai.it\/politica\/sardine-movimento-di-sinistra-senza-bandiere-e-anti-populista\/","og_locale":"it_IT","og_type":"article","og_title":"Sardine Movimento di sinistra senza bandiere e anti-populista","og_description":"Sardine Movimento anti-populista di sinistra ma senza bandiere, sondaggi sardine al 15% era necessaria la nostra opinione, buon risveglio","og_url":"https:\/\/www.adirai.it\/politica\/sardine-movimento-di-sinistra-senza-bandiere-e-anti-populista\/","og_site_name":"Adirai Notizie","article_published_time":"2019-11-24T15:27:06+00:00","article_modified_time":"2020-02-20T18:22:49+00:00","og_image":[{"width":1200,"height":675,"url":"https:\/\/www.adirai.it\/media\/2019\/11\/movimento-delle-sardine.jpg","type":"image\/jpeg"}],"author":"Adirai Italia","twitter_card":"summary_large_image","twitter_creator":"@AdiraiIt","twitter_site":"@AdiraiIt","twitter_misc":{"Scritto da":"Adirai Italia","Tempo di lettura stimato":"5 minuti"},"schema":{"@context":"https:\/\/schema.org","@graph":[{"@type":"Article","@id":"https:\/\/www.adirai.it\/politica\/sardine-movimento-di-sinistra-senza-bandiere-e-anti-populista\/#article","isPartOf":{"@id":"https:\/\/www.adirai.it\/politica\/sardine-movimento-di-sinistra-senza-bandiere-e-anti-populista\/"},"author":{"name":"Adirai Italia","@id":"https:\/\/www.adirai.it\/#\/schema\/person\/c2e689ea05604dcd582e7ad50aa88fbf"},"headline":"Sardine Movimento di sinistra senza bandiere e anti-populista","datePublished":"2019-11-24T15:27:06+00:00","dateModified":"2020-02-20T18:22:49+00:00","mainEntityOfPage":{"@id":"https:\/\/www.adirai.it\/politica\/sardine-movimento-di-sinistra-senza-bandiere-e-anti-populista\/"},"wordCount":956,"publisher":{"@id":"https:\/\/www.adirai.it\/#organization"},"keywords":["Governo Italiano"],"articleSection":["Politica"],"inLanguage":"it-IT"},{"@type":"WebPage","@id":"https:\/\/www.adirai.it\/politica\/sardine-movimento-di-sinistra-senza-bandiere-e-anti-populista\/","url":"https:\/\/www.adirai.it\/politica\/sardine-movimento-di-sinistra-senza-bandiere-e-anti-populista\/","name":"Sardine Movimento di sinistra senza bandiere e anti-populista","isPartOf":{"@id":"https:\/\/www.adirai.it\/#website"},"datePublished":"2019-11-24T15:27:06+00:00","dateModified":"2020-02-20T18:22:49+00:00","description":"Sardine Movimento anti-populista di sinistra ma senza bandiere, sondaggi sardine al 15% era necessaria la nostra opinione, buon risveglio","breadcrumb":{"@id":"https:\/\/www.adirai.it\/politica\/sardine-movimento-di-sinistra-senza-bandiere-e-anti-populista\/#breadcrumb"},"inLanguage":"it-IT","potentialAction":[{"@type":"ReadAction","target":["https:\/\/www.adirai.it\/politica\/sardine-movimento-di-sinistra-senza-bandiere-e-anti-populista\/"]}]},{"@type":"BreadcrumbList","@id":"https:\/\/www.adirai.it\/politica\/sardine-movimento-di-sinistra-senza-bandiere-e-anti-populista\/#breadcrumb","itemListElement":[{"@type":"ListItem","position":1,"name":"Home","item":"https:\/\/www.adirai.it\/"},{"@type":"ListItem","position":2,"name":"Sardine Movimento di sinistra senza bandiere e anti-populista"}]},{"@type":"WebSite","@id":"https:\/\/www.adirai.it\/#website","url":"https:\/\/www.adirai.it\/","name":"Adirai Notizie","description":"","publisher":{"@id":"https:\/\/www.adirai.it\/#organization"},"potentialAction":[{"@type":"SearchAction","target":{"@type":"EntryPoint","urlTemplate":"https:\/\/www.adirai.it\/?s={search_term_string}"},"query-input":"required name=search_term_string"}],"inLanguage":"it-IT"},{"@type":"Organization","@id":"https:\/\/www.adirai.it\/#organization","name":"Adirai Notizie","url":"https:\/\/www.adirai.it\/","logo":{"@type":"ImageObject","inLanguage":"it-IT","@id":"https:\/\/www.adirai.it\/#\/schema\/logo\/image\/","url":"https:\/\/www.adirai.it\/media\/2019\/08\/adirai-logo.jpg","contentUrl":"https:\/\/www.adirai.it\/media\/2019\/08\/adirai-logo.jpg","width":600,"height":600,"caption":"Adirai Notizie"},"image":{"@id":"https:\/\/www.adirai.it\/#\/schema\/logo\/image\/"},"sameAs":["https:\/\/twitter.com\/AdiraiIt"]},{"@type":"Person","@id":"https:\/\/www.adirai.it\/#\/schema\/person\/c2e689ea05604dcd582e7ad50aa88fbf","name":"Adirai Italia","image":{"@type":"ImageObject","inLanguage":"it-IT","@id":"https:\/\/www.adirai.it\/#\/schema\/person\/image\/","url":"https:\/\/secure.gravatar.com\/avatar\/3c627bf49b0852afc4d80303835b7d40?s=96&d=mm&r=g","contentUrl":"https:\/\/secure.gravatar.com\/avatar\/3c627bf49b0852afc4d80303835b7d40?s=96&d=mm&r=g","caption":"Adirai Italia"}}]}},"post_mailing_queue_ids":[],"_links":{"self":[{"href":"https:\/\/www.adirai.it\/api\/wp\/v2\/posts\/6896"}],"collection":[{"href":"https:\/\/www.adirai.it\/api\/wp\/v2\/posts"}],"about":[{"href":"https:\/\/www.adirai.it\/api\/wp\/v2\/types\/post"}],"author":[{"embeddable":true,"href":"https:\/\/www.adirai.it\/api\/wp\/v2\/users\/1"}],"replies":[{"embeddable":true,"href":"https:\/\/www.adirai.it\/api\/wp\/v2\/comments?post=6896"}],"version-history":[{"count":0,"href":"https:\/\/www.adirai.it\/api\/wp\/v2\/posts\/6896\/revisions"}],"wp:featuredmedia":[{"embeddable":true,"href":"https:\/\/www.adirai.it\/api\/wp\/v2\/media\/6902"}],"wp:attachment":[{"href":"https:\/\/www.adirai.it\/api\/wp\/v2\/media?parent=6896"}],"wp:term":[{"taxonomy":"category","embeddable":true,"href":"https:\/\/www.adirai.it\/api\/wp\/v2\/categories?post=6896"},{"taxonomy":"post_tag","embeddable":true,"href":"https:\/\/www.adirai.it\/api\/wp\/v2\/tags?post=6896"}],"curies":[{"name":"wp","href":"https:\/\/api.w.org\/{rel}","templated":true}]}}