{"id":6844,"date":"2019-11-22T20:44:55","date_gmt":"2019-11-22T19:44:55","guid":{"rendered":"https:\/\/www.adirai.it\/?p=6844"},"modified":"2020-02-21T15:39:10","modified_gmt":"2020-02-21T14:39:10","slug":"elezioni-regionali-2019-m5s-candidato-di-maio-sconfitto","status":"publish","type":"post","link":"https:\/\/www.adirai.it\/politica\/elezioni-regionali-2019-m5s-candidato-di-maio-sconfitto\/","title":{"rendered":"Elezioni regionali 2019 M5S candidato, Di Maio sconfitto"},"content":{"rendered":"\n<h1>Elezioni regionali 2019 M5S candidato, Di Maio sconfitto<\/h1>\n\n\n\n<figure class=\"wp-block-image size-large is-resized imgpost\"><img decoding=\"async\" loading=\"lazy\" src=\"https:\/\/www.adirai.it\/media\/2019\/11\/elezioni-regionali-2019-luigi-di-maio-720x405.jpg\" alt=\"elezioni regionali 2019 luigi di maio\" class=\"wp-image-6845\" width=\"720\" height=\"405\" srcset=\"https:\/\/www.adirai.it\/media\/2019\/11\/elezioni-regionali-2019-luigi-di-maio-720x405.jpg 720w, https:\/\/www.adirai.it\/media\/2019\/11\/elezioni-regionali-2019-luigi-di-maio-300x169.jpg 300w, https:\/\/www.adirai.it\/media\/2019\/11\/elezioni-regionali-2019-luigi-di-maio-768x432.jpg 768w, https:\/\/www.adirai.it\/media\/2019\/11\/elezioni-regionali-2019-luigi-di-maio-220x124.jpg 220w, https:\/\/www.adirai.it\/media\/2019\/11\/elezioni-regionali-2019-luigi-di-maio-360x203.jpg 360w, https:\/\/www.adirai.it\/media\/2019\/11\/elezioni-regionali-2019-luigi-di-maio-160x90.jpg 160w, https:\/\/www.adirai.it\/media\/2019\/11\/elezioni-regionali-2019-luigi-di-maio.jpg 1200w\" sizes=\"(max-width: 720px) 100vw, 720px\" \/><\/figure>\n\n\n\n<p><strong>Elezioni Regionali 2019 sulla piattaforma Rousseau i grillini hanno votato &#8220;no&#8221;, quindi s\u00ec che il Movimento 5 stelle ci sar\u00e0 alle regionali di Calabria ed Emilia-Romagna.<\/strong> Di Maio si sente sconfitto, la sua idea di pausa elettorale \u00e8 stata rigettata dagli elettori e iscritti al mov 5 stelle. <strong>Matteo Salvini<\/strong> ne approfitta per fare <strong>razzia di consensi dal malcontento dei grillini.<\/strong><\/p>\n\n\n\n\n\n\n\n<h2>Elezioni regionali 2019 su Rousseau vince il NO (cio\u00e8 s\u00ec)<\/h2>\n\n\n\n<p><strong><em>ELEZIONI REGIONALI 2019<\/em><\/strong> &#8211; La <strong>piattaforma Rousseau<\/strong> ha dato i risultati, ieri gli iscritti al <a href=\"https:\/\/www.adirai.it\/movimento-5-stelle\/\" class=\"ek-link\">Movimento 5 stelle<\/a> hanno votato NO! Per com&#8217;era stata posta la domanda, il NO intendeva il S\u00ec. <strong>Il movimento si candida<\/strong> alle <a href=\"https:\/\/www.adirai.it\/politica\/di-maio-5-stelle-su-rousseau-per-regionali-emilia-e-calabria\/\" class=\"ek-link\">elezioni regionali in Calabria e in Emilia Romagna<\/a>.<\/p>\n\n\n\n<p>I candidati ci sono? <strong>In Calabria<\/strong> il candidato pi\u00f9 accreditato \u00e8 il docente universitario <strong>Francesco Aiello<\/strong>, in Emilia invece si deve ripartire dai consiglieri uscenti.<\/p>\n\n\n\n<p><strong>Di Maio rassicura<\/strong>: &#8220;Non so quale risultato raggiungeremo ma io sar\u00f2 come sempre in prima linea e <strong>non mi risparmier\u00f2&#8221;<\/strong>.<\/p>\n\n\n\n<h2>Elezioni Regionali 2019 Di Maio sconfitto<\/h2>\n\n\n\n<p><strong><em>ELEZIONI REGIONALI 2019<\/em><\/strong> &#8211; &#8220;Gli iscritti ci hanno dato un mandato chiaro e fortissimo: <strong>dobbiamo partecipare alle regionali con tutte le nostre forze ed \u00e8 quello che faremo<\/strong>. Ora c&#8217;\u00e8 una cosa sola da fare: mettersi a pancia a terra e dare il massimo per queste due regioni&#8221;. Queste le prime parole di <a href=\"https:\/\/www.adirai.it\/luigi-di-maio\/\" class=\"ek-link\">Luigi Di Maio<\/a> che in realt\u00e0 ha appena subito una pesante sconfitta:<\/p>\n\n\n\n<p class=\"has-background has-very-light-gray-background-color\">&#8220;Circa <strong>il 70% dei votanti ha bocciato l&#8217;idea della &#8220;pausa elettorale&#8221;<\/strong> e il risultato non potr\u00e0 non pesare negli equilibri interni.&#8221; (Ansa)<\/p>\n\n\n\n<p>Il <strong>26 gennaio<\/strong> si va al voto e il M5s si misurer\u00e0 con le due coalizioni candidandosi da solo.<\/p>\n\n\n\n<h2>Salvini recupera consensi dal malcontento 5 stelle<\/h2>\n\n\n\n<p><strong><em>ELEZIONI REGIONALI 2019<\/em><\/strong> &#8211; <a href=\"https:\/\/www.adirai.it\/matteo-salvini\/\" class=\"ek-link\">Matteo Salvini<\/a>, Leader della <a href=\"https:\/\/www.adirai.it\/lega\/\" class=\"ek-link\">Lega <\/a>ne ha approfittato per recuperare un po&#8217; di consensi oltre confine. Ecco <strong>le parole di Salvini:<\/strong><\/p>\n\n\n\n<blockquote class=\"wp-block-quote\"><p>&#8220;I militanti 5 Stelle hanno sfiduciato Di Maio e Grillo, e con loro il governo contro natura col PD.<strong> Le porte della Lega sono aperte a chi vuole davvero il cambiamento.<\/strong>&#8220;<\/p><cite>Matteo Salvini<\/cite><\/blockquote>\n\n\n\n<p><strong>CONDIVIDI le ultime notizie di politica sulle regionali e il movimento 5 stelle.<\/strong><\/p>\n","protected":false},"excerpt":{"rendered":"<p>Elezioni regionali 2019 M5S candidato, Di Maio sconfitto Elezioni Regionali 2019 sulla piattaforma Rousseau i grillini hanno votato &#8220;no&#8221;, quindi s\u00ec che il Movimento 5 stelle ci sar\u00e0 alle regionali di Calabria ed Emilia-Romagna. Di Maio si sente sconfitto, la sua idea di pausa elettorale \u00e8 stata rigettata dagli elettori e iscritti al mov 5 [&hellip;]<\/p>\n","protected":false},"author":2,"featured_media":6845,"comment_status":"closed","ping_status":"closed","sticky":false,"template":"","format":"standard","meta":[],"categories":[2],"tags":[127,39,138],"yoast_head":"<title>Elezioni regionali 2019 M5S candidato, Di Maio sconfitto<\/title>\n<meta name=\"description\" content=\"Elezioni Regionali 2019 il movimento 5 stelle si candida, voto su Rousseau positivo; Luigi Di Maio sconfitto, Salvini fa razzia di consensi\" \/>\n<meta name=\"robots\" content=\"index, follow, max-snippet:-1, max-image-preview:large, max-video-preview:-1\" \/>\n<link rel=\"canonical\" href=\"https:\/\/www.adirai.it\/politica\/elezioni-regionali-2019-m5s-candidato-di-maio-sconfitto\/\" \/>\n<meta property=\"og:locale\" content=\"it_IT\" \/>\n<meta property=\"og:type\" content=\"article\" \/>\n<meta property=\"og:title\" content=\"Elezioni regionali 2019 M5S candidato, Di Maio sconfitto\" \/>\n<meta property=\"og:description\" content=\"Elezioni Regionali 2019 il movimento 5 stelle si candida, voto su Rousseau positivo; Luigi Di Maio sconfitto, Salvini fa razzia di consensi\" \/>\n<meta property=\"og:url\" content=\"https:\/\/www.adirai.it\/politica\/elezioni-regionali-2019-m5s-candidato-di-maio-sconfitto\/\" \/>\n<meta property=\"og:site_name\" content=\"Adirai Notizie\" \/>\n<meta property=\"article:published_time\" content=\"2019-11-22T19:44:55+00:00\" \/>\n<meta property=\"article:modified_time\" content=\"2020-02-21T14:39:10+00:00\" \/>\n<meta property=\"og:image\" content=\"https:\/\/www.adirai.it\/media\/2019\/11\/elezioni-regionali-2019-luigi-di-maio.jpg\" \/>\n\t<meta property=\"og:image:width\" content=\"1200\" \/>\n\t<meta property=\"og:image:height\" content=\"675\" \/>\n\t<meta property=\"og:image:type\" content=\"image\/jpeg\" \/>\n<meta name=\"author\" content=\"Adirai Italia\" \/>\n<meta name=\"twitter:card\" content=\"summary_large_image\" \/>\n<meta name=\"twitter:creator\" content=\"@AdiraiIt\" \/>\n<meta name=\"twitter:site\" content=\"@AdiraiIt\" \/>\n<meta name=\"twitter:label1\" content=\"Scritto da\" \/>\n\t<meta name=\"twitter:data1\" content=\"Adirai Italia\" \/>\n\t<meta name=\"twitter:label2\" content=\"Tempo di lettura stimato\" \/>\n\t<meta name=\"twitter:data2\" content=\"2 minuti\" \/>","yoast_head_json":{"title":"Elezioni regionali 2019 M5S candidato, Di Maio sconfitto","description":"Elezioni Regionali 2019 il movimento 5 stelle si candida, voto su Rousseau positivo; Luigi Di Maio sconfitto, Salvini fa razzia di consensi","robots":{"index":"index","follow":"follow","max-snippet":"max-snippet:-1","max-image-preview":"max-image-preview:large","max-video-preview":"max-video-preview:-1"},"canonical":"https:\/\/www.adirai.it\/politica\/elezioni-regionali-2019-m5s-candidato-di-maio-sconfitto\/","og_locale":"it_IT","og_type":"article","og_title":"Elezioni regionali 2019 M5S candidato, Di Maio sconfitto","og_description":"Elezioni Regionali 2019 il movimento 5 stelle si candida, voto su Rousseau positivo; Luigi Di Maio sconfitto, Salvini fa razzia di consensi","og_url":"https:\/\/www.adirai.it\/politica\/elezioni-regionali-2019-m5s-candidato-di-maio-sconfitto\/","og_site_name":"Adirai Notizie","article_published_time":"2019-11-22T19:44:55+00:00","article_modified_time":"2020-02-21T14:39:10+00:00","og_image":[{"width":1200,"height":675,"url":"https:\/\/www.adirai.it\/media\/2019\/11\/elezioni-regionali-2019-luigi-di-maio.jpg","type":"image\/jpeg"}],"author":"Adirai Italia","twitter_card":"summary_large_image","twitter_creator":"@AdiraiIt","twitter_site":"@AdiraiIt","twitter_misc":{"Scritto da":"Adirai Italia","Tempo di lettura stimato":"2 minuti"},"schema":{"@context":"https:\/\/schema.org","@graph":[{"@type":"Article","@id":"https:\/\/www.adirai.it\/politica\/elezioni-regionali-2019-m5s-candidato-di-maio-sconfitto\/#article","isPartOf":{"@id":"https:\/\/www.adirai.it\/politica\/elezioni-regionali-2019-m5s-candidato-di-maio-sconfitto\/"},"author":{"name":"Adirai Italia","@id":"https:\/\/www.adirai.it\/#\/schema\/person\/a5f58f133c7b98c534f588d596d78734"},"headline":"Elezioni regionali 2019 M5S candidato, Di Maio sconfitto","datePublished":"2019-11-22T19:44:55+00:00","dateModified":"2020-02-21T14:39:10+00:00","mainEntityOfPage":{"@id":"https:\/\/www.adirai.it\/politica\/elezioni-regionali-2019-m5s-candidato-di-maio-sconfitto\/"},"wordCount":353,"publisher":{"@id":"https:\/\/www.adirai.it\/#organization"},"keywords":["Governo Italiano","Luigi Di Maio","Movimento 5 Stelle"],"articleSection":["Politica"],"inLanguage":"it-IT"},{"@type":"WebPage","@id":"https:\/\/www.adirai.it\/politica\/elezioni-regionali-2019-m5s-candidato-di-maio-sconfitto\/","url":"https:\/\/www.adirai.it\/politica\/elezioni-regionali-2019-m5s-candidato-di-maio-sconfitto\/","name":"Elezioni regionali 2019 M5S candidato, Di Maio sconfitto","isPartOf":{"@id":"https:\/\/www.adirai.it\/#website"},"datePublished":"2019-11-22T19:44:55+00:00","dateModified":"2020-02-21T14:39:10+00:00","description":"Elezioni Regionali 2019 il movimento 5 stelle si candida, voto su Rousseau positivo; Luigi Di Maio sconfitto, Salvini fa razzia di consensi","breadcrumb":{"@id":"https:\/\/www.adirai.it\/politica\/elezioni-regionali-2019-m5s-candidato-di-maio-sconfitto\/#breadcrumb"},"inLanguage":"it-IT","potentialAction":[{"@type":"ReadAction","target":["https:\/\/www.adirai.it\/politica\/elezioni-regionali-2019-m5s-candidato-di-maio-sconfitto\/"]}]},{"@type":"BreadcrumbList","@id":"https:\/\/www.adirai.it\/politica\/elezioni-regionali-2019-m5s-candidato-di-maio-sconfitto\/#breadcrumb","itemListElement":[{"@type":"ListItem","position":1,"name":"Home","item":"https:\/\/www.adirai.it\/"},{"@type":"ListItem","position":2,"name":"Elezioni regionali 2019 M5S candidato, Di Maio sconfitto"}]},{"@type":"WebSite","@id":"https:\/\/www.adirai.it\/#website","url":"https:\/\/www.adirai.it\/","name":"Adirai Notizie","description":"","publisher":{"@id":"https:\/\/www.adirai.it\/#organization"},"potentialAction":[{"@type":"SearchAction","target":{"@type":"EntryPoint","urlTemplate":"https:\/\/www.adirai.it\/?s={search_term_string}"},"query-input":"required name=search_term_string"}],"inLanguage":"it-IT"},{"@type":"Organization","@id":"https:\/\/www.adirai.it\/#organization","name":"Adirai Notizie","url":"https:\/\/www.adirai.it\/","logo":{"@type":"ImageObject","inLanguage":"it-IT","@id":"https:\/\/www.adirai.it\/#\/schema\/logo\/image\/","url":"https:\/\/www.adirai.it\/media\/2019\/08\/adirai-logo.jpg","contentUrl":"https:\/\/www.adirai.it\/media\/2019\/08\/adirai-logo.jpg","width":600,"height":600,"caption":"Adirai Notizie"},"image":{"@id":"https:\/\/www.adirai.it\/#\/schema\/logo\/image\/"},"sameAs":["https:\/\/twitter.com\/AdiraiIt"]},{"@type":"Person","@id":"https:\/\/www.adirai.it\/#\/schema\/person\/a5f58f133c7b98c534f588d596d78734","name":"Adirai Italia","image":{"@type":"ImageObject","inLanguage":"it-IT","@id":"https:\/\/www.adirai.it\/#\/schema\/person\/image\/","url":"https:\/\/secure.gravatar.com\/avatar\/6b3b05aeab69cd7245f16ead3dd76a3d?s=96&d=mm&r=g","contentUrl":"https:\/\/secure.gravatar.com\/avatar\/6b3b05aeab69cd7245f16ead3dd76a3d?s=96&d=mm&r=g","caption":"Adirai Italia"},"sameAs":["https:\/\/www.adirai.it\/"]}]}},"post_mailing_queue_ids":[],"_links":{"self":[{"href":"https:\/\/www.adirai.it\/api\/wp\/v2\/posts\/6844"}],"collection":[{"href":"https:\/\/www.adirai.it\/api\/wp\/v2\/posts"}],"about":[{"href":"https:\/\/www.adirai.it\/api\/wp\/v2\/types\/post"}],"author":[{"embeddable":true,"href":"https:\/\/www.adirai.it\/api\/wp\/v2\/users\/2"}],"replies":[{"embeddable":true,"href":"https:\/\/www.adirai.it\/api\/wp\/v2\/comments?post=6844"}],"version-history":[{"count":0,"href":"https:\/\/www.adirai.it\/api\/wp\/v2\/posts\/6844\/revisions"}],"wp:featuredmedia":[{"embeddable":true,"href":"https:\/\/www.adirai.it\/api\/wp\/v2\/media\/6845"}],"wp:attachment":[{"href":"https:\/\/www.adirai.it\/api\/wp\/v2\/media?parent=6844"}],"wp:term":[{"taxonomy":"category","embeddable":true,"href":"https:\/\/www.adirai.it\/api\/wp\/v2\/categories?post=6844"},{"taxonomy":"post_tag","embeddable":true,"href":"https:\/\/www.adirai.it\/api\/wp\/v2\/tags?post=6844"}],"curies":[{"name":"wp","href":"https:\/\/api.w.org\/{rel}","templated":true}]}}