{"id":638,"date":"2019-07-29T16:05:40","date_gmt":"2019-07-29T14:05:40","guid":{"rendered":"https:\/\/www.adirai.it\/?p=638"},"modified":"2022-08-25T15:31:38","modified_gmt":"2022-08-25T13:31:38","slug":"sgarbi-e-mughini-litigano-stasera-italia-estate","status":"publish","type":"post","link":"https:\/\/www.adirai.it\/politica\/sgarbi-e-mughini-litigano-stasera-italia-estate\/","title":{"rendered":"Sgarbi e Mughini litigano a Stasera Italia Estate: Scontro epico"},"content":{"rendered":"\n<h1>Sgarbi e Mughini litigano a Stasera Italia Estate: &#8216;Psicopatico, testa di caz**, vecchio! Ti riprendo a calci&#8217;<\/h1>\n\n\n\n<figure class=\"wp-block-image is-resized imgpost\"><img decoding=\"async\" loading=\"lazy\" src=\"https:\/\/www.adirai.it\/media\/2019\/07\/sgarbi-mughini-litigano.jpg\" alt=\"Sgarbi e Mughini litigano\" class=\"wp-image-642\" width=\"720\" height=\"405\" srcset=\"https:\/\/www.adirai.it\/media\/2019\/07\/sgarbi-mughini-litigano.jpg 720w, https:\/\/www.adirai.it\/media\/2019\/07\/sgarbi-mughini-litigano-300x169.jpg 300w, https:\/\/www.adirai.it\/media\/2019\/07\/sgarbi-mughini-litigano-220x124.jpg 220w, https:\/\/www.adirai.it\/media\/2019\/07\/sgarbi-mughini-litigano-360x203.jpg 360w, https:\/\/www.adirai.it\/media\/2019\/07\/sgarbi-mughini-litigano-160x90.jpg 160w, https:\/\/www.adirai.it\/media\/2019\/07\/sgarbi-mughini-litigano-320x180.jpg 320w, https:\/\/www.adirai.it\/media\/2019\/07\/sgarbi-mughini-litigano-640x360.jpg 640w\" sizes=\"(max-width: 720px) 100vw, 720px\" \/><\/figure>\n\n\n\n<p>Che bello quando la verit\u00e0 viene scagliata direttamente addosso a chi la nega. E&#8217; esattamente quello che succede quando Vittorio Sgarbi va in scena. A <em>Stasera Italia Estate<\/em> <strong>Sgarbi e Mughini litigano<\/strong>, dapprima a parole poi oltre, quando le parole non bastavano pi\u00f9!<\/p>\n\n\n\n\n\n\n\n<p>Successivamente il fatto i due hanno lasciato delle dichiarazioni in due interviste distinte. Vittorio Sgarbi si racconta a La Zanzara e ricorda cos\u00ec quegli attimi di scontro.<\/p>\n\n\n\n<blockquote class=\"wp-block-quote\"><p>&#8220;<em>Mughini dice che mi disprezza intellettualmente? <strong>Mi fa piacere<\/strong>. Mi ha chiamato chiedendomi di fare le scuse pubbliche, che ho negato. Poi di farle private, che ho negato. Gli ho detto che non mi scusavo e che doveva scusarsi lui che ha cominciato a fare la provocazione dicendo \u2018non rompermi i cogli**i\u2019.<\/em><\/p><p><em>Poi mi sono rotto i cogli**i dei magistrati, basta. La smettano di fare azioni ridicole, politiche e d\u2019immagine. Quando lui ha cominciato a dire che la magistratura ha aperto un\u2019inchiesta sulla questione Salvini, ma vaffanc*lo, vecchio trombone, con quella faccia di str*nzo, vecchio rincogli*nito che viene pagato da Berlusconi, cosa che mi ha fatto incavolare, per leccare il c*lo ai magistrati. A me sta cosa fa schifo, \u00e8 pagato da Berlusconi per lodare quella magistratura che ha rovinato l\u2019Italia. Il processo Ruby \u00e8 una schifezza ridicola. Il processo a Salvini \u00e8 ridicolo. Il processo a Lucano \u00e8 ridicolo.<\/em><\/p><p><em>Il processo a Balotelli \u00e8 ridicolo. Il processo a Mannino \u00e8 grottesco. Non posso dire che la magistratura \u00e8 criminale e gli do pure della testa di c*zzo? No, lo dico, lo dico e lo penso. La magistratura ha fatto un colpo di Stato. Da Borrelli a Di Pietro hanno distrutto i partiti per cui oggi siamo 5Stelle, Forza Italia\u2026dov\u2019\u00e8 il Partito Socialista? Dov\u2019\u00e8 il Partito Repubblicano? Dov\u2019\u00e8 il Partito Comunista? Dov\u2019\u00e8 il Partito Liberale? Uccisi da tutti i magistrati, non ne posso pi\u00f9. E Mannino \u00e8 il martire di una battaglia che va combattuta in nome della libert\u00e0. Gli ho dato della testa di caz*o?<\/em><\/p><p><em>Perch\u00e9 \u00e8 una testa di ca**o. Per me \u00e8 una testa di ca**o, punto. L\u2019ho sempre pensato e lo \u00e8. <strong>Non me ne frega niente dei suoi libri che nessuno legge<\/strong>, sono patetici, ridicoli e noiosi. Lui voleva picchiarmi perch\u00e9 io ho un\u2019idea che vi devo raccontare. Io sono per l\u2019assoluta violenza verbale, totale. Immagina un uomo e una donna che stanno insieme, poi litigano perch\u00e9 lei lo cornifica. Puoi dirle tr*ia, non la devi n\u00e9 uccidere, n\u00e9 toccare. La parola pu\u00f2 arrivare a qualunque punto, le mani no.<\/em><\/p><p><em>Lui ha voluto mettere le mani. Io farmi graffiare la mia delicata faccia da Mughini non volevo ed ho messo fra me e lui la sedia. Un modo per dire puoi darmi della testa di caz*o e pezzo di mer*a, ma le mani non le usi.<\/em>&#8220;<\/p><\/blockquote>\n\n\n\n<p>Mughini di tutta risposta dice di non essersi affatto pentito e che vuole ancora prendere a calci Sgarbi nel prossimo round!<\/p>\n\n\n\n<blockquote class=\"wp-block-quote\"><p> <em>A leggere quello che Sgarbi ha detto a La Zanzara, per un attimo avevo pensato di reinviarle al mio avvocato. Solo che <strong>voler usufruire di leggi e tribunali in questo Paese \u00e8 da allocchi<\/strong>. Quando arriver\u00e0 la sentenza per la causa di diffamazione, fra nove o dieci anni, io non ci sar\u00f2 pi\u00f9. Una sola cosa mi preme sottolineare tra le tante eruttate dallo psicopatico. Che io gli abbia telefonato a chiedergli che mi facesse le scuse. Ovviamente non \u00e8 vero niente, non poteva essere vero. No, mai. Ho detto mai.<\/em><\/p><p><em><strong>Aspetter\u00f2 il momento di reincontrarlo e di darglieli finalmente quel paio di calci in cul<\/strong>*. Non che i calci in cul* siano un argomento, certo. Solo che ho voglia di rivederla la sua faccia terrorizzata mentre impugnava lo sgabello a proteggersi da me che ero andato a pigliarlo a calci in cul*. Che spettacolo, la faccia terrorizzata dello psicopatico.<\/em><\/p><\/blockquote>\n\n\n\n<p>Grazie a Sgarbi e a Mughini per il loro show, attendiamo con ansia la prossima puntata.<\/p>\n\n\n\n<p>Diffondi il tuo pensiero attraverso i social con un click: CONDIVIDI.<\/p>\n","protected":false},"excerpt":{"rendered":"<p>Sgarbi e Mughini litigano a Stasera Italia Estate: &#8216;Psicopatico, testa di caz**, vecchio! Ti riprendo a calci&#8217; Che bello quando la verit\u00e0 viene scagliata direttamente addosso a chi la nega. E&#8217; esattamente quello che succede quando Vittorio Sgarbi va in scena. A Stasera Italia Estate Sgarbi e Mughini litigano, dapprima a parole poi oltre, quando [&hellip;]<\/p>\n","protected":false},"author":2,"featured_media":642,"comment_status":"closed","ping_status":"closed","sticky":false,"template":"","format":"standard","meta":[],"categories":[2],"tags":[33],"yoast_head":"<title>Sgarbi e Mughini litigano a Stasera Italia Estate: Scontro epico<\/title>\n<meta name=\"description\" content=\"Sgarbi e Mughini litigano a Stasera Italia Estate, scontri verbali e non solo. L&#039;interazione epica tra i due \u00e8 appunto, imperdibile. Qui il video completo.\" \/>\n<meta name=\"robots\" content=\"index, follow, max-snippet:-1, max-image-preview:large, max-video-preview:-1\" \/>\n<link rel=\"canonical\" href=\"https:\/\/www.adirai.it\/politica\/sgarbi-e-mughini-litigano-stasera-italia-estate\/\" \/>\n<meta property=\"og:locale\" content=\"it_IT\" \/>\n<meta property=\"og:type\" content=\"article\" \/>\n<meta property=\"og:title\" content=\"Sgarbi e Mughini litigano a Stasera Italia Estate: Scontro epico\" \/>\n<meta property=\"og:description\" content=\"Sgarbi e Mughini litigano a Stasera Italia Estate, scontri verbali e non solo. L&#039;interazione epica tra i due \u00e8 appunto, imperdibile. Qui il video completo.\" \/>\n<meta property=\"og:url\" content=\"https:\/\/www.adirai.it\/politica\/sgarbi-e-mughini-litigano-stasera-italia-estate\/\" \/>\n<meta property=\"og:site_name\" content=\"Adirai Notizie\" \/>\n<meta property=\"article:published_time\" content=\"2019-07-29T14:05:40+00:00\" \/>\n<meta property=\"article:modified_time\" content=\"2022-08-25T13:31:38+00:00\" \/>\n<meta property=\"og:image\" content=\"https:\/\/www.adirai.it\/media\/2019\/07\/sgarbi-mughini-litigano.jpg\" \/>\n\t<meta property=\"og:image:width\" content=\"720\" \/>\n\t<meta property=\"og:image:height\" content=\"405\" \/>\n\t<meta property=\"og:image:type\" content=\"image\/jpeg\" \/>\n<meta name=\"author\" content=\"Adirai Italia\" \/>\n<meta name=\"twitter:card\" content=\"summary_large_image\" \/>\n<meta name=\"twitter:creator\" content=\"@AdiraiIt\" \/>\n<meta name=\"twitter:site\" content=\"@AdiraiIt\" \/>\n<meta name=\"twitter:label1\" content=\"Scritto da\" \/>\n\t<meta name=\"twitter:data1\" content=\"Adirai Italia\" \/>\n\t<meta name=\"twitter:label2\" content=\"Tempo di lettura stimato\" \/>\n\t<meta name=\"twitter:data2\" content=\"4 minuti\" \/>","yoast_head_json":{"title":"Sgarbi e Mughini litigano a Stasera Italia Estate: Scontro epico","description":"Sgarbi e Mughini litigano a Stasera Italia Estate, scontri verbali e non solo. L'interazione epica tra i due \u00e8 appunto, imperdibile. Qui il video completo.","robots":{"index":"index","follow":"follow","max-snippet":"max-snippet:-1","max-image-preview":"max-image-preview:large","max-video-preview":"max-video-preview:-1"},"canonical":"https:\/\/www.adirai.it\/politica\/sgarbi-e-mughini-litigano-stasera-italia-estate\/","og_locale":"it_IT","og_type":"article","og_title":"Sgarbi e Mughini litigano a Stasera Italia Estate: Scontro epico","og_description":"Sgarbi e Mughini litigano a Stasera Italia Estate, scontri verbali e non solo. L'interazione epica tra i due \u00e8 appunto, imperdibile. Qui il video completo.","og_url":"https:\/\/www.adirai.it\/politica\/sgarbi-e-mughini-litigano-stasera-italia-estate\/","og_site_name":"Adirai Notizie","article_published_time":"2019-07-29T14:05:40+00:00","article_modified_time":"2022-08-25T13:31:38+00:00","og_image":[{"width":720,"height":405,"url":"https:\/\/www.adirai.it\/media\/2019\/07\/sgarbi-mughini-litigano.jpg","type":"image\/jpeg"}],"author":"Adirai Italia","twitter_card":"summary_large_image","twitter_creator":"@AdiraiIt","twitter_site":"@AdiraiIt","twitter_misc":{"Scritto da":"Adirai Italia","Tempo di lettura stimato":"4 minuti"},"schema":{"@context":"https:\/\/schema.org","@graph":[{"@type":"Article","@id":"https:\/\/www.adirai.it\/politica\/sgarbi-e-mughini-litigano-stasera-italia-estate\/#article","isPartOf":{"@id":"https:\/\/www.adirai.it\/politica\/sgarbi-e-mughini-litigano-stasera-italia-estate\/"},"author":{"name":"Adirai Italia","@id":"https:\/\/www.adirai.it\/#\/schema\/person\/a5f58f133c7b98c534f588d596d78734"},"headline":"Sgarbi e Mughini litigano a Stasera Italia Estate: Scontro epico","datePublished":"2019-07-29T14:05:40+00:00","dateModified":"2022-08-25T13:31:38+00:00","mainEntityOfPage":{"@id":"https:\/\/www.adirai.it\/politica\/sgarbi-e-mughini-litigano-stasera-italia-estate\/"},"wordCount":693,"publisher":{"@id":"https:\/\/www.adirai.it\/#organization"},"keywords":["Vittorio Sgarbi"],"articleSection":["Politica"],"inLanguage":"it-IT"},{"@type":"WebPage","@id":"https:\/\/www.adirai.it\/politica\/sgarbi-e-mughini-litigano-stasera-italia-estate\/","url":"https:\/\/www.adirai.it\/politica\/sgarbi-e-mughini-litigano-stasera-italia-estate\/","name":"Sgarbi e Mughini litigano a Stasera Italia Estate: Scontro epico","isPartOf":{"@id":"https:\/\/www.adirai.it\/#website"},"datePublished":"2019-07-29T14:05:40+00:00","dateModified":"2022-08-25T13:31:38+00:00","description":"Sgarbi e Mughini litigano a Stasera Italia Estate, scontri verbali e non solo. L'interazione epica tra i due \u00e8 appunto, imperdibile. Qui il video completo.","breadcrumb":{"@id":"https:\/\/www.adirai.it\/politica\/sgarbi-e-mughini-litigano-stasera-italia-estate\/#breadcrumb"},"inLanguage":"it-IT","potentialAction":[{"@type":"ReadAction","target":["https:\/\/www.adirai.it\/politica\/sgarbi-e-mughini-litigano-stasera-italia-estate\/"]}]},{"@type":"BreadcrumbList","@id":"https:\/\/www.adirai.it\/politica\/sgarbi-e-mughini-litigano-stasera-italia-estate\/#breadcrumb","itemListElement":[{"@type":"ListItem","position":1,"name":"Home","item":"https:\/\/www.adirai.it\/"},{"@type":"ListItem","position":2,"name":"Sgarbi e Mughini litigano a Stasera Italia Estate: Scontro epico"}]},{"@type":"WebSite","@id":"https:\/\/www.adirai.it\/#website","url":"https:\/\/www.adirai.it\/","name":"Adirai Notizie","description":"","publisher":{"@id":"https:\/\/www.adirai.it\/#organization"},"potentialAction":[{"@type":"SearchAction","target":{"@type":"EntryPoint","urlTemplate":"https:\/\/www.adirai.it\/?s={search_term_string}"},"query-input":"required name=search_term_string"}],"inLanguage":"it-IT"},{"@type":"Organization","@id":"https:\/\/www.adirai.it\/#organization","name":"Adirai Notizie","url":"https:\/\/www.adirai.it\/","logo":{"@type":"ImageObject","inLanguage":"it-IT","@id":"https:\/\/www.adirai.it\/#\/schema\/logo\/image\/","url":"https:\/\/www.adirai.it\/media\/2019\/08\/adirai-logo.jpg","contentUrl":"https:\/\/www.adirai.it\/media\/2019\/08\/adirai-logo.jpg","width":600,"height":600,"caption":"Adirai Notizie"},"image":{"@id":"https:\/\/www.adirai.it\/#\/schema\/logo\/image\/"},"sameAs":["https:\/\/twitter.com\/AdiraiIt"]},{"@type":"Person","@id":"https:\/\/www.adirai.it\/#\/schema\/person\/a5f58f133c7b98c534f588d596d78734","name":"Adirai Italia","image":{"@type":"ImageObject","inLanguage":"it-IT","@id":"https:\/\/www.adirai.it\/#\/schema\/person\/image\/","url":"https:\/\/secure.gravatar.com\/avatar\/6b3b05aeab69cd7245f16ead3dd76a3d?s=96&d=mm&r=g","contentUrl":"https:\/\/secure.gravatar.com\/avatar\/6b3b05aeab69cd7245f16ead3dd76a3d?s=96&d=mm&r=g","caption":"Adirai Italia"},"sameAs":["https:\/\/www.adirai.it\/"]}]}},"post_mailing_queue_ids":[],"_links":{"self":[{"href":"https:\/\/www.adirai.it\/api\/wp\/v2\/posts\/638"}],"collection":[{"href":"https:\/\/www.adirai.it\/api\/wp\/v2\/posts"}],"about":[{"href":"https:\/\/www.adirai.it\/api\/wp\/v2\/types\/post"}],"author":[{"embeddable":true,"href":"https:\/\/www.adirai.it\/api\/wp\/v2\/users\/2"}],"replies":[{"embeddable":true,"href":"https:\/\/www.adirai.it\/api\/wp\/v2\/comments?post=638"}],"version-history":[{"count":0,"href":"https:\/\/www.adirai.it\/api\/wp\/v2\/posts\/638\/revisions"}],"wp:featuredmedia":[{"embeddable":true,"href":"https:\/\/www.adirai.it\/api\/wp\/v2\/media\/642"}],"wp:attachment":[{"href":"https:\/\/www.adirai.it\/api\/wp\/v2\/media?parent=638"}],"wp:term":[{"taxonomy":"category","embeddable":true,"href":"https:\/\/www.adirai.it\/api\/wp\/v2\/categories?post=638"},{"taxonomy":"post_tag","embeddable":true,"href":"https:\/\/www.adirai.it\/api\/wp\/v2\/tags?post=638"}],"curies":[{"name":"wp","href":"https:\/\/api.w.org\/{rel}","templated":true}]}}