{"id":6259,"date":"2019-11-10T15:05:46","date_gmt":"2019-11-10T14:05:46","guid":{"rendered":"https:\/\/www.adirai.it\/?p=6259"},"modified":"2020-02-20T19:17:42","modified_gmt":"2020-02-20T18:17:42","slug":"killer-di-agenti-accoltella-in-permesso-premio-salvini-accusa-il-pd-per-il-caso-di-antonio-cianci","status":"publish","type":"post","link":"https:\/\/www.adirai.it\/politica\/killer-di-agenti-accoltella-in-permesso-premio-salvini-accusa-il-pd-per-il-caso-di-antonio-cianci\/","title":{"rendered":"Killer di agenti accoltella in permesso premio Salvini accusa il Pd per il caso di Antonio Cianci"},"content":{"rendered":"\n<h1>Salvini accusa il Pd per il caso di Antonio Cianci &#8220;Basta permessi premio ai killer spietati&#8221;<\/h1>\n\n\n\n<figure class=\"wp-block-image is-resized imgpost\"><img decoding=\"async\" loading=\"lazy\" src=\"https:\/\/www.adirai.it\/media\/2019\/11\/killer-di-agenti-salvini-permessi-premio-720x405.jpg\" alt=\"killer di agenti salvini permessi premio\" class=\"wp-image-6263\" width=\"720\" height=\"405\" srcset=\"https:\/\/www.adirai.it\/media\/2019\/11\/killer-di-agenti-salvini-permessi-premio-720x405.jpg 720w, https:\/\/www.adirai.it\/media\/2019\/11\/killer-di-agenti-salvini-permessi-premio-300x169.jpg 300w, https:\/\/www.adirai.it\/media\/2019\/11\/killer-di-agenti-salvini-permessi-premio-768x432.jpg 768w, https:\/\/www.adirai.it\/media\/2019\/11\/killer-di-agenti-salvini-permessi-premio-220x124.jpg 220w, https:\/\/www.adirai.it\/media\/2019\/11\/killer-di-agenti-salvini-permessi-premio-360x203.jpg 360w, https:\/\/www.adirai.it\/media\/2019\/11\/killer-di-agenti-salvini-permessi-premio-160x90.jpg 160w, https:\/\/www.adirai.it\/media\/2019\/11\/killer-di-agenti-salvini-permessi-premio.jpg 1200w\" sizes=\"(max-width: 720px) 100vw, 720px\" \/><\/figure>\n\n\n\n<p><strong>Killer di agenti accoltella in permesso premio Salvini accusa il Pd per il caso di Antonio Cianci<\/strong>. Non \u00e8 possibile che <em>Antonio Cianci, killer<\/em> spietato che ha ucciso a <strong>sangue freddo<\/strong> tre agenti dell&#8217;<strong>arma dei Carabinieri<\/strong> quando aveva solo 15 anni, possa <strong>ricevere permessi premio<\/strong> per avere l&#8217;occasione di fare ancora del male. Servono regole pi\u00f9 severe e servono subito! E&#8217; questo <strong>il parere di Salvini<\/strong>, che ritiene proprio il PD irresponsabile nel permettere a pericolosi criminali ergastolani di riassaporare la libert\u00e0. <strong>Incompetenza e irresponsabilit\u00e0 sono le principali accuse al PD.<\/strong><\/p>\n\n\n\n\n\n\n\n<h2>Killer di Agenti in permesso premio accoltella 79enne<\/h2>\n\n\n\n<p><strong><em>Killer di Agenti<\/em> in permesso premio accoltella 79enne<\/strong>. Il permesso premio concesso all&#8217;<strong>ergastolano Antonio Cianci<\/strong> ha messo a rischio la vita di un <strong>79 enne<\/strong> dopo che lo ha <strong>accoltellato<\/strong> nel parcheggio sotterraneo dell&#8217;ospedale San Raffaele a Milano. <strong><em>Libero Quotidiano<\/em><\/strong> rassicura &#8220;La vittima, colpita alla gola, \u00e8 in gravi condizioni&nbsp;<strong>ma non in pericolo di vita<\/strong>.&#8221;<\/p>\n\n\n\n<p><strong>Chi \u00e8 Antonio Cianci?<\/strong><\/p>\n\n\n\n<p><strong>Antonio Cianci<\/strong>, oggi 60 anni, <strong>nel 1979 uccise tre carabinieri<\/strong> che lo avevano fermato <strong>a un posto di blocco<\/strong> a bordo di un <strong>auto rubata<\/strong>. La sua vita era segnata gi\u00e0 dall&#8217;et\u00e0 di 15 anni perch\u00e9 <strong>aveva gi\u00e0 ammazzato un metronotte a Segrate<\/strong>. I carabinieri furono uccisi a colpi di pistola e a sangue freddo. Si tratta di un killer spietato e pericoloso che prima della fine della fase adolescenziale aveva gi\u00e0 ucciso 4 persone, tre di queste delle <a href=\"https:\/\/www.adirai.it\/forze-armate\/\" class=\"ek-link\">forze dell&#8217;ordine<\/a>.<\/p>\n\n\n\n<p>A questo tizio lo Stato ha concesso&nbsp;<strong>un permesso premio<\/strong>.<\/p>\n\n\n\n<h2>Killer di Agenti ergastolano pu\u00f2 richiedere permessi premio?<\/h2>\n\n\n\n<p><strong>Killer di Agenti ergastolano pu\u00f2 richiedere <em>permessi premio<\/em>?<\/strong> S\u00ec, pu\u00f2 richiedere i suoi <strong>permessi premio<\/strong>, inoltre ai migliori <strong>carcerati<\/strong> viene concessa anche la <strong>semilibert\u00e0<\/strong> e dopo 26 anni la <strong>libert\u00e0 condizionale<\/strong> per <strong>buona condotta<\/strong>.<\/p>\n\n\n\n<blockquote class=\"wp-block-quote\"><p>Secondo la legge italiana il&nbsp;<strong>condannato all&#8217;ergastolo<\/strong> semplice (per cos\u00ec dire) ha diritto ad alcuni benefici come la&nbsp;<strong>semilibert\u00e0<\/strong>, talvolta pu\u00f2 usufruire di&nbsp;<strong>permessi-premio<\/strong>. Al condannato all&#8217;ergastolo semplice&nbsp;<strong>dopo 26 anni di carcere pu\u00f2 essere concessa anche la libert\u00e0 condizionale<\/strong>: A patto che durante i 26 anni di detenzione abbia tenuto una&nbsp;<strong>buona condotta<\/strong>&nbsp;e un comportamento tale da far ritenere sicuro il suo ravvedimento. <\/p><cite>Adirai &#8211; <a rel=\"noreferrer noopener\" aria-label=\"Corte di Strasburgo boccia l'Ergastolo Ostativo (apre in una nuova scheda)\" href=\"https:\/\/www.adirai.it\/politica\/corte-di-strasburgo-boccia-ergastolo-ostativo-cosa-significa\/\" target=\"_blank\" class=\"ek-link\">Corte di Strasburgo boccia l&#8217;Ergastolo Ostativo cosa significa<\/a><\/cite><\/blockquote>\n\n\n\n<p>Sempre parlando di <strong>Ergastolo Ostativo<\/strong> vi avevamo detto che gli unici che <strong>non possono usufruire dei permessi premio e della semi-libert\u00e0 condizionata<\/strong> sono i mafiosi e i delinquenti che hanno commesso i crimini pi\u00f9 efferati, \u00e8 scritto chiaramente nell&#8217;<a href=\"https:\/\/www.adirai.it\/politica\/ergastolo-ostativo-41-bis-vs-cedu-boss-con-permessi-premio\/#Ergastolo-Ostativo-in-Italia-art-4-bis\" class=\"ek-link\">art 4-BIS<\/a> che abbiamo riportato nell&#8217;articolo sugli <a href=\"https:\/\/www.adirai.it\/politica\/ergastolo-ostativo-41-bis-vs-cedu-boss-con-permessi-premio\/\" class=\"ek-link\">aggiornamenti della CEDU<\/a>.<\/p>\n\n\n\n<h2>Matteo Salvini accusa il PD per il caso Cianci<\/h2>\n\n\n\n<p><strong>Matteo Salvini accusa il PD per il caso Cianci<\/strong>. La vicenda per l&#8217;ex-vicepremier \u00e8 assurda, infatti s&#8217;indigna e le parole di <strong>Matteo Salvini<\/strong> suonano come granate al muro del <strong>PD<\/strong>, responsabile anche dei <a href=\"https:\/\/www.adirai.it\/politica\/bibbiano-affidi-illeciti-fare-affari-sui-bambini\/\" class=\"ek-link\">fatti di Bibbiano<\/a>.<\/p>\n\n\n\n<p>&#8220;Altro che <em>schedare le Forze dell\u2019Ordine<\/em> come vuole il Pd. In Italia servono regole, rispetto e certezza delle pena. E&nbsp;<strong>nessun premio ai killer spietati<\/strong>, soprattutto se hanno ucciso <strong>donne o uomini in divisa<\/strong>&#8220;, conclude infuocato il leader della Lega.<\/p>\n\n\n\n<p><strong>L&#8217;Italia<\/strong> per\u00f2 resta ancora quella che \u00e8, il paese dove tutto \u00e8 possibile, dove <strong>anche un killer di agenti pu\u00f2 avere un &#8220;permesso premio&#8221;<\/strong>.<\/p>\n\n\n\n<p>CONDIVIDI le ultime news su Matteo Salvini e la criminalit\u00e0.<\/p>\n","protected":false},"excerpt":{"rendered":"<p>Salvini accusa il Pd per il caso di Antonio Cianci &#8220;Basta permessi premio ai killer spietati&#8221; Killer di agenti accoltella in permesso premio Salvini accusa il Pd per il caso di Antonio Cianci. Non \u00e8 possibile che Antonio Cianci, killer spietato che ha ucciso a sangue freddo tre agenti dell&#8217;arma dei Carabinieri quando aveva solo [&hellip;]<\/p>\n","protected":false},"author":2,"featured_media":6263,"comment_status":"closed","ping_status":"closed","sticky":false,"template":"","format":"standard","meta":[],"categories":[2],"tags":[148,149,13,139],"yoast_head":"<title>Killer di agenti accoltella in permesso premio, Salvini accusa PD<\/title>\n<meta name=\"description\" content=\"Killer di agenti accoltella 79enne in un parcheggio mentre in permesso premio a Milano, Salvini accusa il Pd regole pi\u00f9 severe ai killer spietati.\" \/>\n<meta name=\"robots\" content=\"index, follow, max-snippet:-1, max-image-preview:large, max-video-preview:-1\" \/>\n<link rel=\"canonical\" href=\"https:\/\/www.adirai.it\/politica\/killer-di-agenti-accoltella-in-permesso-premio-salvini-accusa-il-pd-per-il-caso-di-antonio-cianci\/\" \/>\n<meta property=\"og:locale\" content=\"it_IT\" \/>\n<meta property=\"og:type\" content=\"article\" \/>\n<meta property=\"og:title\" content=\"Killer di agenti accoltella in permesso premio, Salvini accusa PD\" \/>\n<meta property=\"og:description\" content=\"Killer di agenti accoltella 79enne in un parcheggio mentre in permesso premio a Milano, Salvini accusa il Pd regole pi\u00f9 severe ai killer spietati.\" \/>\n<meta property=\"og:url\" content=\"https:\/\/www.adirai.it\/politica\/killer-di-agenti-accoltella-in-permesso-premio-salvini-accusa-il-pd-per-il-caso-di-antonio-cianci\/\" \/>\n<meta property=\"og:site_name\" content=\"Adirai Notizie\" \/>\n<meta property=\"article:published_time\" content=\"2019-11-10T14:05:46+00:00\" \/>\n<meta property=\"article:modified_time\" content=\"2020-02-20T18:17:42+00:00\" \/>\n<meta property=\"og:image\" content=\"https:\/\/www.adirai.it\/media\/2019\/11\/killer-di-agenti-salvini-permessi-premio.jpg\" \/>\n\t<meta property=\"og:image:width\" content=\"1200\" \/>\n\t<meta property=\"og:image:height\" content=\"675\" \/>\n\t<meta property=\"og:image:type\" content=\"image\/jpeg\" \/>\n<meta name=\"author\" content=\"Adirai Italia\" \/>\n<meta name=\"twitter:card\" content=\"summary_large_image\" \/>\n<meta name=\"twitter:creator\" content=\"@AdiraiIt\" \/>\n<meta name=\"twitter:site\" content=\"@AdiraiIt\" \/>\n<meta name=\"twitter:label1\" content=\"Scritto da\" \/>\n\t<meta name=\"twitter:data1\" content=\"Adirai Italia\" \/>\n\t<meta name=\"twitter:label2\" content=\"Tempo di lettura stimato\" \/>\n\t<meta name=\"twitter:data2\" content=\"3 minuti\" \/>","yoast_head_json":{"title":"Killer di agenti accoltella in permesso premio, Salvini accusa PD","description":"Killer di agenti accoltella 79enne in un parcheggio mentre in permesso premio a Milano, Salvini accusa il Pd regole pi\u00f9 severe ai killer spietati.","robots":{"index":"index","follow":"follow","max-snippet":"max-snippet:-1","max-image-preview":"max-image-preview:large","max-video-preview":"max-video-preview:-1"},"canonical":"https:\/\/www.adirai.it\/politica\/killer-di-agenti-accoltella-in-permesso-premio-salvini-accusa-il-pd-per-il-caso-di-antonio-cianci\/","og_locale":"it_IT","og_type":"article","og_title":"Killer di agenti accoltella in permesso premio, Salvini accusa PD","og_description":"Killer di agenti accoltella 79enne in un parcheggio mentre in permesso premio a Milano, Salvini accusa il Pd regole pi\u00f9 severe ai killer spietati.","og_url":"https:\/\/www.adirai.it\/politica\/killer-di-agenti-accoltella-in-permesso-premio-salvini-accusa-il-pd-per-il-caso-di-antonio-cianci\/","og_site_name":"Adirai Notizie","article_published_time":"2019-11-10T14:05:46+00:00","article_modified_time":"2020-02-20T18:17:42+00:00","og_image":[{"width":1200,"height":675,"url":"https:\/\/www.adirai.it\/media\/2019\/11\/killer-di-agenti-salvini-permessi-premio.jpg","type":"image\/jpeg"}],"author":"Adirai Italia","twitter_card":"summary_large_image","twitter_creator":"@AdiraiIt","twitter_site":"@AdiraiIt","twitter_misc":{"Scritto da":"Adirai Italia","Tempo di lettura stimato":"3 minuti"},"schema":{"@context":"https:\/\/schema.org","@graph":[{"@type":"Article","@id":"https:\/\/www.adirai.it\/politica\/killer-di-agenti-accoltella-in-permesso-premio-salvini-accusa-il-pd-per-il-caso-di-antonio-cianci\/#article","isPartOf":{"@id":"https:\/\/www.adirai.it\/politica\/killer-di-agenti-accoltella-in-permesso-premio-salvini-accusa-il-pd-per-il-caso-di-antonio-cianci\/"},"author":{"name":"Adirai Italia","@id":"https:\/\/www.adirai.it\/#\/schema\/person\/a5f58f133c7b98c534f588d596d78734"},"headline":"Killer di agenti accoltella in permesso premio Salvini accusa il Pd per il caso di Antonio Cianci","datePublished":"2019-11-10T14:05:46+00:00","dateModified":"2020-02-20T18:17:42+00:00","mainEntityOfPage":{"@id":"https:\/\/www.adirai.it\/politica\/killer-di-agenti-accoltella-in-permesso-premio-salvini-accusa-il-pd-per-il-caso-di-antonio-cianci\/"},"wordCount":575,"publisher":{"@id":"https:\/\/www.adirai.it\/#organization"},"keywords":["Cronaca Italiana","Forze Armate","Matteo Salvini","Partito Democratico"],"articleSection":["Politica"],"inLanguage":"it-IT"},{"@type":"WebPage","@id":"https:\/\/www.adirai.it\/politica\/killer-di-agenti-accoltella-in-permesso-premio-salvini-accusa-il-pd-per-il-caso-di-antonio-cianci\/","url":"https:\/\/www.adirai.it\/politica\/killer-di-agenti-accoltella-in-permesso-premio-salvini-accusa-il-pd-per-il-caso-di-antonio-cianci\/","name":"Killer di agenti accoltella in permesso premio, Salvini accusa PD","isPartOf":{"@id":"https:\/\/www.adirai.it\/#website"},"datePublished":"2019-11-10T14:05:46+00:00","dateModified":"2020-02-20T18:17:42+00:00","description":"Killer di agenti accoltella 79enne in un parcheggio mentre in permesso premio a Milano, Salvini accusa il Pd regole pi\u00f9 severe ai killer spietati.","breadcrumb":{"@id":"https:\/\/www.adirai.it\/politica\/killer-di-agenti-accoltella-in-permesso-premio-salvini-accusa-il-pd-per-il-caso-di-antonio-cianci\/#breadcrumb"},"inLanguage":"it-IT","potentialAction":[{"@type":"ReadAction","target":["https:\/\/www.adirai.it\/politica\/killer-di-agenti-accoltella-in-permesso-premio-salvini-accusa-il-pd-per-il-caso-di-antonio-cianci\/"]}]},{"@type":"BreadcrumbList","@id":"https:\/\/www.adirai.it\/politica\/killer-di-agenti-accoltella-in-permesso-premio-salvini-accusa-il-pd-per-il-caso-di-antonio-cianci\/#breadcrumb","itemListElement":[{"@type":"ListItem","position":1,"name":"Home","item":"https:\/\/www.adirai.it\/"},{"@type":"ListItem","position":2,"name":"Killer di agenti accoltella in permesso premio Salvini accusa il Pd per il caso di Antonio Cianci"}]},{"@type":"WebSite","@id":"https:\/\/www.adirai.it\/#website","url":"https:\/\/www.adirai.it\/","name":"Adirai Notizie","description":"","publisher":{"@id":"https:\/\/www.adirai.it\/#organization"},"potentialAction":[{"@type":"SearchAction","target":{"@type":"EntryPoint","urlTemplate":"https:\/\/www.adirai.it\/?s={search_term_string}"},"query-input":"required name=search_term_string"}],"inLanguage":"it-IT"},{"@type":"Organization","@id":"https:\/\/www.adirai.it\/#organization","name":"Adirai Notizie","url":"https:\/\/www.adirai.it\/","logo":{"@type":"ImageObject","inLanguage":"it-IT","@id":"https:\/\/www.adirai.it\/#\/schema\/logo\/image\/","url":"https:\/\/www.adirai.it\/media\/2019\/08\/adirai-logo.jpg","contentUrl":"https:\/\/www.adirai.it\/media\/2019\/08\/adirai-logo.jpg","width":600,"height":600,"caption":"Adirai Notizie"},"image":{"@id":"https:\/\/www.adirai.it\/#\/schema\/logo\/image\/"},"sameAs":["https:\/\/twitter.com\/AdiraiIt"]},{"@type":"Person","@id":"https:\/\/www.adirai.it\/#\/schema\/person\/a5f58f133c7b98c534f588d596d78734","name":"Adirai Italia","image":{"@type":"ImageObject","inLanguage":"it-IT","@id":"https:\/\/www.adirai.it\/#\/schema\/person\/image\/","url":"https:\/\/secure.gravatar.com\/avatar\/6b3b05aeab69cd7245f16ead3dd76a3d?s=96&d=mm&r=g","contentUrl":"https:\/\/secure.gravatar.com\/avatar\/6b3b05aeab69cd7245f16ead3dd76a3d?s=96&d=mm&r=g","caption":"Adirai Italia"},"sameAs":["https:\/\/www.adirai.it\/"]}]}},"post_mailing_queue_ids":[],"_links":{"self":[{"href":"https:\/\/www.adirai.it\/api\/wp\/v2\/posts\/6259"}],"collection":[{"href":"https:\/\/www.adirai.it\/api\/wp\/v2\/posts"}],"about":[{"href":"https:\/\/www.adirai.it\/api\/wp\/v2\/types\/post"}],"author":[{"embeddable":true,"href":"https:\/\/www.adirai.it\/api\/wp\/v2\/users\/2"}],"replies":[{"embeddable":true,"href":"https:\/\/www.adirai.it\/api\/wp\/v2\/comments?post=6259"}],"version-history":[{"count":0,"href":"https:\/\/www.adirai.it\/api\/wp\/v2\/posts\/6259\/revisions"}],"wp:featuredmedia":[{"embeddable":true,"href":"https:\/\/www.adirai.it\/api\/wp\/v2\/media\/6263"}],"wp:attachment":[{"href":"https:\/\/www.adirai.it\/api\/wp\/v2\/media?parent=6259"}],"wp:term":[{"taxonomy":"category","embeddable":true,"href":"https:\/\/www.adirai.it\/api\/wp\/v2\/categories?post=6259"},{"taxonomy":"post_tag","embeddable":true,"href":"https:\/\/www.adirai.it\/api\/wp\/v2\/tags?post=6259"}],"curies":[{"name":"wp","href":"https:\/\/api.w.org\/{rel}","templated":true}]}}