{"id":5572,"date":"2019-10-30T18:58:48","date_gmt":"2019-10-30T17:58:48","guid":{"rendered":"https:\/\/www.adirai.it\/?p=5572"},"modified":"2019-10-30T18:58:49","modified_gmt":"2019-10-30T17:58:49","slug":"radio-radicale-o-terremotati-polemiche-per-24-mln","status":"publish","type":"post","link":"https:\/\/www.adirai.it\/politica\/radio-radicale-o-terremotati-polemiche-per-24-mln\/","title":{"rendered":"Radio Radicale o Terremotati, polemiche per 24 mln"},"content":{"rendered":"\n<h1>Radio Radicale o Terremotati: A chi daremo i 24 milioni? Luigi di Maio &#8220;diamoli ai terremotati&#8221; ma TUTTI gli altri non sono d&#8217;accordo<\/h1>\n\n\n\n<figure class=\"wp-block-image is-resized imgpost\"><img decoding=\"async\" loading=\"lazy\" src=\"https:\/\/www.adirai.it\/media\/2019\/10\/radio-radicale-720x405.jpg\" alt=\"radio radicale\" class=\"wp-image-5583\" width=\"720\" height=\"405\" srcset=\"https:\/\/www.adirai.it\/media\/2019\/10\/radio-radicale-720x405.jpg 720w, https:\/\/www.adirai.it\/media\/2019\/10\/radio-radicale-300x169.jpg 300w, https:\/\/www.adirai.it\/media\/2019\/10\/radio-radicale-768x432.jpg 768w, https:\/\/www.adirai.it\/media\/2019\/10\/radio-radicale-220x124.jpg 220w, https:\/\/www.adirai.it\/media\/2019\/10\/radio-radicale-360x203.jpg 360w, https:\/\/www.adirai.it\/media\/2019\/10\/radio-radicale-160x90.jpg 160w, https:\/\/www.adirai.it\/media\/2019\/10\/radio-radicale.jpg 1200w\" sizes=\"(max-width: 720px) 100vw, 720px\" \/><\/figure>\n\n\n\n<p><strong>Radio Radicale o Terremotati? Luigi di Maio riapre la questione dei Fondi a Radio Radicale<\/strong> comparandola alla situazione precaria dei terremotati. &#8220;<strong>Strumentalizza<\/strong>&#8221; la popolazione in difficolt\u00e0 per pura &#8220;<strong>propaganda<\/strong>&#8220;, perlomeno questo ritengono tutti gli altri partiti. <strong>I Cinque Stelle ritengono sbagliato finanziare una radio politica privata con i soldi dei cittadini.<\/strong> Ultime notizie del giorno sulla politica.<\/p>\n\n\n\n\n\n\n\n<h2>Luigi Di Maio taglia fondi a Radio Radicale<\/h2>\n\n\n\n<p><strong>Luigi Di Maio taglia fondi a Radio Radicale. <\/strong>&#8220;Ci sono di nuovo 8 milioni di euro all&#8217;anno per 3 anni a Radio Radicale. Ma diamoli ai terremotati&#8230;&#8221; appena Luigi Di Maio ha proferito queste parole tutti gli si sono scagliati contro, ma lui insiste e spiega.<\/p>\n\n\n\n<p>&#8220;Il MoVimento 5 Stelle ha sempre avuto una posizione chiarissima: <strong>i soldi dei cittadini vanno utilizzati per finanziare opere pubbliche come strade, scuole o ospedali, non certo per aiutare una radio privata, peraltro schierata politicamente.<\/strong> Rispettiamo le sensibilit\u00e0 diverse che animano il MoVimento, ciascuno \u00e8 libero di esprimere le proprie idee. Questo, tuttavia, non modifica la nostra posizione:\u00a0<strong>il taglio dei finanziamenti a Radio Radicale \u00e8 stata e rimarr\u00e0 una nostra battaglia<\/strong>.&#8221;<\/p>\n\n\n\n<h3>Il blog dei 5 stelle<\/h3>\n\n\n\n<p>Anche il <strong>Blog dei 5 stelle<\/strong> contribuisce ad aizzare la discussione in merito ai fondi per Radio Radicale, peraltro gi\u00e0 destinati.<\/p>\n\n\n\n<p>&#8220;In Parlamento faremo di tutto per bloccare questa porcata. Non abbiamo i numeri per bloccarla da soli? Bene, nella vita ci sono battaglie che dobbiamo essere orgogliosi di perdere. E che dobbiamo invece vergognarci di non combattere. Quindi noi questa battaglia la combattiamo. Fino in fondo.&#8221; Concludono sul <strong>blog dei 5 stelle<\/strong>. Poi postano questo <strong>tweet<\/strong> che senza ombra di dubbio \u00e8 di pessimo gusto, i commenti al tweet lo sono altrettanto e in un attimo tutto l&#8217;argomento prende una piega patetica.<\/p>\n\n\n\n<div class=\"iframe-twitter\">\nhttps:\/\/twitter.com\/Mov5Stelle\/status\/1189569059995684864\n<\/div>\n\n\n\n<h3>M5S contro libert\u00e0 e democrazia<\/h3>\n\n\n\n<p>Benedetto Della Vedova lancia un appello ai democratici e a <strong>Matteo Renzi<\/strong>. &#8220;Il M5S \u00e8 quello che \u00e8 sempre stato, una <strong>forza eversiva della liberaldemocrazia<\/strong>. Pd e Italia Viva stronchino sul nascere questa discussione liberticida&#8221;, dice il Segretario di <strong>Pi\u00f9 Europa<\/strong>, Benedetto Della Vedova.<\/p>\n\n\n\n<p>Anche il segretario di Partito Radicale, Maurizio Turco, ha da dire in merito alla presa di posizione di <strong>Luigi Di Maio<\/strong>. &#8220;<strong>Noi suppliamo alla mancanza di un servizio pubblico, perch\u00e8 non \u00e8 redditizio<\/strong>. Anche il servizio pubblico risponde a delle logiche che non sono proprio quelle dell&#8217;interesse pubblico puro, ovvero, fine a stesso. <strong>Non \u00e8 una battuta da uomo di governo<\/strong>.&#8221; Conclude il Segretario di <strong>Partito Radicale<\/strong>, Maurizio Turco.<\/p>\n\n\n\n<h2>PD contro Luigi Di Maio<\/h2>\n\n\n\n<p>Alleati al <strong>governo Conte 2<\/strong> ma non proprio d&#8217;accordo sui temi principali. Il presidente dei Senatori del Partito Democratico gela con un tweet il capo politico dei Cinque Stelle.<\/p>\n\n\n\n<blockquote class=\"wp-block-quote\"><p><strong>Quella di Luigi Di Maio su radio Radicale \u00e8 pi\u00f9 che una caduta di stile. <\/strong>Abbiamo condotto una battaglia l&#8217;anno scorso contro il governo per salvarla. Per noi il discorso \u00e8 chiuso. Aprire poi una polemica sfruttando le difficolt\u00e0 delle popolazioni terremotate per riproporre questo tema \u00e8 davvero assurdo. <strong>Ed \u00e8 grave che a farlo sia stato un ministro della Repubblica.<\/strong><\/p><cite>Presidente dei senatori <strong>PD<\/strong> &#8211; Andrea Marcucci<\/cite><\/blockquote>\n\n\n\n<h2>Forza Italia in una nota su Radio Radicale<\/h2>\n\n\n\n<p><strong>Mariastella Gelmini in una nota alla Camera<\/strong> esprime con fermezza il suo disappunto per le affermazioni di <strong>Di Maio. I soldi per aiutare i terremotati avrebbe dovuto trovarli gi\u00e0 da un pezzo<\/strong>, non pu\u00f2 approfittare ora di un servizio pubblico.<\/p>\n\n\n\n<blockquote class=\"wp-block-quote\"><p>Di Maio \u00e8 leader di un partito di maggioranza che \u00e8 ininterrottamente al governo dal 1 giugno del 2018, cio\u00e8 da oltre 500 giorni. Se ancora non ha trovato le risorse per la vergogna nazionale della ricostruzione post sisma, non \u00e8 che bisogna togliere i soldi a Radio Radicale (il Parlamento ha gi\u00e0 votato, lo ricorda il leader a 5 Stelle?), bisogna sfilargli la poltrona e mandarlo a fare un altro lavoro. Perch\u00e9 il governo del Paese evidentemente non \u00e8 mestiere per lui: le sue parole sono indegne, per Radio Radicale, che \u00e8 un presidio di democrazia, come per i terremotati.<\/p><cite>Capogruppo di <strong>Forza Italia<\/strong> &#8211; Mariastella Gelmini<\/cite><\/blockquote>\n\n\n\n<h2>FdI: Di Maio strumentalizza i terremotati<\/h2>\n\n\n\n<p>Fratelli d&#8217;Italia da sempre schietti e decisi in merito a questioni d&#8217;interesse nazionale non condividono affatto la strumentalizzazione di persone in difficolt\u00e0 per riscattare i <strong>24 milioni gi\u00e0 destinati a Radio Radicale<\/strong>.<\/p>\n\n\n\n<blockquote class=\"wp-block-quote\"><p>Di Maio strumentalizza i terremotati come oggetto di scambio per Radio Radicale. Non mischiamo i piani delle responsabilit\u00e0, che ricadono anche sul capo politico del Movimento 5 Stelle. Quando parlammo, il ministro Di Maio mi disse di non voler passare alla storia come colui il quale ha chiuso Radio Radicale. La maggioranza, quindi, si impegn\u00f2 verso l&#8217;emittente. Radio Radicale rappresenta una voce di libert\u00e0 e di pluralismo: negli anni \u201970, anche quando il Movimento Sociale Italiano venne escluso dall\u2019arco costituzionale, Radio Radicale non ha mai mancato di raccontare i congressi di Partito e l\u2019attivit\u00e0 parlamentare dei deputati e senatori missini. Consentire la prosecuzione dell&#8217;attivit\u00e0 dell&#8217;emittente radiofonica delle sedute dei lavori parlamentari \u00e8 un bene per la democrazia del nostro Paese, grazie anche all&#8217;archivio digitale della memoria dell&#8217;Italia repubblicana. Siamo pronti alla battaglia d&#8217;aula per Radio Radicale.<\/p><cite>Capogruppo di <strong>Fratelli d&#8217;Italia<\/strong> &#8211; Federico Mollicone<\/cite><\/blockquote>\n","protected":false},"excerpt":{"rendered":"<p>Radio Radicale o Terremotati: A chi daremo i 24 milioni? Luigi di Maio &#8220;diamoli ai terremotati&#8221; ma TUTTI gli altri non sono d&#8217;accordo Radio Radicale o Terremotati? Luigi di Maio riapre la questione dei Fondi a Radio Radicale comparandola alla situazione precaria dei terremotati. &#8220;Strumentalizza&#8221; la popolazione in difficolt\u00e0 per pura &#8220;propaganda&#8220;, perlomeno questo ritengono [&hellip;]<\/p>\n","protected":false},"author":2,"featured_media":5583,"comment_status":"closed","ping_status":"closed","sticky":false,"template":"","format":"standard","meta":[],"categories":[2],"tags":[127,39],"yoast_head":"<title>Radio Radicale o Terremotati, polemiche per 24 mln<\/title>\n<meta name=\"description\" content=\"Radio Radicale o Terremotati: per 24 milioni Luigi di Maio questione dei Fondi a Radio Radicale, 5 Stelle: sbagliato finanziare radio politica privata\" \/>\n<meta name=\"robots\" content=\"index, follow, max-snippet:-1, max-image-preview:large, max-video-preview:-1\" \/>\n<link rel=\"canonical\" href=\"https:\/\/www.adirai.it\/politica\/radio-radicale-o-terremotati-polemiche-per-24-mln\/\" \/>\n<meta property=\"og:locale\" content=\"it_IT\" \/>\n<meta property=\"og:type\" content=\"article\" \/>\n<meta property=\"og:title\" content=\"Radio Radicale o Terremotati, polemiche per 24 mln\" \/>\n<meta property=\"og:description\" content=\"Radio Radicale o Terremotati: per 24 milioni Luigi di Maio questione dei Fondi a Radio Radicale, 5 Stelle: sbagliato finanziare radio politica privata\" \/>\n<meta property=\"og:url\" content=\"https:\/\/www.adirai.it\/politica\/radio-radicale-o-terremotati-polemiche-per-24-mln\/\" \/>\n<meta property=\"og:site_name\" content=\"Adirai Notizie\" \/>\n<meta property=\"article:published_time\" content=\"2019-10-30T17:58:48+00:00\" \/>\n<meta property=\"article:modified_time\" content=\"2019-10-30T17:58:49+00:00\" \/>\n<meta property=\"og:image\" content=\"https:\/\/www.adirai.it\/media\/2019\/10\/radio-radicale.jpg\" \/>\n\t<meta property=\"og:image:width\" content=\"1200\" \/>\n\t<meta property=\"og:image:height\" content=\"675\" \/>\n\t<meta property=\"og:image:type\" content=\"image\/jpeg\" \/>\n<meta name=\"author\" content=\"Adirai Italia\" \/>\n<meta name=\"twitter:card\" content=\"summary_large_image\" \/>\n<meta name=\"twitter:creator\" content=\"@AdiraiIt\" \/>\n<meta name=\"twitter:site\" content=\"@AdiraiIt\" \/>\n<meta name=\"twitter:label1\" content=\"Scritto da\" \/>\n\t<meta name=\"twitter:data1\" content=\"Adirai Italia\" \/>\n\t<meta name=\"twitter:label2\" content=\"Tempo di lettura stimato\" \/>\n\t<meta name=\"twitter:data2\" content=\"4 minuti\" \/>","yoast_head_json":{"title":"Radio Radicale o Terremotati, polemiche per 24 mln","description":"Radio Radicale o Terremotati: per 24 milioni Luigi di Maio questione dei Fondi a Radio Radicale, 5 Stelle: sbagliato finanziare radio politica privata","robots":{"index":"index","follow":"follow","max-snippet":"max-snippet:-1","max-image-preview":"max-image-preview:large","max-video-preview":"max-video-preview:-1"},"canonical":"https:\/\/www.adirai.it\/politica\/radio-radicale-o-terremotati-polemiche-per-24-mln\/","og_locale":"it_IT","og_type":"article","og_title":"Radio Radicale o Terremotati, polemiche per 24 mln","og_description":"Radio Radicale o Terremotati: per 24 milioni Luigi di Maio questione dei Fondi a Radio Radicale, 5 Stelle: sbagliato finanziare radio politica privata","og_url":"https:\/\/www.adirai.it\/politica\/radio-radicale-o-terremotati-polemiche-per-24-mln\/","og_site_name":"Adirai Notizie","article_published_time":"2019-10-30T17:58:48+00:00","article_modified_time":"2019-10-30T17:58:49+00:00","og_image":[{"width":1200,"height":675,"url":"https:\/\/www.adirai.it\/media\/2019\/10\/radio-radicale.jpg","type":"image\/jpeg"}],"author":"Adirai Italia","twitter_card":"summary_large_image","twitter_creator":"@AdiraiIt","twitter_site":"@AdiraiIt","twitter_misc":{"Scritto da":"Adirai Italia","Tempo di lettura stimato":"4 minuti"},"schema":{"@context":"https:\/\/schema.org","@graph":[{"@type":"Article","@id":"https:\/\/www.adirai.it\/politica\/radio-radicale-o-terremotati-polemiche-per-24-mln\/#article","isPartOf":{"@id":"https:\/\/www.adirai.it\/politica\/radio-radicale-o-terremotati-polemiche-per-24-mln\/"},"author":{"name":"Adirai Italia","@id":"https:\/\/www.adirai.it\/#\/schema\/person\/a5f58f133c7b98c534f588d596d78734"},"headline":"Radio Radicale o Terremotati, polemiche per 24 mln","datePublished":"2019-10-30T17:58:48+00:00","dateModified":"2019-10-30T17:58:49+00:00","mainEntityOfPage":{"@id":"https:\/\/www.adirai.it\/politica\/radio-radicale-o-terremotati-polemiche-per-24-mln\/"},"wordCount":871,"publisher":{"@id":"https:\/\/www.adirai.it\/#organization"},"keywords":["Governo Italiano","Luigi Di Maio"],"articleSection":["Politica"],"inLanguage":"it-IT"},{"@type":"WebPage","@id":"https:\/\/www.adirai.it\/politica\/radio-radicale-o-terremotati-polemiche-per-24-mln\/","url":"https:\/\/www.adirai.it\/politica\/radio-radicale-o-terremotati-polemiche-per-24-mln\/","name":"Radio Radicale o Terremotati, polemiche per 24 mln","isPartOf":{"@id":"https:\/\/www.adirai.it\/#website"},"datePublished":"2019-10-30T17:58:48+00:00","dateModified":"2019-10-30T17:58:49+00:00","description":"Radio Radicale o Terremotati: per 24 milioni Luigi di Maio questione dei Fondi a Radio Radicale, 5 Stelle: sbagliato finanziare radio politica privata","breadcrumb":{"@id":"https:\/\/www.adirai.it\/politica\/radio-radicale-o-terremotati-polemiche-per-24-mln\/#breadcrumb"},"inLanguage":"it-IT","potentialAction":[{"@type":"ReadAction","target":["https:\/\/www.adirai.it\/politica\/radio-radicale-o-terremotati-polemiche-per-24-mln\/"]}]},{"@type":"BreadcrumbList","@id":"https:\/\/www.adirai.it\/politica\/radio-radicale-o-terremotati-polemiche-per-24-mln\/#breadcrumb","itemListElement":[{"@type":"ListItem","position":1,"name":"Home","item":"https:\/\/www.adirai.it\/"},{"@type":"ListItem","position":2,"name":"Radio Radicale o Terremotati, polemiche per 24 mln"}]},{"@type":"WebSite","@id":"https:\/\/www.adirai.it\/#website","url":"https:\/\/www.adirai.it\/","name":"Adirai Notizie","description":"","publisher":{"@id":"https:\/\/www.adirai.it\/#organization"},"potentialAction":[{"@type":"SearchAction","target":{"@type":"EntryPoint","urlTemplate":"https:\/\/www.adirai.it\/?s={search_term_string}"},"query-input":"required name=search_term_string"}],"inLanguage":"it-IT"},{"@type":"Organization","@id":"https:\/\/www.adirai.it\/#organization","name":"Adirai Notizie","url":"https:\/\/www.adirai.it\/","logo":{"@type":"ImageObject","inLanguage":"it-IT","@id":"https:\/\/www.adirai.it\/#\/schema\/logo\/image\/","url":"https:\/\/www.adirai.it\/media\/2019\/08\/adirai-logo.jpg","contentUrl":"https:\/\/www.adirai.it\/media\/2019\/08\/adirai-logo.jpg","width":600,"height":600,"caption":"Adirai Notizie"},"image":{"@id":"https:\/\/www.adirai.it\/#\/schema\/logo\/image\/"},"sameAs":["https:\/\/twitter.com\/AdiraiIt"]},{"@type":"Person","@id":"https:\/\/www.adirai.it\/#\/schema\/person\/a5f58f133c7b98c534f588d596d78734","name":"Adirai Italia","image":{"@type":"ImageObject","inLanguage":"it-IT","@id":"https:\/\/www.adirai.it\/#\/schema\/person\/image\/","url":"https:\/\/secure.gravatar.com\/avatar\/6b3b05aeab69cd7245f16ead3dd76a3d?s=96&d=mm&r=g","contentUrl":"https:\/\/secure.gravatar.com\/avatar\/6b3b05aeab69cd7245f16ead3dd76a3d?s=96&d=mm&r=g","caption":"Adirai Italia"},"sameAs":["https:\/\/www.adirai.it\/"]}]}},"post_mailing_queue_ids":[],"_links":{"self":[{"href":"https:\/\/www.adirai.it\/api\/wp\/v2\/posts\/5572"}],"collection":[{"href":"https:\/\/www.adirai.it\/api\/wp\/v2\/posts"}],"about":[{"href":"https:\/\/www.adirai.it\/api\/wp\/v2\/types\/post"}],"author":[{"embeddable":true,"href":"https:\/\/www.adirai.it\/api\/wp\/v2\/users\/2"}],"replies":[{"embeddable":true,"href":"https:\/\/www.adirai.it\/api\/wp\/v2\/comments?post=5572"}],"version-history":[{"count":0,"href":"https:\/\/www.adirai.it\/api\/wp\/v2\/posts\/5572\/revisions"}],"wp:featuredmedia":[{"embeddable":true,"href":"https:\/\/www.adirai.it\/api\/wp\/v2\/media\/5583"}],"wp:attachment":[{"href":"https:\/\/www.adirai.it\/api\/wp\/v2\/media?parent=5572"}],"wp:term":[{"taxonomy":"category","embeddable":true,"href":"https:\/\/www.adirai.it\/api\/wp\/v2\/categories?post=5572"},{"taxonomy":"post_tag","embeddable":true,"href":"https:\/\/www.adirai.it\/api\/wp\/v2\/tags?post=5572"}],"curies":[{"name":"wp","href":"https:\/\/api.w.org\/{rel}","templated":true}]}}