{"id":5174,"date":"2019-10-24T15:58:46","date_gmt":"2019-10-24T13:58:46","guid":{"rendered":"https:\/\/www.adirai.it\/?p=5174"},"modified":"2019-10-24T15:58:48","modified_gmt":"2019-10-24T13:58:48","slug":"ergastolo-ostativo-41-bis-vs-cedu-boss-con-permessi-premio","status":"publish","type":"post","link":"https:\/\/www.adirai.it\/politica\/ergastolo-ostativo-41-bis-vs-cedu-boss-con-permessi-premio\/","title":{"rendered":"Ergastolo Ostativo 41 bis vs CEDU: Boss con permessi premio"},"content":{"rendered":"\n<h1>Ergastolo Ostativo 41 bis vs CEDU: Boss con permessi premio se l&#8217;Italia cede alla Corte di Strasburgo<\/h1>\n\n\n\n<figure class=\"wp-block-image is-resized imgpost\"><img decoding=\"async\" loading=\"lazy\" src=\"https:\/\/www.adirai.it\/media\/2019\/10\/cedu-ergastolo-ostativo-in-italia-41-bis-720x405.jpg\" alt=\"cedu ergastolo ostativo in italia 41 bis\" class=\"wp-image-5178\" width=\"720\" height=\"405\" srcset=\"https:\/\/www.adirai.it\/media\/2019\/10\/cedu-ergastolo-ostativo-in-italia-41-bis-720x405.jpg 720w, https:\/\/www.adirai.it\/media\/2019\/10\/cedu-ergastolo-ostativo-in-italia-41-bis-300x169.jpg 300w, https:\/\/www.adirai.it\/media\/2019\/10\/cedu-ergastolo-ostativo-in-italia-41-bis-768x432.jpg 768w, https:\/\/www.adirai.it\/media\/2019\/10\/cedu-ergastolo-ostativo-in-italia-41-bis-220x124.jpg 220w, https:\/\/www.adirai.it\/media\/2019\/10\/cedu-ergastolo-ostativo-in-italia-41-bis-360x203.jpg 360w, https:\/\/www.adirai.it\/media\/2019\/10\/cedu-ergastolo-ostativo-in-italia-41-bis-160x90.jpg 160w, https:\/\/www.adirai.it\/media\/2019\/10\/cedu-ergastolo-ostativo-in-italia-41-bis.jpg 1200w\" sizes=\"(max-width: 720px) 100vw, 720px\" \/><\/figure>\n\n\n\n<p><strong>Ergastolo Ostativo l&#8217;articolo 4 bis in contrasto con l&#8217;articolo 3 della Corte Europea dei Diritti dell&#8217;Uomo riportano a galla i peggiori timori.<\/strong> Se i boss mafiosi saranno liberi di uscire dalle proprie celle del <strong>41 bis<\/strong> grazie ai <strong>permessi premio<\/strong>, ottenuti anche senza aver collaborato con la giustizia, cosa accadr\u00e0? <strong>I capiclan, terroristi, stupratori e tutti i peggiori criminali, potrebbero tornare liberi;<\/strong> questo \u00e8 quello che sta accadendo. Leggi di pi\u00f9.<\/p>\n\n\n\n\n\n\n\n<h2>Ergastolo Ostativo in Italia, art 4 bis<\/h2>\n\n\n\n<p>L&#8217;ergastolo ostativo in italia \u00e8 regolato dalla corte costituzionale e l&#8217;<a rel=\"nofollow\" href=\"http:\/\/www.ristretti.it\/areestudio\/alternative\/norme\/op\/4bis.htm\">Articolo 4 bis<\/a> \u00e8 stato chiamato in causa dalla <strong>Corte di Strasburgo<\/strong> in quanto, <a href=\"https:\/\/www.adirai.it\/politica\/corte-di-strasburgo-boccia-ergastolo-ostativo-cosa-significa\/\">come vi avevamo precedentemente spiegato<\/a>, essa non ritiene che la collaborazione con la giustizia possa effettivamente decretare la <strong>fine dei rapporti con la criminalit\u00e0 organizzata<\/strong>.<\/p>\n\n\n\n<p class=\"has-background has-very-light-gray-background-color\">L&#8217;<strong>art 4 bis<\/strong> normalizza l&#8217;assegnazione di permessi premio, possibilit\u00e0 di lavoro all&#8217;esterno del carcere e misure alternative al carcere.<\/p>\n\n\n\n<p>In questo stesso articolo sull&#8217;ergastolo ostativo in Italia \u00e8 anche specificato chi pu\u00f2 usufruire di permessi premio e altri benefici, inoltre si pu\u00f2 trovare risposta a quando \u00e8 previsto il <strong>carcere duro<\/strong>, privo di benefici, e per quali motivazioni.<\/p>\n\n\n\n<p><strong>Prerogativa dell&#8217;Italia \u00e8 riservare la possibilit\u00e0 di benefici esclusivamente a chi collabora con la giustizia<\/strong> oppure a chi, seppur collaborando, non riesce a fornire dettagli rilevanti sul caso a parte il fatto esplicito di non essere implicato in alcun modo in associazione mafiosa.<\/p>\n\n\n\n<blockquote class=\"wp-block-quote\"><p>&#8220;L\u2019assegnazione al lavoro all&#8217;esterno, i permessi premio, e le misure alternative alla detenzione [&#8230;] fatta eccezione per la liberazione anticipata, possono essere concessi ai detenuti e internati [&#8230;]<strong> solo nei casi in cui tali detenuti e internati collaborano con la giustizia<\/strong>.&#8221;<\/p><p>&#8220;I benefici suddetti possono essere concessi anche <strong>se la collaborazione che viene offerta risulti oggettivamente irrilevante<\/strong> purch\u00e9 siano stati acquisiti elementi tali da escludere in maniera certa l\u2019attualit\u00e0 dei collegamenti con la criminalit\u00e0 organizzata.&#8221;<\/p><cite>art 4 bis<\/cite><\/blockquote>\n\n\n\n<p>Per quanto riguarda i <strong>condannati<\/strong> (come terroristi, stupratori e altri criminali che hanno commesso atti efferati) i benefici possono essere concessi solo se non si trovano elementi sufficienti che provano un collegamento diretto con la criminalit\u00e0 organizzata. Tuttavia, se il <strong>PM antimafia<\/strong> dimostra l&#8217;attualit\u00e0 di un rapporto per <strong>associazione mafiosa<\/strong> i benefici non vengono erogati. <\/p>\n\n\n\n<blockquote class=\"wp-block-quote\"><p>&#8220;Quando si tratta di detenuti o internati per delitti commessi per finalit\u00e0 di terrorismo o di eversione dell\u2019ordinamento costituzionale [&#8230;] i benefici suddetti possono essere concessi solo <strong>se non vi sono elementi tali da far ritenere la sussistenza di collegamenti con la criminalit\u00e0 organizzata o eversiva<\/strong>.&#8221;<\/p><p>&#8220;L&#8217;assegnazione al lavoro all&#8217;esterno, i permessi premio e le misure alternative alla detenzione [&#8230;] non possono essere concessi ai detenuti ed internati per delitti dolosi quando il Procuratore nazionale antimafia o il procuratore distrettuale comunica [&#8230;] l\u2019<strong>attualit\u00e0 di collegamenti con la criminalit\u00e0 organizzata<\/strong>.&#8221;<\/p><\/blockquote>\n\n\n\n<h2>Marcello Viola e Art 3 CEDU: Proibizione della tortura<\/h2>\n\n\n\n<p><strong>Marcello Viola e Art 3 CEDU: Proibizione della tortura.<\/strong> Come mai proprio adesso si ritorna a parlare di <strong>Ergastolo Ostativo in Italia<\/strong>? E&#8217; stato <strong>Marcello Viola<\/strong>, noto boss di indubbio spessore criminale, a <strong>ricorrere alla Corte europea<\/strong>. La CEDU \u00e8 a conoscenza del <strong>passato criminale di Marcello Viola<\/strong>, responsabile di una delle pi\u00f9 sanguinose <strong>guerre di mafia<\/strong> avvenuta tra il 1989 e il 1992: \u00e8 stato <strong>condannato a quattro ergastoli<\/strong> e sconta la pena in <strong>regime di massima sicurezza del 41 bis<\/strong>.<\/p>\n\n\n\n<p><strong>Marcello Viola<\/strong> ha anche conseguito tre lauree nel periodo in cella: biologia, medicina e poi chirurgia. Per questo \u00e8 anche soprannominato &#8220;<em>boss-chirurgo<\/em>&#8220;. Il boss ha cominciato <strong>dal 2000 una guerra legale per far riconoscere la cessazione dei contatti con la sua cosca di riferimento<\/strong>, ma l&#8217;Italia non ha mai dato ascolto a queste richieste perch\u00e9 <strong>Marcello Viola non ha mai collaborato con la giustizia<\/strong> e quindi con nessuno degli organi inquirenti; \u00e8 quanto riportato dalle sentenze in Cassazione.<\/p>\n\n\n\n<p>A questo punto <strong>la Corte europea<\/strong> \u00e8 intervenuta e ha iniziato a sollecitare delle <strong>modifiche al 4 bis<\/strong> perch\u00e9 vanno in contrasto con l&#8217;<strong>articolo 3 della Corte Europea dei Diritti dell&#8217;Uomo<\/strong> (CEDU);<\/p>\n\n\n\n<p class=\"has-background has-very-light-gray-background-color\">&#8220;Nessuno pu\u00f2 essere sottoposto a tortura n\u00e9 a pene o trattamenti inumani o degradanti.&#8221; (<strong>art.3 CEDU<\/strong>)<\/p>\n\n\n\n<p>In merito alla contrapposizione dei due articoli, l&#8217;uno della <strong>corte di cassazione<\/strong>, l&#8217;altro della <strong>corte di strasburgo<\/strong>;<\/p>\n\n\n\n<blockquote class=\"wp-block-quote\"><p>&#8220;La Corte parte dal presupposto della gravit\u00e0 del fenomeno mafioso e dalla scelta legislativa di privilegiare le finalit\u00e0 di prevenzione generale e, come prevedibile, segnala come le scelte dello Stato in materia di giustizia penale non siano di competenza della Corte, nemmeno in materia di riesame della pena di modalit\u00e0 di scarcerazione.&#8221;<\/p><\/blockquote>\n\n\n\n<p>Erano tutti convinti che la Corte si sarebbe accontentata delle assicurazioni governative, invece arriva a mettere <strong>in discussione un punto cruciale<\/strong>;<\/p>\n\n\n\n<blockquote class=\"wp-block-quote\"><p><strong>La Corte dubita &#8220;dell\u2019opportunit\u00e0 di stabilire un\u2019equivalenza tra la mancanza di collaborazione e la pericolosit\u00e0 sociale del condannato<\/strong>&#8221; la scelta di non collaborare &#8220;possa dipendere dal timore di mettere a repentaglio la propria vita e quella dei propri congiunti: di conseguenza\u00a0<strong>la mancanza di collaborazione non deriverebbe sempre<\/strong>\u00a0da una scelta libera e volontaria di\u00a0<strong>adesione ai valori criminali<\/strong>\u00a0e di mantenimento di legami con l\u2019organizzazione di appartenenza, come gi\u00e0 affermato dalla Corte Costituzionale nella sentenza 306\/1993&#8243;.<\/p><\/blockquote>\n\n\n\n<p>C&#8217;\u00e8 da aggiungere che <strong>lo scopo delle carceri<\/strong> \u00e8 proprio isolare i criminarli e riabilitarli per poterli poi <strong>reintegrare a vivere nella societ\u00e0<\/strong>: Lo scopo non dovrebbe quindi essere quello di costringerli a vivere tra tre muri e delle sbarre.<\/p>\n\n\n\n<h2>Abolire Ergastolo Ostativo non \u00e8 vincolante per l&#8217;Italia<\/h2>\n\n\n\n<p><strong>Abolire Ergastolo Ostativo non \u00e8 vincolante per l&#8217;Italia<\/strong>. L&#8217;<strong>ergastolo ostativo<\/strong> \u00e8 uno dei rari provvedimenti giudiziari che funzionano bene: <strong>isolano soggetti pericolosi dalla societ\u00e0 e rassicurano i cittadini.<\/strong> <strong>Abolire l&#8217;ergastolo ostativo<\/strong> sarebbe un grave errore&#8230; eppure, ecco chi sta per ricevere permessi premio, ne parla <strong>TGcom24<\/strong>;<\/p>\n\n\n\n<blockquote class=\"wp-block-quote\"><p>L\u2019elenco dei potenziali destinatari dei permessi premio supera quota mille. Sono infatti\u00a0<strong>1.106<\/strong>\u00a0i condannati al carcere duro, tra i quali figurano i maggiori boss di\u00a0<strong>mafia<\/strong>,\u00a0<strong>camorra<\/strong>\u00a0e\u00a0<strong>\u2019ndrangheta<\/strong>: da Leoluca\u00a0<strong>Bagarella\u00a0<\/strong>agli stragisti Filippo e Giuseppe\u00a0<strong>Graviano<\/strong>, fino all\u2019ex &#8220;re&#8221;\u00a0di Ottaviano Raffaele\u00a0<strong>Cutolo<\/strong>.<\/p><p>Oltre che ai capiclan, per\u00f2, la misura potrebbe essere applicata anche ai\u00a0<strong>condannati a pene non perpetue<\/strong>\u00a0finora esclusi da permessi premio e altri benefici a causa della\u00a0<strong>mancata collaborazione con la giustizia<\/strong>.\u00a0Mafiosi, terroristi, ma anche trafficanti di droga e di essere umani, contrabbandieri, sequestratori e responsabili di altri gravi reati come la pedopornografia.<\/p><\/blockquote>\n\n\n\n<p>I pi\u00f9 <strong>noti PM antimafia<\/strong> non sono affatto d&#8217;accordo, ad esempio <strong>Nino Di Matteo<\/strong> parla cos\u00ec in merito alla sentenza;<\/p>\n\n\n\n<blockquote class=\"wp-block-quote\"><p>La sentenza della Consulta <strong>apre un\u00a0varco potenzialmente pericoloso<\/strong>, ponendo fine all&#8217;automatismo\u00a0che caratterizza l&#8217;ergastolo ostativo. <strong>Dobbiamo evitare che si\u00a0concretizzi uno degli obiettivi principali che la mafia\u00a0stragista intendeva raggiungere con gli attentati degli anni\u00a0&#8217;92-&#8217;94<\/strong>. L&#8217;auspicio &#8211; sottolinea Di Matteo &#8211; \u00e8 che la\u00a0politica sappia prontamente reagire e approvi le modifiche\u00a0normative necessarie ad <strong>evitare che le porte del carcere si\u00a0aprano indiscriminatamente ai mafiosi e ai terroristi condannati\u00a0all&#8217;ergastolo<\/strong>.<\/p><cite>Nino Di Matteo<\/cite><\/blockquote>\n\n\n\n<p>Ancora pi\u00f9 preoccupante il commento di <strong>Alfonso Sabella<\/strong>, giudice del Tribunale del Riesame di Napoli ed ex pm antimafia a Palermo e direttore de Dap;<\/p>\n\n\n\n<blockquote class=\"wp-block-quote\"><p>La Corte ha tenuto sicuramente conto del richiamo della Cedu\u00a0di Strasburgo, non poteva farne a meno. <strong>Non \u00e8 chiaro se sia il condannato a dover dimostrare di non aver pi\u00f9 collegamenti con ambienti criminali o se sia la magistratura a dover dimostrare l&#8217;esistenza attuale dei collegamenti.<\/strong> Se dovesse essere la magistratura, si aprirebbe un&#8217;autostrada per i condannati. Dobbiamo aspettare le motivazioni per capirlo.<\/p><\/blockquote>\n\n\n\n<p>Infine, esprime il suo parere in merito alla questione ricordando che la mafia non ha limiti e che modifiche procedurali avventate potrebbero ricadere negativamente sui giudici responsabili dell&#8217;assegnazione della pena.<\/p>\n\n\n\n<blockquote class=\"wp-block-quote\"><p>Credo sia <strong>indispensabile che\u00a0il legislatore stabilisca che rispetto alle decisioni sui benefici legati al 41 bis debba essere un giudice collegiale<\/strong> (almeno tre giudici, ndr) e non un un singolo giudice di sorveglianza a decidere. <strong>Il rischio che la mafia minacci questi ultimi \u00e8 alto e lo Stato ha il dovere di tutelare i suoi servitori.<\/strong><\/p><\/blockquote>\n\n\n\n<p>La preoccupazione dei pm antimafia \u00e8 del tutto comprensibile, c&#8217;\u00e8 anche chi ha definito le accuse della CEDU un&#8217;offesa alla memoria di Paolo Borsellino e Giovanni Falcone. Tuttavia, <strong>L&#8217;ITALIA NON E&#8217; OBBLIGATA A SEGUIRE LE INDICAZIONI DELLA CEDU<\/strong>: l&#8217;Italia <strong>non \u00e8 vincolata<\/strong> nella decisione di apportare modifiche al proprio codice. Questo vuol dire che il governo prende atto delle affermazioni della Corte Europea ma <strong>pu\u00f2 non prendere provvedimenti.<\/strong><\/p>\n\n\n\n<p><strong>L&#8217;altra faccia della medaglia<\/strong> per\u00f2 \u00e8 che siamo nel 2019 e bisognerebbe comunque attualizzare l&#8217;articolo che rende i carcerati del 41 bis pi\u00f9 isolati che mai; senza alcuna possibilit\u00e0 di fare appello per i propri diritti, <em>neanche dopo 20 o 30 anni dietro le sbarre.<\/em><\/p>\n\n\n\n<p><strong>CONDIVIDI le ultime notizie sull&#8217;ergastolo ostativo in Italia.<\/strong><\/p>\n","protected":false},"excerpt":{"rendered":"<p>Ergastolo Ostativo 41 bis vs CEDU: Boss con permessi premio se l&#8217;Italia cede alla Corte di Strasburgo Ergastolo Ostativo l&#8217;articolo 4 bis in contrasto con l&#8217;articolo 3 della Corte Europea dei Diritti dell&#8217;Uomo riportano a galla i peggiori timori. Se i boss mafiosi saranno liberi di uscire dalle proprie celle del 41 bis grazie ai [&hellip;]<\/p>\n","protected":false},"author":2,"featured_media":5178,"comment_status":"closed","ping_status":"closed","sticky":false,"template":"","format":"standard","meta":[],"categories":[2],"tags":[127,52],"yoast_head":"<title>Ergastolo Ostativo 41 bis vs CEDU: Boss con permessi premio<\/title>\n<meta name=\"description\" content=\"Ergastolo Ostativo 41 bis in Italia, la Corte europea dei diritti dell uomo, dubita dell art 4 bis in contrasto con art 3 CEDU: Boss liberi?\" \/>\n<meta name=\"robots\" content=\"index, follow, max-snippet:-1, max-image-preview:large, max-video-preview:-1\" \/>\n<link rel=\"canonical\" href=\"https:\/\/www.adirai.it\/politica\/ergastolo-ostativo-41-bis-vs-cedu-boss-con-permessi-premio\/\" \/>\n<meta property=\"og:locale\" content=\"it_IT\" \/>\n<meta property=\"og:type\" content=\"article\" \/>\n<meta property=\"og:title\" content=\"Ergastolo Ostativo 41 bis vs CEDU: Boss con permessi premio\" \/>\n<meta property=\"og:description\" content=\"Ergastolo Ostativo 41 bis in Italia, la Corte europea dei diritti dell uomo, dubita dell art 4 bis in contrasto con art 3 CEDU: Boss liberi?\" \/>\n<meta property=\"og:url\" content=\"https:\/\/www.adirai.it\/politica\/ergastolo-ostativo-41-bis-vs-cedu-boss-con-permessi-premio\/\" \/>\n<meta property=\"og:site_name\" content=\"Adirai Notizie\" \/>\n<meta property=\"article:published_time\" content=\"2019-10-24T13:58:46+00:00\" \/>\n<meta property=\"article:modified_time\" content=\"2019-10-24T13:58:48+00:00\" \/>\n<meta property=\"og:image\" content=\"https:\/\/www.adirai.it\/media\/2019\/10\/cedu-ergastolo-ostativo-in-italia-41-bis.jpg\" \/>\n\t<meta property=\"og:image:width\" content=\"1200\" \/>\n\t<meta property=\"og:image:height\" content=\"675\" \/>\n\t<meta property=\"og:image:type\" content=\"image\/jpeg\" \/>\n<meta name=\"author\" content=\"Adirai Italia\" \/>\n<meta name=\"twitter:card\" content=\"summary_large_image\" \/>\n<meta name=\"twitter:creator\" content=\"@AdiraiIt\" \/>\n<meta name=\"twitter:site\" content=\"@AdiraiIt\" \/>\n<meta name=\"twitter:label1\" content=\"Scritto da\" \/>\n\t<meta name=\"twitter:data1\" content=\"Adirai Italia\" \/>\n\t<meta name=\"twitter:label2\" content=\"Tempo di lettura stimato\" \/>\n\t<meta name=\"twitter:data2\" content=\"7 minuti\" \/>","yoast_head_json":{"title":"Ergastolo Ostativo 41 bis vs CEDU: Boss con permessi premio","description":"Ergastolo Ostativo 41 bis in Italia, la Corte europea dei diritti dell uomo, dubita dell art 4 bis in contrasto con art 3 CEDU: Boss liberi?","robots":{"index":"index","follow":"follow","max-snippet":"max-snippet:-1","max-image-preview":"max-image-preview:large","max-video-preview":"max-video-preview:-1"},"canonical":"https:\/\/www.adirai.it\/politica\/ergastolo-ostativo-41-bis-vs-cedu-boss-con-permessi-premio\/","og_locale":"it_IT","og_type":"article","og_title":"Ergastolo Ostativo 41 bis vs CEDU: Boss con permessi premio","og_description":"Ergastolo Ostativo 41 bis in Italia, la Corte europea dei diritti dell uomo, dubita dell art 4 bis in contrasto con art 3 CEDU: Boss liberi?","og_url":"https:\/\/www.adirai.it\/politica\/ergastolo-ostativo-41-bis-vs-cedu-boss-con-permessi-premio\/","og_site_name":"Adirai Notizie","article_published_time":"2019-10-24T13:58:46+00:00","article_modified_time":"2019-10-24T13:58:48+00:00","og_image":[{"width":1200,"height":675,"url":"https:\/\/www.adirai.it\/media\/2019\/10\/cedu-ergastolo-ostativo-in-italia-41-bis.jpg","type":"image\/jpeg"}],"author":"Adirai Italia","twitter_card":"summary_large_image","twitter_creator":"@AdiraiIt","twitter_site":"@AdiraiIt","twitter_misc":{"Scritto da":"Adirai Italia","Tempo di lettura stimato":"7 minuti"},"schema":{"@context":"https:\/\/schema.org","@graph":[{"@type":"Article","@id":"https:\/\/www.adirai.it\/politica\/ergastolo-ostativo-41-bis-vs-cedu-boss-con-permessi-premio\/#article","isPartOf":{"@id":"https:\/\/www.adirai.it\/politica\/ergastolo-ostativo-41-bis-vs-cedu-boss-con-permessi-premio\/"},"author":{"name":"Adirai Italia","@id":"https:\/\/www.adirai.it\/#\/schema\/person\/a5f58f133c7b98c534f588d596d78734"},"headline":"Ergastolo Ostativo 41 bis vs CEDU: Boss con permessi premio","datePublished":"2019-10-24T13:58:46+00:00","dateModified":"2019-10-24T13:58:48+00:00","mainEntityOfPage":{"@id":"https:\/\/www.adirai.it\/politica\/ergastolo-ostativo-41-bis-vs-cedu-boss-con-permessi-premio\/"},"wordCount":1446,"publisher":{"@id":"https:\/\/www.adirai.it\/#organization"},"keywords":["Governo Italiano","Unione Europea"],"articleSection":["Politica"],"inLanguage":"it-IT"},{"@type":"WebPage","@id":"https:\/\/www.adirai.it\/politica\/ergastolo-ostativo-41-bis-vs-cedu-boss-con-permessi-premio\/","url":"https:\/\/www.adirai.it\/politica\/ergastolo-ostativo-41-bis-vs-cedu-boss-con-permessi-premio\/","name":"Ergastolo Ostativo 41 bis vs CEDU: Boss con permessi premio","isPartOf":{"@id":"https:\/\/www.adirai.it\/#website"},"datePublished":"2019-10-24T13:58:46+00:00","dateModified":"2019-10-24T13:58:48+00:00","description":"Ergastolo Ostativo 41 bis in Italia, la Corte europea dei diritti dell uomo, dubita dell art 4 bis in contrasto con art 3 CEDU: Boss liberi?","breadcrumb":{"@id":"https:\/\/www.adirai.it\/politica\/ergastolo-ostativo-41-bis-vs-cedu-boss-con-permessi-premio\/#breadcrumb"},"inLanguage":"it-IT","potentialAction":[{"@type":"ReadAction","target":["https:\/\/www.adirai.it\/politica\/ergastolo-ostativo-41-bis-vs-cedu-boss-con-permessi-premio\/"]}]},{"@type":"BreadcrumbList","@id":"https:\/\/www.adirai.it\/politica\/ergastolo-ostativo-41-bis-vs-cedu-boss-con-permessi-premio\/#breadcrumb","itemListElement":[{"@type":"ListItem","position":1,"name":"Home","item":"https:\/\/www.adirai.it\/"},{"@type":"ListItem","position":2,"name":"Ergastolo Ostativo 41 bis vs CEDU: Boss con permessi premio"}]},{"@type":"WebSite","@id":"https:\/\/www.adirai.it\/#website","url":"https:\/\/www.adirai.it\/","name":"Adirai Notizie","description":"","publisher":{"@id":"https:\/\/www.adirai.it\/#organization"},"potentialAction":[{"@type":"SearchAction","target":{"@type":"EntryPoint","urlTemplate":"https:\/\/www.adirai.it\/?s={search_term_string}"},"query-input":"required name=search_term_string"}],"inLanguage":"it-IT"},{"@type":"Organization","@id":"https:\/\/www.adirai.it\/#organization","name":"Adirai Notizie","url":"https:\/\/www.adirai.it\/","logo":{"@type":"ImageObject","inLanguage":"it-IT","@id":"https:\/\/www.adirai.it\/#\/schema\/logo\/image\/","url":"https:\/\/www.adirai.it\/media\/2019\/08\/adirai-logo.jpg","contentUrl":"https:\/\/www.adirai.it\/media\/2019\/08\/adirai-logo.jpg","width":600,"height":600,"caption":"Adirai Notizie"},"image":{"@id":"https:\/\/www.adirai.it\/#\/schema\/logo\/image\/"},"sameAs":["https:\/\/twitter.com\/AdiraiIt"]},{"@type":"Person","@id":"https:\/\/www.adirai.it\/#\/schema\/person\/a5f58f133c7b98c534f588d596d78734","name":"Adirai Italia","image":{"@type":"ImageObject","inLanguage":"it-IT","@id":"https:\/\/www.adirai.it\/#\/schema\/person\/image\/","url":"https:\/\/secure.gravatar.com\/avatar\/6b3b05aeab69cd7245f16ead3dd76a3d?s=96&d=mm&r=g","contentUrl":"https:\/\/secure.gravatar.com\/avatar\/6b3b05aeab69cd7245f16ead3dd76a3d?s=96&d=mm&r=g","caption":"Adirai Italia"},"sameAs":["https:\/\/www.adirai.it\/"]}]}},"post_mailing_queue_ids":[],"_links":{"self":[{"href":"https:\/\/www.adirai.it\/api\/wp\/v2\/posts\/5174"}],"collection":[{"href":"https:\/\/www.adirai.it\/api\/wp\/v2\/posts"}],"about":[{"href":"https:\/\/www.adirai.it\/api\/wp\/v2\/types\/post"}],"author":[{"embeddable":true,"href":"https:\/\/www.adirai.it\/api\/wp\/v2\/users\/2"}],"replies":[{"embeddable":true,"href":"https:\/\/www.adirai.it\/api\/wp\/v2\/comments?post=5174"}],"version-history":[{"count":0,"href":"https:\/\/www.adirai.it\/api\/wp\/v2\/posts\/5174\/revisions"}],"wp:featuredmedia":[{"embeddable":true,"href":"https:\/\/www.adirai.it\/api\/wp\/v2\/media\/5178"}],"wp:attachment":[{"href":"https:\/\/www.adirai.it\/api\/wp\/v2\/media?parent=5174"}],"wp:term":[{"taxonomy":"category","embeddable":true,"href":"https:\/\/www.adirai.it\/api\/wp\/v2\/categories?post=5174"},{"taxonomy":"post_tag","embeddable":true,"href":"https:\/\/www.adirai.it\/api\/wp\/v2\/tags?post=5174"}],"curies":[{"name":"wp","href":"https:\/\/api.w.org\/{rel}","templated":true}]}}