{"id":5081,"date":"2019-10-21T19:38:09","date_gmt":"2019-10-21T17:38:09","guid":{"rendered":"https:\/\/www.adirai.it\/?p=5081"},"modified":"2020-02-21T15:50:05","modified_gmt":"2020-02-21T14:50:05","slug":"ultime-governo-renzi-matteo-vuole-franceschini-premier","status":"publish","type":"post","link":"https:\/\/www.adirai.it\/politica\/ultime-governo-renzi-matteo-vuole-franceschini-premier\/","title":{"rendered":"Ultime governo Renzi, Matteo vuole Franceschini premier"},"content":{"rendered":"\n<h1>Ultime governo Renzi, Matteo vuole Dario Franceschini premier al posto di Conte<\/h1>\n\n\n\n<figure class=\"wp-block-image is-resized imgpost\"><img decoding=\"async\" loading=\"lazy\" src=\"https:\/\/www.adirai.it\/media\/2019\/10\/ultime-governo-renzi-franceschini-720x405.jpg\" alt=\"ultime governo renzi franceschini\" class=\"wp-image-5083\" width=\"720\" height=\"405\" srcset=\"https:\/\/www.adirai.it\/media\/2019\/10\/ultime-governo-renzi-franceschini-720x405.jpg 720w, https:\/\/www.adirai.it\/media\/2019\/10\/ultime-governo-renzi-franceschini-300x169.jpg 300w, https:\/\/www.adirai.it\/media\/2019\/10\/ultime-governo-renzi-franceschini-768x432.jpg 768w, https:\/\/www.adirai.it\/media\/2019\/10\/ultime-governo-renzi-franceschini-220x124.jpg 220w, https:\/\/www.adirai.it\/media\/2019\/10\/ultime-governo-renzi-franceschini-360x203.jpg 360w, https:\/\/www.adirai.it\/media\/2019\/10\/ultime-governo-renzi-franceschini-160x90.jpg 160w, https:\/\/www.adirai.it\/media\/2019\/10\/ultime-governo-renzi-franceschini.jpg 1200w\" sizes=\"(max-width: 720px) 100vw, 720px\" \/><\/figure>\n\n\n\n<p><strong>Ultime Governo Renzi, Matteo aveva detto a Conte &#8220;stai sereno&#8221;<\/strong>, Conte non ci ha creduto e ha fatto bene. Renzi adesso ha in mente un nuovo premier, perch\u00e9 Giuseppe Conte non gli sta pi\u00f9 bene. <strong>Matteo Renzi vuole un presidente del Consiglio europeista<\/strong>, perch\u00e9 secondo lui \u00e8 quello che ci vuole all&#8217;Italia. Durante un&#8217;<strong>intervista Renzi<\/strong> rivela che in realt\u00e0, l&#8217;uomo giusto per fare il <strong>premier in Italia<\/strong> \u00e8 proprio il nostro ministro alla Cultura, <strong>Dario Franceschini.<\/strong><\/p>\n\n\n\n\n\n\n\n<h2>Ultime Matteo Renzi &#8220;Dario Franceschini premier&#8221;<\/h2>\n\n\n\n<p><strong>Ultime governo Renzi:<\/strong> Secondo Matteo Renzi al governo \u00e8 perfetto <strong>Dario Franceschini<\/strong>; ha esperienze maturate in Europa e non pu\u00f2 che essere il migliore per gli scambi diplomatici con gli <strong>altri Paesi UE<\/strong>. Forse Renzi vede Conte un po&#8217; lento, poco produttivo o chiss\u00e0 cosa;<\/p>\n\n\n\n<p class=\"has-background has-very-light-gray-background-color\">C&#8217;\u00e8 di fatto un&#8217;esigenza reale a voler cambiare di nuovo governo o <strong>\u00e8 solo un capriccio di governo per Renzi?<\/strong><\/p>\n\n\n\n<p><strong>Dario Franceschini premier perch\u00e9 \u00e8 europeista<\/strong>: Si tratta proprio del suo grande nemico interno ai tempi del Nazareno, definito &#8220;amico&#8221; nel comizio di chiusura fiorentino. E&#8217; proprio il ministro dei Beni Culturali e capodelegazione democratici al governo l&#8217;uomo che Renzi intende piazzare al posto di Giuseppe Conte.<\/p>\n\n\n\n<p>E&#8217; pur vero che il <a href=\"https:\/\/www.adirai.it\/giuseppe-conte\/\">premier Giuseppe Conte<\/a> \u00e8 ormai entrato in guerra con lo stesso Renzi e&nbsp;<strong>Luigi Di Maio<\/strong>&nbsp;sulla <a href=\"https:\/\/www.adirai.it\/economia\/legge-di-bilancio-2020-manovra-in-approvazione-oggi\/\">manovra di bilancio 2020<\/a>.<\/p>\n\n\n\n<h2>Ultime Governo Renzi, no Conte al governo<\/h2>\n\n\n\n<p><strong>Ultime governo Renzi<\/strong>: Il governo Conte bis \u00e8 nato per ostacolare Matteo Salvini che, <a href=\"https:\/\/www.adirai.it\/politica\/elezioni-subito-vogliamo-votare-fdi-raccoglie-firme\/\">grazie alle elezioni<\/a> sarebbe sicuramente diventato premier indiscusso.<\/p>\n\n\n\n<p class=\"has-background has-very-light-gray-background-color\">Un <strong>governo sovranista<\/strong> non piace a tutti quelli di Palazzo Chigi e quindi eccoci qua, con un <strong>governo riciclato<\/strong> che amiamo chiamare &#8220;Conte 2&#8221; come le numerazioni delle saghe al cinema.<\/p>\n\n\n\n<p>Quello che ci ritroviamo a vivere per\u00f2 somiglia pi\u00f9 a un horror, con tasse, manette e riforme a valanga. Tutto questo piuttosto della <strong>maggioranza sovranista<\/strong> al governo (<a href=\"https:\/\/www.adirai.it\/fratelli-ditalia\/\">Fratelli d&#8217;Italia<\/a>, <a href=\"https:\/\/www.adirai.it\/forza-italia\/\">Forza Italia<\/a> e <a href=\"https:\/\/www.adirai.it\/lega\/\">Lega<\/a>).<\/p>\n\n\n\n<p class=\"has-background has-very-light-gray-background-color\">Se siete convinti che in Italia la maggioranza \u00e8 di sinistra vi consigliamo di dare un&#8217;occhiata agli <a href=\"https:\/\/www.adirai.it\/politica\/sondaggi-politici-elettorali-di-oggi-italia-di-destra-o-di-sinistra\/\">ultimi sondaggi politici elettorali<\/a>.<\/p>\n\n\n\n<h2>Ultime Governo perch\u00e9 Renzi \u00e8 contro Conte<\/h2>\n\n\n\n<p><strong>Ultime governo Renzi<\/strong> ha spiegato ai suoi followers di governo, i <strong>ministri, deputati e senatori di Italia Viva<\/strong>;<\/p>\n\n\n\n<blockquote class=\"wp-block-quote\"><p>&#8220;Credo che siano Conte e Zingaretti a voler staccare la spina ma chi vuole far finire la legislatura prima di eleggere un presidente pro Europa si assume una grossa responsabilit\u00e0. Io il mio messaggio l&#8217;ho mandato, se Conte vuole essere della partita in questa operazione bene, senn\u00f2 faremo senza di lui&#8221;.<\/p><\/blockquote>\n\n\n\n<p>Non a caso, nel fuoco di fila degli <strong>esponenti Pd<\/strong> contro gli <a href=\"https:\/\/www.adirai.it\/politica\/renzi-al-governo-di-nuovo-altri-88-parlamentari-a-italia-viva\/\">ex di Italia Viva<\/a>, il grande assente \u00e8 stato proprio <strong>Dario Franceschini<\/strong>. C&#8217;\u00e8 stato un accordo segreto tra i due? Non lo sappiamo ma non \u00e8 difficile riuscire a immaginarlo.<\/p>\n\n\n\n<p><strong>CONDIVIDI le ultime notizie sul governo e Renzi.<\/strong><\/p>\n","protected":false},"excerpt":{"rendered":"<p>Ultime governo Renzi, Matteo vuole Dario Franceschini premier al posto di Conte Ultime Governo Renzi, Matteo aveva detto a Conte &#8220;stai sereno&#8221;, Conte non ci ha creduto e ha fatto bene. Renzi adesso ha in mente un nuovo premier, perch\u00e9 Giuseppe Conte non gli sta pi\u00f9 bene. Matteo Renzi vuole un presidente del Consiglio europeista, [&hellip;]<\/p>\n","protected":false},"author":2,"featured_media":5083,"comment_status":"closed","ping_status":"closed","sticky":false,"template":"","format":"standard","meta":[],"categories":[2],"tags":[267,15,127,233,89,269],"yoast_head":"<title>Ultime governo Renzi, Matteo vuole Franceschini premier<\/title>\n<meta name=\"description\" content=\"Ultime governo Renzi Matteo vuole Dario Franceschini premier invece di Conte perch\u00e9 \u00e8 europeista, ma c&#039;\u00e8 anche un altro motivo...\" \/>\n<meta name=\"robots\" content=\"index, follow, max-snippet:-1, max-image-preview:large, max-video-preview:-1\" \/>\n<link rel=\"canonical\" href=\"https:\/\/www.adirai.it\/politica\/ultime-governo-renzi-matteo-vuole-franceschini-premier\/\" \/>\n<meta property=\"og:locale\" content=\"it_IT\" \/>\n<meta property=\"og:type\" content=\"article\" \/>\n<meta property=\"og:title\" content=\"Ultime governo Renzi, Matteo vuole Franceschini premier\" \/>\n<meta property=\"og:description\" content=\"Ultime governo Renzi Matteo vuole Dario Franceschini premier invece di Conte perch\u00e9 \u00e8 europeista, ma c&#039;\u00e8 anche un altro motivo...\" \/>\n<meta property=\"og:url\" content=\"https:\/\/www.adirai.it\/politica\/ultime-governo-renzi-matteo-vuole-franceschini-premier\/\" \/>\n<meta property=\"og:site_name\" content=\"Adirai Notizie\" \/>\n<meta property=\"article:published_time\" content=\"2019-10-21T17:38:09+00:00\" \/>\n<meta property=\"article:modified_time\" content=\"2020-02-21T14:50:05+00:00\" \/>\n<meta property=\"og:image\" content=\"https:\/\/www.adirai.it\/media\/2019\/10\/ultime-governo-renzi-franceschini.jpg\" \/>\n\t<meta property=\"og:image:width\" content=\"1200\" \/>\n\t<meta property=\"og:image:height\" content=\"675\" \/>\n\t<meta property=\"og:image:type\" content=\"image\/jpeg\" \/>\n<meta name=\"author\" content=\"Adirai Italia\" \/>\n<meta name=\"twitter:card\" content=\"summary_large_image\" \/>\n<meta name=\"twitter:creator\" content=\"@AdiraiIt\" \/>\n<meta name=\"twitter:site\" content=\"@AdiraiIt\" \/>\n<meta name=\"twitter:label1\" content=\"Scritto da\" \/>\n\t<meta name=\"twitter:data1\" content=\"Adirai Italia\" \/>\n\t<meta name=\"twitter:label2\" content=\"Tempo di lettura stimato\" \/>\n\t<meta name=\"twitter:data2\" content=\"2 minuti\" \/>","yoast_head_json":{"title":"Ultime governo Renzi, Matteo vuole Franceschini premier","description":"Ultime governo Renzi Matteo vuole Dario Franceschini premier invece di Conte perch\u00e9 \u00e8 europeista, ma c'\u00e8 anche un altro motivo...","robots":{"index":"index","follow":"follow","max-snippet":"max-snippet:-1","max-image-preview":"max-image-preview:large","max-video-preview":"max-video-preview:-1"},"canonical":"https:\/\/www.adirai.it\/politica\/ultime-governo-renzi-matteo-vuole-franceschini-premier\/","og_locale":"it_IT","og_type":"article","og_title":"Ultime governo Renzi, Matteo vuole Franceschini premier","og_description":"Ultime governo Renzi Matteo vuole Dario Franceschini premier invece di Conte perch\u00e9 \u00e8 europeista, ma c'\u00e8 anche un altro motivo...","og_url":"https:\/\/www.adirai.it\/politica\/ultime-governo-renzi-matteo-vuole-franceschini-premier\/","og_site_name":"Adirai Notizie","article_published_time":"2019-10-21T17:38:09+00:00","article_modified_time":"2020-02-21T14:50:05+00:00","og_image":[{"width":1200,"height":675,"url":"https:\/\/www.adirai.it\/media\/2019\/10\/ultime-governo-renzi-franceschini.jpg","type":"image\/jpeg"}],"author":"Adirai Italia","twitter_card":"summary_large_image","twitter_creator":"@AdiraiIt","twitter_site":"@AdiraiIt","twitter_misc":{"Scritto da":"Adirai Italia","Tempo di lettura stimato":"2 minuti"},"schema":{"@context":"https:\/\/schema.org","@graph":[{"@type":"Article","@id":"https:\/\/www.adirai.it\/politica\/ultime-governo-renzi-matteo-vuole-franceschini-premier\/#article","isPartOf":{"@id":"https:\/\/www.adirai.it\/politica\/ultime-governo-renzi-matteo-vuole-franceschini-premier\/"},"author":{"name":"Adirai Italia","@id":"https:\/\/www.adirai.it\/#\/schema\/person\/a5f58f133c7b98c534f588d596d78734"},"headline":"Ultime governo Renzi, Matteo vuole Franceschini premier","datePublished":"2019-10-21T17:38:09+00:00","dateModified":"2020-02-21T14:50:05+00:00","mainEntityOfPage":{"@id":"https:\/\/www.adirai.it\/politica\/ultime-governo-renzi-matteo-vuole-franceschini-premier\/"},"wordCount":476,"publisher":{"@id":"https:\/\/www.adirai.it\/#organization"},"keywords":["Dario Franceschini","Giuseppe Conte","Governo Italiano","Italia Viva","Matteo Renzi","Ultime Governo Renzi"],"articleSection":["Politica"],"inLanguage":"it-IT"},{"@type":"WebPage","@id":"https:\/\/www.adirai.it\/politica\/ultime-governo-renzi-matteo-vuole-franceschini-premier\/","url":"https:\/\/www.adirai.it\/politica\/ultime-governo-renzi-matteo-vuole-franceschini-premier\/","name":"Ultime governo Renzi, Matteo vuole Franceschini premier","isPartOf":{"@id":"https:\/\/www.adirai.it\/#website"},"datePublished":"2019-10-21T17:38:09+00:00","dateModified":"2020-02-21T14:50:05+00:00","description":"Ultime governo Renzi Matteo vuole Dario Franceschini premier invece di Conte perch\u00e9 \u00e8 europeista, ma c'\u00e8 anche un altro motivo...","breadcrumb":{"@id":"https:\/\/www.adirai.it\/politica\/ultime-governo-renzi-matteo-vuole-franceschini-premier\/#breadcrumb"},"inLanguage":"it-IT","potentialAction":[{"@type":"ReadAction","target":["https:\/\/www.adirai.it\/politica\/ultime-governo-renzi-matteo-vuole-franceschini-premier\/"]}]},{"@type":"BreadcrumbList","@id":"https:\/\/www.adirai.it\/politica\/ultime-governo-renzi-matteo-vuole-franceschini-premier\/#breadcrumb","itemListElement":[{"@type":"ListItem","position":1,"name":"Home","item":"https:\/\/www.adirai.it\/"},{"@type":"ListItem","position":2,"name":"Ultime governo Renzi, Matteo vuole Franceschini premier"}]},{"@type":"WebSite","@id":"https:\/\/www.adirai.it\/#website","url":"https:\/\/www.adirai.it\/","name":"Adirai Notizie","description":"","publisher":{"@id":"https:\/\/www.adirai.it\/#organization"},"potentialAction":[{"@type":"SearchAction","target":{"@type":"EntryPoint","urlTemplate":"https:\/\/www.adirai.it\/?s={search_term_string}"},"query-input":"required name=search_term_string"}],"inLanguage":"it-IT"},{"@type":"Organization","@id":"https:\/\/www.adirai.it\/#organization","name":"Adirai Notizie","url":"https:\/\/www.adirai.it\/","logo":{"@type":"ImageObject","inLanguage":"it-IT","@id":"https:\/\/www.adirai.it\/#\/schema\/logo\/image\/","url":"https:\/\/www.adirai.it\/media\/2019\/08\/adirai-logo.jpg","contentUrl":"https:\/\/www.adirai.it\/media\/2019\/08\/adirai-logo.jpg","width":600,"height":600,"caption":"Adirai Notizie"},"image":{"@id":"https:\/\/www.adirai.it\/#\/schema\/logo\/image\/"},"sameAs":["https:\/\/twitter.com\/AdiraiIt"]},{"@type":"Person","@id":"https:\/\/www.adirai.it\/#\/schema\/person\/a5f58f133c7b98c534f588d596d78734","name":"Adirai Italia","image":{"@type":"ImageObject","inLanguage":"it-IT","@id":"https:\/\/www.adirai.it\/#\/schema\/person\/image\/","url":"https:\/\/secure.gravatar.com\/avatar\/6b3b05aeab69cd7245f16ead3dd76a3d?s=96&d=mm&r=g","contentUrl":"https:\/\/secure.gravatar.com\/avatar\/6b3b05aeab69cd7245f16ead3dd76a3d?s=96&d=mm&r=g","caption":"Adirai Italia"},"sameAs":["https:\/\/www.adirai.it\/"]}]}},"post_mailing_queue_ids":[],"_links":{"self":[{"href":"https:\/\/www.adirai.it\/api\/wp\/v2\/posts\/5081"}],"collection":[{"href":"https:\/\/www.adirai.it\/api\/wp\/v2\/posts"}],"about":[{"href":"https:\/\/www.adirai.it\/api\/wp\/v2\/types\/post"}],"author":[{"embeddable":true,"href":"https:\/\/www.adirai.it\/api\/wp\/v2\/users\/2"}],"replies":[{"embeddable":true,"href":"https:\/\/www.adirai.it\/api\/wp\/v2\/comments?post=5081"}],"version-history":[{"count":0,"href":"https:\/\/www.adirai.it\/api\/wp\/v2\/posts\/5081\/revisions"}],"wp:featuredmedia":[{"embeddable":true,"href":"https:\/\/www.adirai.it\/api\/wp\/v2\/media\/5083"}],"wp:attachment":[{"href":"https:\/\/www.adirai.it\/api\/wp\/v2\/media?parent=5081"}],"wp:term":[{"taxonomy":"category","embeddable":true,"href":"https:\/\/www.adirai.it\/api\/wp\/v2\/categories?post=5081"},{"taxonomy":"post_tag","embeddable":true,"href":"https:\/\/www.adirai.it\/api\/wp\/v2\/tags?post=5081"}],"curies":[{"name":"wp","href":"https:\/\/api.w.org\/{rel}","templated":true}]}}