{"id":4850,"date":"2019-10-17T18:58:14","date_gmt":"2019-10-17T16:58:14","guid":{"rendered":"https:\/\/www.adirai.it\/?p=4850"},"modified":"2019-10-17T18:58:16","modified_gmt":"2019-10-17T16:58:16","slug":"siria-conte-e-erdogan-in-una-telefonata-inconcludente","status":"publish","type":"post","link":"https:\/\/www.adirai.it\/politica\/siria-conte-e-erdogan-in-una-telefonata-inconcludente\/","title":{"rendered":"Siria, Conte e Erdogan in una telefonata inconcludente"},"content":{"rendered":"\n<h1>Siria, Conte chiama Erdogan per esortarlo alla ritirata, la telefonata si conclude in un nulla di fatto<\/h1>\n\n\n\n<figure class=\"wp-block-image is-resized imgpost\"><img decoding=\"async\" loading=\"lazy\" src=\"https:\/\/www.adirai.it\/media\/2019\/10\/siria-conte-chiama-erdogan-telefonata-720x405.jpg\" alt=\"siria conte chiama erdogan telefonata\" class=\"wp-image-4865\" width=\"720\" height=\"405\" srcset=\"https:\/\/www.adirai.it\/media\/2019\/10\/siria-conte-chiama-erdogan-telefonata-720x405.jpg 720w, https:\/\/www.adirai.it\/media\/2019\/10\/siria-conte-chiama-erdogan-telefonata-300x169.jpg 300w, https:\/\/www.adirai.it\/media\/2019\/10\/siria-conte-chiama-erdogan-telefonata-768x432.jpg 768w, https:\/\/www.adirai.it\/media\/2019\/10\/siria-conte-chiama-erdogan-telefonata-220x124.jpg 220w, https:\/\/www.adirai.it\/media\/2019\/10\/siria-conte-chiama-erdogan-telefonata-360x203.jpg 360w, https:\/\/www.adirai.it\/media\/2019\/10\/siria-conte-chiama-erdogan-telefonata-160x90.jpg 160w, https:\/\/www.adirai.it\/media\/2019\/10\/siria-conte-chiama-erdogan-telefonata.jpg 1200w\" sizes=\"(max-width: 720px) 100vw, 720px\" \/><\/figure>\n\n\n\n<p><strong>Siria, Conte<\/strong> ci prova, <strong>chiama Erdogan<\/strong> e gli chiede nuovamente di fermare l&#8217;<strong>avanzata militare delle milizie turche in Siria<\/strong>. Sappiamo quello che gli ha detto <strong>Giuseppe Conte<\/strong> ma la risposta di <strong>Recep Tayyip Erdogan<\/strong> \u00e8 ignota. L&#8217;Ue ci sta provando in tutti i modi a fermare l&#8217;azione militare di Erdogan ma senza alcun successo. Ecco cosa ha detto <strong>il presidente del Consiglio Giuseppe Conte su Erdogan<\/strong> e la <strong>guerra di Turchia e Siria<\/strong>.<\/p>\n\n\n\n\n\n\n\n<h2>Siria, Conte &#8220;rispettare dovere geopolitico&#8221;<\/h2>\n\n\n\n<p><strong>Siria, Conte<\/strong> ha ricordato a <strong>Erdogan<\/strong> il suo dovere di &#8220;<strong>svolgere con responsabilit\u00e0 il ruolo geopolitico e di alleato Nato<\/strong> che la Turchia strategicamente detiene, nell&#8217;interesse collettivo di <strong>stabilizzazione<\/strong> dell&#8217;intera regione.&#8221; Nella chiamata a Erdogan di questa mattina, durata pi\u00f9 di un&#8217;ora il premier ha sostanzialmente cercato di farlo ragionare, ma Erdogan non ne ha voluto sapere. <strong>Il premier riferisce che c&#8217;\u00e8 stata &#8220;tensione nella telefonata a Erdogan&#8221;.<\/strong><\/p>\n\n\n\n<p>Nella nota di Palazzo Chigi \u00e8 sottolineato inoltre che &#8220;il Presidente del Consiglio ha rappresentato questa <strong>unitaria posizione del governo<\/strong>, delle forze politiche con cui ieri si \u00e8 confrontato durante il suo <strong>passaggio alle Camere<\/strong> e dell&#8217;opinione pubblica italiana&#8221;.<\/p>\n\n\n\n<h2>Ultime news Siria, Erdogan butta lettera di Trump<\/h2>\n\n\n\n<p><strong>Ultime news Siria, Erdogan getta lettera di Trump<\/strong>: A riprova del fatto che Erdogan non ascolta pi\u00f9 nessuno, n\u00e8 Conte e n\u00e8 altri che gli chiedono la ritirata come Germania e Francia, ecco che Trump gli invia una lettera ufficiale. Peccato che l&#8217;abbia buttata.<\/p>\n\n\n\n<p><em>Ansa<\/em> riporta che &#8220;La lettera del 9 ottobre scorso con cui <strong>Donald Trump chiese a Recep Tayyip Erdogan<\/strong> di evitare un attacco ai curdi in Siria poco prima che venisse lanciata l&#8217;offensiva \u00e8 stata <strong>&#8220;gettata nella spazzatura&#8221; dal presidente turco<\/strong>. Lo riferiscono fonti governative di Ankara, citate da media locali.&#8221;<\/p>\n\n\n\n<h2>Siria, Conte &#8220;serve decisione Ue risoluta e ferma&#8221;<\/h2>\n\n\n\n<p><strong>Siria, Conte &#8220;serve decisione Ue risoluta e ferma&#8221;<\/strong>. Se la Turchia finora rappresentava il versante orientale dell&#8217;Europa sui Paesi in guerra oggi esso stesso \u00e8 il Paese scatenante della guerra. &#8220;<strong>La decisione turca ripropone l&#8217;esigenza di una decisione comune, ferma e risoluta da parte dell&#8217;Unione Europea<\/strong>&#8220;, cos\u00ec Giuseppe Conte al Senato sul Consiglio europeo.<\/p>\n\n\n\n<p>&#8220;La preoccupazione di sicurezza turche al confine con la Siria devono essere perseguiti con strumenti diplomatici, mai con l&#8217;opzione militare e nel rispetto del diritto internazionale.&#8221; Parole d&#8217;indole pacifica e risolutiva, Conte non vuole <strong>schierare l&#8217;Europa contro Erdogan<\/strong>, bens\u00ec chiede <strong>diplomazia<\/strong>.<\/p>\n\n\n\n<p><strong>Siria, Conte: <\/strong>&#8220;Alla Turchia &#8211; continua Conte &#8211; diversi stati membri continuano a guardare anche dopo le <strong>dichiarazioni sui rifugiati<\/strong>, che ho gi\u00e0 definito inaccettabili.&#8221; Il premier si riferisce al fatto che Erdogan vuole mandarci i rifugiati in fuga dalle zone di guerra per averli difesi, anche se solo a parole.<\/p>\n\n\n\n<p><strong>Siria, Conte: <\/strong>&#8220;Dobbiamo <strong>continuare a lavorare perch\u00e9 l&#8217;UE lavori sui rimpatri<\/strong> con gli accordi di riammissione in Paesi di origine sicura, evitando il <strong>pull factor<\/strong>, che viene usato da alcuni Paesi per rifiutare ogni accordo.&#8221; Infine, il premier Conte sulla Siria decide di affondare sul tema dei rimpatri. <span style=\"text-decoration: underline;\">L&#8217;Ue ci aveva fatto delle promesse in proposito, che ad ora non sono state mantenute.<\/span><\/p>\n","protected":false},"excerpt":{"rendered":"<p>Siria, Conte chiama Erdogan per esortarlo alla ritirata, la telefonata si conclude in un nulla di fatto Siria, Conte ci prova, chiama Erdogan e gli chiede nuovamente di fermare l&#8217;avanzata militare delle milizie turche in Siria. Sappiamo quello che gli ha detto Giuseppe Conte ma la risposta di Recep Tayyip Erdogan \u00e8 ignota. L&#8217;Ue ci [&hellip;]<\/p>\n","protected":false},"author":2,"featured_media":4865,"comment_status":"closed","ping_status":"closed","sticky":false,"template":"","format":"standard","meta":[],"categories":[2],"tags":[15,140,52],"yoast_head":"<title>Siria, Conte e Erdogan in una telefonata inconcludente<\/title>\n<meta name=\"description\" content=\"Siria, Conte chiama Erdogan e lo esorta a fermare l&#039;azione militare turca, tensione nella telefonata, il presidente turco butta anche lettera di Trump\" \/>\n<meta name=\"robots\" content=\"index, follow, max-snippet:-1, max-image-preview:large, max-video-preview:-1\" \/>\n<link rel=\"canonical\" href=\"https:\/\/www.adirai.it\/politica\/siria-conte-e-erdogan-in-una-telefonata-inconcludente\/\" \/>\n<meta property=\"og:locale\" content=\"it_IT\" \/>\n<meta property=\"og:type\" content=\"article\" \/>\n<meta property=\"og:title\" content=\"Siria, Conte e Erdogan in una telefonata inconcludente\" \/>\n<meta property=\"og:description\" content=\"Siria, Conte chiama Erdogan e lo esorta a fermare l&#039;azione militare turca, tensione nella telefonata, il presidente turco butta anche lettera di Trump\" \/>\n<meta property=\"og:url\" content=\"https:\/\/www.adirai.it\/politica\/siria-conte-e-erdogan-in-una-telefonata-inconcludente\/\" \/>\n<meta property=\"og:site_name\" content=\"Adirai Notizie\" \/>\n<meta property=\"article:published_time\" content=\"2019-10-17T16:58:14+00:00\" \/>\n<meta property=\"article:modified_time\" content=\"2019-10-17T16:58:16+00:00\" \/>\n<meta property=\"og:image\" content=\"https:\/\/www.adirai.it\/media\/2019\/10\/siria-conte-chiama-erdogan-telefonata.jpg\" \/>\n\t<meta property=\"og:image:width\" content=\"1200\" \/>\n\t<meta property=\"og:image:height\" content=\"675\" \/>\n\t<meta property=\"og:image:type\" content=\"image\/jpeg\" \/>\n<meta name=\"author\" content=\"Adirai Italia\" \/>\n<meta name=\"twitter:card\" content=\"summary_large_image\" \/>\n<meta name=\"twitter:creator\" content=\"@AdiraiIt\" \/>\n<meta name=\"twitter:site\" content=\"@AdiraiIt\" \/>\n<meta name=\"twitter:label1\" content=\"Scritto da\" \/>\n\t<meta name=\"twitter:data1\" content=\"Adirai Italia\" \/>\n\t<meta name=\"twitter:label2\" content=\"Tempo di lettura stimato\" \/>\n\t<meta name=\"twitter:data2\" content=\"3 minuti\" \/>","yoast_head_json":{"title":"Siria, Conte e Erdogan in una telefonata inconcludente","description":"Siria, Conte chiama Erdogan e lo esorta a fermare l'azione militare turca, tensione nella telefonata, il presidente turco butta anche lettera di Trump","robots":{"index":"index","follow":"follow","max-snippet":"max-snippet:-1","max-image-preview":"max-image-preview:large","max-video-preview":"max-video-preview:-1"},"canonical":"https:\/\/www.adirai.it\/politica\/siria-conte-e-erdogan-in-una-telefonata-inconcludente\/","og_locale":"it_IT","og_type":"article","og_title":"Siria, Conte e Erdogan in una telefonata inconcludente","og_description":"Siria, Conte chiama Erdogan e lo esorta a fermare l'azione militare turca, tensione nella telefonata, il presidente turco butta anche lettera di Trump","og_url":"https:\/\/www.adirai.it\/politica\/siria-conte-e-erdogan-in-una-telefonata-inconcludente\/","og_site_name":"Adirai Notizie","article_published_time":"2019-10-17T16:58:14+00:00","article_modified_time":"2019-10-17T16:58:16+00:00","og_image":[{"width":1200,"height":675,"url":"https:\/\/www.adirai.it\/media\/2019\/10\/siria-conte-chiama-erdogan-telefonata.jpg","type":"image\/jpeg"}],"author":"Adirai Italia","twitter_card":"summary_large_image","twitter_creator":"@AdiraiIt","twitter_site":"@AdiraiIt","twitter_misc":{"Scritto da":"Adirai Italia","Tempo di lettura stimato":"3 minuti"},"schema":{"@context":"https:\/\/schema.org","@graph":[{"@type":"Article","@id":"https:\/\/www.adirai.it\/politica\/siria-conte-e-erdogan-in-una-telefonata-inconcludente\/#article","isPartOf":{"@id":"https:\/\/www.adirai.it\/politica\/siria-conte-e-erdogan-in-una-telefonata-inconcludente\/"},"author":{"name":"Adirai Italia","@id":"https:\/\/www.adirai.it\/#\/schema\/person\/a5f58f133c7b98c534f588d596d78734"},"headline":"Siria, Conte e Erdogan in una telefonata inconcludente","datePublished":"2019-10-17T16:58:14+00:00","dateModified":"2019-10-17T16:58:16+00:00","mainEntityOfPage":{"@id":"https:\/\/www.adirai.it\/politica\/siria-conte-e-erdogan-in-una-telefonata-inconcludente\/"},"wordCount":540,"publisher":{"@id":"https:\/\/www.adirai.it\/#organization"},"keywords":["Giuseppe Conte","Stati Uniti d'America","Unione Europea"],"articleSection":["Politica"],"inLanguage":"it-IT"},{"@type":"WebPage","@id":"https:\/\/www.adirai.it\/politica\/siria-conte-e-erdogan-in-una-telefonata-inconcludente\/","url":"https:\/\/www.adirai.it\/politica\/siria-conte-e-erdogan-in-una-telefonata-inconcludente\/","name":"Siria, Conte e Erdogan in una telefonata inconcludente","isPartOf":{"@id":"https:\/\/www.adirai.it\/#website"},"datePublished":"2019-10-17T16:58:14+00:00","dateModified":"2019-10-17T16:58:16+00:00","description":"Siria, Conte chiama Erdogan e lo esorta a fermare l'azione militare turca, tensione nella telefonata, il presidente turco butta anche lettera di Trump","breadcrumb":{"@id":"https:\/\/www.adirai.it\/politica\/siria-conte-e-erdogan-in-una-telefonata-inconcludente\/#breadcrumb"},"inLanguage":"it-IT","potentialAction":[{"@type":"ReadAction","target":["https:\/\/www.adirai.it\/politica\/siria-conte-e-erdogan-in-una-telefonata-inconcludente\/"]}]},{"@type":"BreadcrumbList","@id":"https:\/\/www.adirai.it\/politica\/siria-conte-e-erdogan-in-una-telefonata-inconcludente\/#breadcrumb","itemListElement":[{"@type":"ListItem","position":1,"name":"Home","item":"https:\/\/www.adirai.it\/"},{"@type":"ListItem","position":2,"name":"Siria, Conte e Erdogan in una telefonata inconcludente"}]},{"@type":"WebSite","@id":"https:\/\/www.adirai.it\/#website","url":"https:\/\/www.adirai.it\/","name":"Adirai Notizie","description":"","publisher":{"@id":"https:\/\/www.adirai.it\/#organization"},"potentialAction":[{"@type":"SearchAction","target":{"@type":"EntryPoint","urlTemplate":"https:\/\/www.adirai.it\/?s={search_term_string}"},"query-input":"required name=search_term_string"}],"inLanguage":"it-IT"},{"@type":"Organization","@id":"https:\/\/www.adirai.it\/#organization","name":"Adirai Notizie","url":"https:\/\/www.adirai.it\/","logo":{"@type":"ImageObject","inLanguage":"it-IT","@id":"https:\/\/www.adirai.it\/#\/schema\/logo\/image\/","url":"https:\/\/www.adirai.it\/media\/2019\/08\/adirai-logo.jpg","contentUrl":"https:\/\/www.adirai.it\/media\/2019\/08\/adirai-logo.jpg","width":600,"height":600,"caption":"Adirai Notizie"},"image":{"@id":"https:\/\/www.adirai.it\/#\/schema\/logo\/image\/"},"sameAs":["https:\/\/twitter.com\/AdiraiIt"]},{"@type":"Person","@id":"https:\/\/www.adirai.it\/#\/schema\/person\/a5f58f133c7b98c534f588d596d78734","name":"Adirai Italia","image":{"@type":"ImageObject","inLanguage":"it-IT","@id":"https:\/\/www.adirai.it\/#\/schema\/person\/image\/","url":"https:\/\/secure.gravatar.com\/avatar\/6b3b05aeab69cd7245f16ead3dd76a3d?s=96&d=mm&r=g","contentUrl":"https:\/\/secure.gravatar.com\/avatar\/6b3b05aeab69cd7245f16ead3dd76a3d?s=96&d=mm&r=g","caption":"Adirai Italia"},"sameAs":["https:\/\/www.adirai.it\/"]}]}},"post_mailing_queue_ids":[],"_links":{"self":[{"href":"https:\/\/www.adirai.it\/api\/wp\/v2\/posts\/4850"}],"collection":[{"href":"https:\/\/www.adirai.it\/api\/wp\/v2\/posts"}],"about":[{"href":"https:\/\/www.adirai.it\/api\/wp\/v2\/types\/post"}],"author":[{"embeddable":true,"href":"https:\/\/www.adirai.it\/api\/wp\/v2\/users\/2"}],"replies":[{"embeddable":true,"href":"https:\/\/www.adirai.it\/api\/wp\/v2\/comments?post=4850"}],"version-history":[{"count":0,"href":"https:\/\/www.adirai.it\/api\/wp\/v2\/posts\/4850\/revisions"}],"wp:featuredmedia":[{"embeddable":true,"href":"https:\/\/www.adirai.it\/api\/wp\/v2\/media\/4865"}],"wp:attachment":[{"href":"https:\/\/www.adirai.it\/api\/wp\/v2\/media?parent=4850"}],"wp:term":[{"taxonomy":"category","embeddable":true,"href":"https:\/\/www.adirai.it\/api\/wp\/v2\/categories?post=4850"},{"taxonomy":"post_tag","embeddable":true,"href":"https:\/\/www.adirai.it\/api\/wp\/v2\/tags?post=4850"}],"curies":[{"name":"wp","href":"https:\/\/api.w.org\/{rel}","templated":true}]}}