{"id":369,"date":"2019-07-26T11:42:43","date_gmt":"2019-07-26T09:42:43","guid":{"rendered":"https:\/\/www.adirai.it\/?p=369"},"modified":"2019-08-24T19:27:07","modified_gmt":"2019-08-24T17:27:07","slug":"solidarieta-per-carola-rackete-senza-reggiseno","status":"publish","type":"post","link":"https:\/\/www.adirai.it\/politica\/solidarieta-per-carola-rackete-senza-reggiseno\/","title":{"rendered":"Solidariet\u00e0 per Carola Rackete senza reggiseno in procura"},"content":{"rendered":"\n<h1>Manifestazione di solidariet\u00e0 per Carola Rackete il 27 Luglio: Tutte senza reggiseno!<\/h1>\n\n\n\n<figure class=\"wp-block-image is-resized imgpost\"><img decoding=\"async\" loading=\"lazy\" src=\"https:\/\/www.adirai.it\/media\/2019\/07\/solidarieta-per-carola-rackete.jpg\" alt=\"Solidariet\u00e0 per Carola Rackete\" class=\"wp-image-422\" width=\"1280\" height=\"720\" srcset=\"https:\/\/www.adirai.it\/media\/2019\/07\/solidarieta-per-carola-rackete.jpg 720w, https:\/\/www.adirai.it\/media\/2019\/07\/solidarieta-per-carola-rackete-300x169.jpg 300w, https:\/\/www.adirai.it\/media\/2019\/07\/solidarieta-per-carola-rackete-220x124.jpg 220w, https:\/\/www.adirai.it\/media\/2019\/07\/solidarieta-per-carola-rackete-360x203.jpg 360w, https:\/\/www.adirai.it\/media\/2019\/07\/solidarieta-per-carola-rackete-160x90.jpg 160w, https:\/\/www.adirai.it\/media\/2019\/07\/solidarieta-per-carola-rackete-320x180.jpg 320w, https:\/\/www.adirai.it\/media\/2019\/07\/solidarieta-per-carola-rackete-640x360.jpg 640w\" sizes=\"(max-width: 1280px) 100vw, 1280px\" \/><\/figure>\n\n\n\n<p><strong><em>Solidariet\u00e0 per Carola Rackete<\/em> che si presenta in procura ad Agrigento senza il reggiseno<\/strong>. Per questo viene giustamente criticata: Si tratta di un luogo formale in cui bisogna presentarsi con dignit\u00e0, ma le femministe non la pensano cos\u00ec e indicono una giornata di protesta \u201c<em>ironica<\/em>\u201d (?) il 27 luglio <strong>invitando tutte le donne ad andare in giro senza reggiseno<\/strong>.<\/p>\n\n\n\n\n\n\n\n<p>Pi\u00f9 che una manifestazione di solidariet\u00e0 per Carola Rackete ci sembra un\u2019iniziativa da bordello o border line, scegliete voi. Ancora una\nvolta le manifestazioni risultano essere solo un pretesto per qualcos\u2019altro. Alle femministe piace andare con il seno al vento ed ogni scusa \u00e8 buona per raggiungere quest\u2019intento.<\/p>\n\n\n\n<p>Siamo certi che esistono modi pi\u00f9 sobri per esprimere il proprio parere ma certe persone evidentemente non riflettono a lungo sulle cose, perci\u00f2 non gli resta che mostrare la mercanzia. Cercano invano di riparare la sciocchezza dicendo che vogliono \u201c<em>affermare il diritto di non indossare il reggiseno <strong>senza per questo essere prese meno sul serio<\/strong><\/em>\u201d, troppo tardi.<\/p>\n\n\n\n<p>Il movimento ha gi\u00e0 un hashtag <strong><a href=\"https:\/\/twitter.com\/search?q=%23freenipplesday\" target=\"_blank\" rel=\"noreferrer noopener\" aria-label=\" (apre in una nuova scheda)\">#freenipplesday<\/a><\/strong> e si riferisce alla rivendicazione della &#8220;necessit\u00e0 di un dibattito fondato su argomenti concreti&#8221; e per denunciare &#8220;l&#8217;ennesimo atto di prevaricazione sul corpo femminile&#8221;. Nicoletta Nobile, tra le organizzatrici della manifestazione, scrive ma poi evidentemente non rilegge e dice cose di questo tipo.<\/p>\n\n\n\n<p>In un momento di follia hanno creato una manifestazione inutile, con giustificazioni inutili che portano la femmina, in accezione generale, ad essere considerata ancora meno di ieri. Quando le femministe (se mai avverr\u00e0 il miracolo) si accorgeranno che cos\u00ec facendo <strong>portano solo pi\u00f9 svantaggi alla categoria che vorrebbero difendere<\/strong>, allora sar\u00e0 tardi per tornare indietro.<\/p>\n\n\n\n<p>In attesa che rinsaviscano, diffondi il tuo pensiero sui social con un click: CONDIVIDI.<\/p>\n","protected":false},"excerpt":{"rendered":"<p>Manifestazione di solidariet\u00e0 per Carola Rackete il 27 Luglio: Tutte senza reggiseno! Solidariet\u00e0 per Carola Rackete che si presenta in procura ad Agrigento senza il reggiseno. Per questo viene giustamente criticata: Si tratta di un luogo formale in cui bisogna presentarsi con dignit\u00e0, ma le femministe non la pensano cos\u00ec e indicono una giornata di [&hellip;]<\/p>\n","protected":false},"author":2,"featured_media":422,"comment_status":"closed","ping_status":"closed","sticky":false,"template":"","format":"standard","meta":[],"categories":[2],"tags":[127,113],"yoast_head":"<title>Solidariet\u00e0 per Carola Rackete senza reggiseno in procura<\/title>\n<meta name=\"description\" content=\"Solidariet\u00e0 per Carola Rackete che si presenta in procura ad Agrigento senza reggiseno: l&#039;invito \u00e8 di presentarsi a lavoro allo stesso modo il 27 luglio.\" \/>\n<meta name=\"robots\" content=\"index, follow, max-snippet:-1, max-image-preview:large, max-video-preview:-1\" \/>\n<link rel=\"canonical\" href=\"https:\/\/www.adirai.it\/politica\/solidarieta-per-carola-rackete-senza-reggiseno\/\" \/>\n<meta property=\"og:locale\" content=\"it_IT\" \/>\n<meta property=\"og:type\" content=\"article\" \/>\n<meta property=\"og:title\" content=\"Solidariet\u00e0 per Carola Rackete senza reggiseno in procura\" \/>\n<meta property=\"og:description\" content=\"Solidariet\u00e0 per Carola Rackete che si presenta in procura ad Agrigento senza reggiseno: l&#039;invito \u00e8 di presentarsi a lavoro allo stesso modo il 27 luglio.\" \/>\n<meta property=\"og:url\" content=\"https:\/\/www.adirai.it\/politica\/solidarieta-per-carola-rackete-senza-reggiseno\/\" \/>\n<meta property=\"og:site_name\" content=\"Adirai Notizie\" \/>\n<meta property=\"article:published_time\" content=\"2019-07-26T09:42:43+00:00\" \/>\n<meta property=\"article:modified_time\" content=\"2019-08-24T17:27:07+00:00\" \/>\n<meta property=\"og:image\" content=\"https:\/\/www.adirai.it\/media\/2019\/07\/solidarieta-per-carola-rackete.jpg\" \/>\n\t<meta property=\"og:image:width\" content=\"720\" \/>\n\t<meta property=\"og:image:height\" content=\"405\" \/>\n\t<meta property=\"og:image:type\" content=\"image\/jpeg\" \/>\n<meta name=\"author\" content=\"Adirai Italia\" \/>\n<meta name=\"twitter:card\" content=\"summary_large_image\" \/>\n<meta name=\"twitter:creator\" content=\"@AdiraiIt\" \/>\n<meta name=\"twitter:site\" content=\"@AdiraiIt\" \/>\n<meta name=\"twitter:label1\" content=\"Scritto da\" \/>\n\t<meta name=\"twitter:data1\" content=\"Adirai Italia\" \/>\n\t<meta name=\"twitter:label2\" content=\"Tempo di lettura stimato\" \/>\n\t<meta name=\"twitter:data2\" content=\"1 minuto\" \/>","yoast_head_json":{"title":"Solidariet\u00e0 per Carola Rackete senza reggiseno in procura","description":"Solidariet\u00e0 per Carola Rackete che si presenta in procura ad Agrigento senza reggiseno: l'invito \u00e8 di presentarsi a lavoro allo stesso modo il 27 luglio.","robots":{"index":"index","follow":"follow","max-snippet":"max-snippet:-1","max-image-preview":"max-image-preview:large","max-video-preview":"max-video-preview:-1"},"canonical":"https:\/\/www.adirai.it\/politica\/solidarieta-per-carola-rackete-senza-reggiseno\/","og_locale":"it_IT","og_type":"article","og_title":"Solidariet\u00e0 per Carola Rackete senza reggiseno in procura","og_description":"Solidariet\u00e0 per Carola Rackete che si presenta in procura ad Agrigento senza reggiseno: l'invito \u00e8 di presentarsi a lavoro allo stesso modo il 27 luglio.","og_url":"https:\/\/www.adirai.it\/politica\/solidarieta-per-carola-rackete-senza-reggiseno\/","og_site_name":"Adirai Notizie","article_published_time":"2019-07-26T09:42:43+00:00","article_modified_time":"2019-08-24T17:27:07+00:00","og_image":[{"width":720,"height":405,"url":"https:\/\/www.adirai.it\/media\/2019\/07\/solidarieta-per-carola-rackete.jpg","type":"image\/jpeg"}],"author":"Adirai Italia","twitter_card":"summary_large_image","twitter_creator":"@AdiraiIt","twitter_site":"@AdiraiIt","twitter_misc":{"Scritto da":"Adirai Italia","Tempo di lettura stimato":"1 minuto"},"schema":{"@context":"https:\/\/schema.org","@graph":[{"@type":"Article","@id":"https:\/\/www.adirai.it\/politica\/solidarieta-per-carola-rackete-senza-reggiseno\/#article","isPartOf":{"@id":"https:\/\/www.adirai.it\/politica\/solidarieta-per-carola-rackete-senza-reggiseno\/"},"author":{"name":"Adirai Italia","@id":"https:\/\/www.adirai.it\/#\/schema\/person\/a5f58f133c7b98c534f588d596d78734"},"headline":"Solidariet\u00e0 per Carola Rackete senza reggiseno in procura","datePublished":"2019-07-26T09:42:43+00:00","dateModified":"2019-08-24T17:27:07+00:00","mainEntityOfPage":{"@id":"https:\/\/www.adirai.it\/politica\/solidarieta-per-carola-rackete-senza-reggiseno\/"},"wordCount":303,"publisher":{"@id":"https:\/\/www.adirai.it\/#organization"},"keywords":["Governo Italiano","Migranti"],"articleSection":["Politica"],"inLanguage":"it-IT"},{"@type":"WebPage","@id":"https:\/\/www.adirai.it\/politica\/solidarieta-per-carola-rackete-senza-reggiseno\/","url":"https:\/\/www.adirai.it\/politica\/solidarieta-per-carola-rackete-senza-reggiseno\/","name":"Solidariet\u00e0 per Carola Rackete senza reggiseno in procura","isPartOf":{"@id":"https:\/\/www.adirai.it\/#website"},"datePublished":"2019-07-26T09:42:43+00:00","dateModified":"2019-08-24T17:27:07+00:00","description":"Solidariet\u00e0 per Carola Rackete che si presenta in procura ad Agrigento senza reggiseno: l'invito \u00e8 di presentarsi a lavoro allo stesso modo il 27 luglio.","breadcrumb":{"@id":"https:\/\/www.adirai.it\/politica\/solidarieta-per-carola-rackete-senza-reggiseno\/#breadcrumb"},"inLanguage":"it-IT","potentialAction":[{"@type":"ReadAction","target":["https:\/\/www.adirai.it\/politica\/solidarieta-per-carola-rackete-senza-reggiseno\/"]}]},{"@type":"BreadcrumbList","@id":"https:\/\/www.adirai.it\/politica\/solidarieta-per-carola-rackete-senza-reggiseno\/#breadcrumb","itemListElement":[{"@type":"ListItem","position":1,"name":"Home","item":"https:\/\/www.adirai.it\/"},{"@type":"ListItem","position":2,"name":"Solidariet\u00e0 per Carola Rackete senza reggiseno in procura"}]},{"@type":"WebSite","@id":"https:\/\/www.adirai.it\/#website","url":"https:\/\/www.adirai.it\/","name":"Adirai Notizie","description":"","publisher":{"@id":"https:\/\/www.adirai.it\/#organization"},"potentialAction":[{"@type":"SearchAction","target":{"@type":"EntryPoint","urlTemplate":"https:\/\/www.adirai.it\/?s={search_term_string}"},"query-input":"required name=search_term_string"}],"inLanguage":"it-IT"},{"@type":"Organization","@id":"https:\/\/www.adirai.it\/#organization","name":"Adirai Notizie","url":"https:\/\/www.adirai.it\/","logo":{"@type":"ImageObject","inLanguage":"it-IT","@id":"https:\/\/www.adirai.it\/#\/schema\/logo\/image\/","url":"https:\/\/www.adirai.it\/media\/2019\/08\/adirai-logo.jpg","contentUrl":"https:\/\/www.adirai.it\/media\/2019\/08\/adirai-logo.jpg","width":600,"height":600,"caption":"Adirai Notizie"},"image":{"@id":"https:\/\/www.adirai.it\/#\/schema\/logo\/image\/"},"sameAs":["https:\/\/twitter.com\/AdiraiIt"]},{"@type":"Person","@id":"https:\/\/www.adirai.it\/#\/schema\/person\/a5f58f133c7b98c534f588d596d78734","name":"Adirai Italia","image":{"@type":"ImageObject","inLanguage":"it-IT","@id":"https:\/\/www.adirai.it\/#\/schema\/person\/image\/","url":"https:\/\/secure.gravatar.com\/avatar\/6b3b05aeab69cd7245f16ead3dd76a3d?s=96&d=mm&r=g","contentUrl":"https:\/\/secure.gravatar.com\/avatar\/6b3b05aeab69cd7245f16ead3dd76a3d?s=96&d=mm&r=g","caption":"Adirai Italia"},"sameAs":["https:\/\/www.adirai.it\/"]}]}},"post_mailing_queue_ids":[],"_links":{"self":[{"href":"https:\/\/www.adirai.it\/api\/wp\/v2\/posts\/369"}],"collection":[{"href":"https:\/\/www.adirai.it\/api\/wp\/v2\/posts"}],"about":[{"href":"https:\/\/www.adirai.it\/api\/wp\/v2\/types\/post"}],"author":[{"embeddable":true,"href":"https:\/\/www.adirai.it\/api\/wp\/v2\/users\/2"}],"replies":[{"embeddable":true,"href":"https:\/\/www.adirai.it\/api\/wp\/v2\/comments?post=369"}],"version-history":[{"count":0,"href":"https:\/\/www.adirai.it\/api\/wp\/v2\/posts\/369\/revisions"}],"wp:featuredmedia":[{"embeddable":true,"href":"https:\/\/www.adirai.it\/api\/wp\/v2\/media\/422"}],"wp:attachment":[{"href":"https:\/\/www.adirai.it\/api\/wp\/v2\/media?parent=369"}],"wp:term":[{"taxonomy":"category","embeddable":true,"href":"https:\/\/www.adirai.it\/api\/wp\/v2\/categories?post=369"},{"taxonomy":"post_tag","embeddable":true,"href":"https:\/\/www.adirai.it\/api\/wp\/v2\/tags?post=369"}],"curies":[{"name":"wp","href":"https:\/\/api.w.org\/{rel}","templated":true}]}}