{"id":24259,"date":"2020-10-03T13:00:00","date_gmt":"2020-10-03T11:00:00","guid":{"rendered":"https:\/\/www.adirai.it\/?p=24259"},"modified":"2022-08-25T14:22:59","modified_gmt":"2022-08-25T12:22:59","slug":"matteo-salvini-in-tribunale-a-catania-oggi-3-ottobre-2020","status":"publish","type":"post","link":"https:\/\/www.adirai.it\/politica\/matteo-salvini-in-tribunale-a-catania-oggi-3-ottobre-2020\/","title":{"rendered":"Matteo Salvini in tribunale a Catania oggi 3 ottobre 2020"},"content":{"rendered":"\n<p><strong>Oggi 3 ottobre 2020 Matteo Salvini \u00e8 in udienza preliminare al tribunale di Catania per aver trattenuto 5 giorni 131 migranti in attesa sulla nave Gregoretti<\/strong>. L&#8217;accusa ovviamente \u00e8 ridicola, c&#8217;\u00e8 chi aspetta molto pi\u00f9 tempo ad oggi che la ministra Lamorgese \u00e8 al governo con gli abusivi PD e M5S. <strong>La Procura ha infatti gi\u00e0 chiesto il &#8220;non luogo a procedere&#8221;<\/strong> per mancanza di reato nei fatti, tuttavia se l&#8217;azione di governo di Salvini sar\u00e0 processata saranno guai per tutti; <strong>nessun ministro sar\u00e0 pi\u00f9 libero di prendere decisioni  e attuarle per il bene del Paese<\/strong>. Mai come negli ultimi anni l&#8217;Italia se l&#8217;\u00e8 vista brutta sotto ogni punto di vista &#8211; economico, politico e sociale &#8211; ma pu\u00f2 anche andare peggio se continua cos\u00ec. Secondo noi di Adirai, l&#8217;accusa rivolta a <strong>Matteo Salvini<\/strong> \u00e8 ridicola, serve solo a sbarazzarsi di lui che, <strong>da anni \u00e8 la persona che gli italiani vogliono a Palazzo Chigi<\/strong>.<\/p>\n\n\n\n\n\n\n\n<figure class=\"wp-block-image size-full is-resized imgpost\"><img decoding=\"async\" loading=\"lazy\" src=\"https:\/\/www.adirai.it\/media\/2020\/10\/matteo-salvini-in-tribunale-catania-oggi-3-ottobre-2020.jpg\" alt=\"matteo salvini in tribunale catania oggi 3 ottobre 2020\" class=\"wp-image-24263\" width=\"800\" height=\"450\" srcset=\"https:\/\/www.adirai.it\/media\/2020\/10\/matteo-salvini-in-tribunale-catania-oggi-3-ottobre-2020.jpg 1600w, https:\/\/www.adirai.it\/media\/2020\/10\/matteo-salvini-in-tribunale-catania-oggi-3-ottobre-2020-300x169.jpg 300w, https:\/\/www.adirai.it\/media\/2020\/10\/matteo-salvini-in-tribunale-catania-oggi-3-ottobre-2020-735x413.jpg 735w, https:\/\/www.adirai.it\/media\/2020\/10\/matteo-salvini-in-tribunale-catania-oggi-3-ottobre-2020-768x432.jpg 768w, https:\/\/www.adirai.it\/media\/2020\/10\/matteo-salvini-in-tribunale-catania-oggi-3-ottobre-2020-1536x864.jpg 1536w, https:\/\/www.adirai.it\/media\/2020\/10\/matteo-salvini-in-tribunale-catania-oggi-3-ottobre-2020-220x124.jpg 220w, https:\/\/www.adirai.it\/media\/2020\/10\/matteo-salvini-in-tribunale-catania-oggi-3-ottobre-2020-360x203.jpg 360w, https:\/\/www.adirai.it\/media\/2020\/10\/matteo-salvini-in-tribunale-catania-oggi-3-ottobre-2020-160x90.jpg 160w\" sizes=\"(max-width: 800px) 100vw, 800px\" \/><\/figure>\n\n\n\n<p>Leggete l&#8217;articolo fino in fondo. Se nella prima parte vi riconduciamo a quel luglio 2019 in cui tutto accadde, nella seconda parte vi esprimiamo il nostro pi\u00f9 sincero commento riguardo tutto ci\u00f2.<\/p>\n\n\n\n<h2>Matteo Salvini in tribunale a Catania, voto di Giuda al Senato<\/h2>\n\n\n\n<p><em>3 Ottobre 2020 <em>Matteo Salvini in tribunale a Catania<\/em> &#8211;<\/em> <strong>Voi li avete sentiti i senatori votare per mandare Salvini a processo?<\/strong> Beh ricercate i video se vi interessa assistere a un circo di corruzione in diretta tv. Si vede chiaro, erano tutti attaccati alla poltrona, talmente attaccati e preoccupati che Salvini li potesse far sloggiare che lo hanno mandato a processo con delle scuse tipo &#8220;<em>non tocca a me giudicare, ma al giudice<\/em>&#8220;. Ecco <a href=\"https:\/\/www.adirai.it\/politica\/caso-gregoretti-salvini-a-processo-il-si-del-senato\/\" class=\"ek-link\">il nostro articolo sul S\u00ec del Senato per il Processo a Salvini<\/a>.<\/p>\n\n\n\n<p>3 Ottobre 2020 <em>Matteo Salvini in tribunale a Catania<\/em> &#8211; E&#8217; stata una condanna gi\u00e0 quella votazione al Senato: <strong>tutti d&#8217;accordo a sbarazzarsi del vero vincitore dei sondaggi<\/strong>, da anni (date un&#8217;occhiata a qualsiasi sondaggio politico se non credete a noi). In particolar modo, \u00e8 <strong>il Movimento 5 Stelle ad aver dato il voto di <em>Giuda<\/em><\/strong>. Ricordiamo infatti che il M5S nel luglio 2019 era al governo con la Lega proprio come il premier Giuseppe Conte. M5S e Conte hanno smentito le parole di Salvini che assicurava di aver &#8220;<em>preso una decisione di comune accordo<\/em>&#8220;. <strong>Tradito e messo alla porta con un accusa penale da un bibitaro (Luigi di Maio) e un avvocato premier &#8211; mai eletto dal popolo &#8211; che ha pure falsificato il proprio Curriculum (Giuseppe Conte)<\/strong>.<\/p>\n\n\n\n<p>3 Ottobre 2020 <em>Matteo Salvini in tribunale a Catania<\/em> &#8211; Basandoci solo su quel che sembra: <strong>\u00e8 una decapitazione della coalizione d&#8217;opposizione<\/strong>. Questo governo abusivo che sta mandando in disgrazia l&#8217;Italia pensa che eliminando dallo scenario politico Matteo Salvini, potranno governare indisturbati. Ma non \u00e8 cos\u00ec che pu\u00f2 funzionare. In effetti \u00e8 proprio quello che fecero nel 2013 con Silvio Berlusconi, e infatti d&#8217;allora al governo non \u00e8 mai tornato nessuno del centrodestra, nonostante venisse votato dal popolo italiano.<\/p>\n\n\n\n<h2>Catania, Salvini a processo, e Lamorgese?<\/h2>\n\n\n\n<p>3 Ottobre 2020 <em>Matteo Salvini in tribunale a Catania<\/em> &#8211; Matteo Salvini deve rispondere dell&#8217;accusa di <strong><span style=\"text-decoration: underline;\"><span style=\"text-decoration: underline;\" class=\"ek-underline\">sequestro di persona<\/span><\/span> aggravato per aver trattenuto&nbsp;per cinque giorni a bordo della nave della Guardia Costiera Gregoretti&nbsp;131 migranti soccorsi nel Mediterraneo a luglio 2019<\/strong>.<\/p>\n\n\n\n<p>3 Ottobre 2020 <em>Matteo Salvini in tribunale a Catania<\/em> &#8211; &#8220;L&#8217;avvocato Giulia Bongiorno &#8211; scrive Repubblica &#8211; per la difesa ha chiesto sentenza di &#8220;non luogo a procedere&#8221; perch\u00e9 il fatto non sussiste. Bongiorno inoltre ha richiesto un approfondimento probatorio da parte del giudice al fine di <strong>accertare se le procedure di sbarco indicate nel capo di imputazione sono tutt&#8217;ora seguite dal governo Conte 2<\/strong>, anche <strong>procedendo all&#8217;audizione del ministro dell&#8217;Interno Luciana Lamorgese<\/strong>.&#8221;<\/p>\n\n\n\n<p>Non ci siamo svegliati pessimisti, ma \u00e8 inutile girare intorno alla verit\u00e0: <strong>Oggi Matteo Salvini rischia un processo ingiusto<\/strong>, che si potrebbe imputare anche alla stessa Lamorgese, ora al governo Conte bis.<\/p>\n\n\n\n<h3>Ma perch\u00e9 Salvini \u00e8 a processo a Catania oggi e Lamorgese no?<\/h3>\n\n\n\n<p>3 Ottobre 2020 <em>Matteo Salvini in tribunale a Catania<\/em> &#8211; Matteo Salvini non pu\u00f2 essere processato per aver impiegato troppo tempo a rispondere a una richiesta di sbarco. E&#8217; ingiusto e scorretto anche in virt\u00f9 del fatto che <strong>l&#8217;attuale ministra dell&#8217;interno Luciana Lamorgese continua a fare la stessa cosa<\/strong>: lascia attendere i migranti in mare per giorni e giorni. <strong>Come mai il PD non la caccia, non la insulta e non la manda a processo?<\/strong> Ve lo diciamo noi: Perch\u00e9 <strong>nessuno voterebbe Luciana Lamorgese alle elezioni politiche 2020<\/strong>, e non essendo una minaccia per questo <strong>Governo della Vergogna Abusivo<\/strong> pu\u00f2 fare ci\u00f2 che vuole!<\/p>\n\n\n\n<p>3 Ottobre 2020 <em>Matteo Salvini in tribunale a Catania<\/em> &#8211; A prescindere dal partito che sponsorizza, <strong>Matteo Salvini \u00e8 l&#8217;unico uomo italiano che ha avuto il coraggio di rispedire categoricamente ogni migrante a casa propria riducendo anche gli arrivi<\/strong> &#8211; e quindi salvando migliaia di vite sfortunate che si sarebbero perse tra i pericoli del mare. Ma questo non lo sottolinea nessuno, non fa comodo.<\/p>\n\n\n\n<p>Proprio Oggi 3 Ottobre 2020 &#8211; <em>dannazione!<\/em> &#8211; l&#8217;unico uomo che ha rispettato la volont\u00e0 di oltre il 30% dei cittadini italiani, l&#8217;unico che cercava di assicurare un vero porto sicuro a quella gente (ossia casa loro) rischia 15 anni di carcere. Qual&#8217;era il vero problema? <strong>Ci ha messo troppo tempo, quella gente si \u00e8 stancata di aspettare sulla nave della Guardia Costiera<\/strong>.<\/p>\n\n\n\n<h2>Non siamo di parte e ve lo dimostriamo<\/h2>\n\n\n\n<p>3 Ottobre 2020 <em>Matteo Salvini in tribunale a Catania<\/em> &#8211; Adirai \u00e8 un giornale online di notizie vere, questo significa che ce ne sbatte di che partito \u00e8 un imputato a processo, <strong>valutiamo i fatti nella loro logicit\u00e0<\/strong>. Non siamo sostenitori della Lega o di Matteo Salvini, sosteniamo invece quello che questa persona ha fatto per tutti noi e anche una qualsiasi persona sostenitrice del PD pu\u00f2 essere d&#8217;accordo con lui. In fondo Luciana Lamorgese fa lo stesso, ma con lei siamo in disaccordo visto che non fa molto per evitare che i clandestini arrechino danni agli italiani. <strong>Eliminando nomi e partiti<\/strong>, leggete quanto segue e poi rispondete a questa domanda dentro di voi: &#8220;<strong>Sei d&#8217;accordo?<\/strong>&#8220;<\/p>\n\n\n\n<ul><li>I migranti clandestini meritano di essere trattati come tutti gli altri e a norma di legge.<\/li><li>I migranti &#8211; se si trovano in buone condizioni, sia di salute che di circostanza &#8211; possono aspettare di sapere dove \u00e8 stato individuato un porto sicuro per loro.<\/li><li>La legge \u00e8 uguale per tutti.<\/li><\/ul>\n\n\n\n<p><strong>Sei d&#8217;accordo?<\/strong> Noi s\u00ec, e perci\u00f2 speriamo che non mandino Salvini a processo, perch\u00e9 <strong>\u00e8 un diritto di tutti gli italiani come degli stranieri quello di essere trattati secondo la legge<\/strong>. La legge non vieta a un ministro di far aspettare i clandestini per una risposta.<\/p>\n\n\n\n<p>3 Ottobre 2020 <em>Matteo Salvini in tribunale a Catania<\/em> &#8211; In Italia aspettiamo tutti per qualsiasi cosa, ma agli stranieri non va a genio, allora perch\u00e9 non sono rimasti a casa loro? In fondo dobbiamo ricordarci che non fuggono da nessuna guerra e nemmeno dalla fame. Inoltre, <a href=\"https:\/\/www.adirai.it\/politica\/carola-rackete-sea-watch-aveva-a-bordo-stupratori-e-torturatori\/\" class=\"ek-link\">molti di quelli che arrivano in Italia sono criminali<\/a>, se provaste a parlare con degli africani seri in Africa ve lo confermerebbero.<\/p>\n\n\n\n<p><strong>CONDIVIDI questo articolo su ci\u00f2 che stanno facendo per sbarazzarsi dell&#8217;opposizione, e di Matteo Salvini.<\/strong><\/p>\n","protected":false},"excerpt":{"rendered":"<p>Oggi 3 ottobre 2020 Matteo Salvini \u00e8 in udienza preliminare al tribunale di Catania per aver trattenuto 5 giorni 131 migranti in attesa sulla nave Gregoretti. L&#8217;accusa ovviamente \u00e8 ridicola, c&#8217;\u00e8 chi aspetta molto pi\u00f9 tempo ad oggi che la ministra Lamorgese \u00e8 al governo con gli abusivi PD e M5S. La Procura ha infatti [&hellip;]<\/p>\n","protected":false},"author":2,"featured_media":24263,"comment_status":"closed","ping_status":"closed","sticky":false,"template":"","format":"standard","meta":[],"categories":[2],"tags":[13],"yoast_head":"<title>Matteo Salvini in tribunale a Catania oggi 3 ottobre 2020<\/title>\n<meta name=\"description\" content=\"Oggi 3 ottobre 2020 Matteo Salvini \u00e8 in udienza preliminare al tribunale di Catania per aver trattenuto 5 giorni 131 migranti in attesa sulla nave Grevoretti.\" \/>\n<meta name=\"robots\" content=\"index, follow, max-snippet:-1, max-image-preview:large, max-video-preview:-1\" \/>\n<link rel=\"canonical\" href=\"https:\/\/www.adirai.it\/politica\/matteo-salvini-in-tribunale-a-catania-oggi-3-ottobre-2020\/\" \/>\n<meta property=\"og:locale\" content=\"it_IT\" \/>\n<meta property=\"og:type\" content=\"article\" \/>\n<meta property=\"og:title\" content=\"Matteo Salvini in tribunale a Catania oggi 3 ottobre 2020\" \/>\n<meta property=\"og:description\" content=\"Oggi 3 ottobre 2020 Matteo Salvini \u00e8 in udienza preliminare al tribunale di Catania per aver trattenuto 5 giorni 131 migranti in attesa sulla nave Grevoretti.\" \/>\n<meta property=\"og:url\" content=\"https:\/\/www.adirai.it\/politica\/matteo-salvini-in-tribunale-a-catania-oggi-3-ottobre-2020\/\" \/>\n<meta property=\"og:site_name\" content=\"Adirai Notizie\" \/>\n<meta property=\"article:published_time\" content=\"2020-10-03T11:00:00+00:00\" \/>\n<meta property=\"article:modified_time\" content=\"2022-08-25T12:22:59+00:00\" \/>\n<meta property=\"og:image\" content=\"https:\/\/www.adirai.it\/media\/2020\/10\/matteo-salvini-in-tribunale-catania-oggi-3-ottobre-2020.jpg\" \/>\n\t<meta property=\"og:image:width\" content=\"1600\" \/>\n\t<meta property=\"og:image:height\" content=\"900\" \/>\n\t<meta property=\"og:image:type\" content=\"image\/jpeg\" \/>\n<meta name=\"author\" content=\"Adirai Italia\" \/>\n<meta name=\"twitter:card\" content=\"summary_large_image\" \/>\n<meta name=\"twitter:creator\" content=\"@AdiraiIt\" \/>\n<meta name=\"twitter:site\" content=\"@AdiraiIt\" \/>\n<meta name=\"twitter:label1\" content=\"Scritto da\" \/>\n\t<meta name=\"twitter:data1\" content=\"Adirai Italia\" \/>\n\t<meta name=\"twitter:label2\" content=\"Tempo di lettura stimato\" \/>\n\t<meta name=\"twitter:data2\" content=\"7 minuti\" \/>","yoast_head_json":{"title":"Matteo Salvini in tribunale a Catania oggi 3 ottobre 2020","description":"Oggi 3 ottobre 2020 Matteo Salvini \u00e8 in udienza preliminare al tribunale di Catania per aver trattenuto 5 giorni 131 migranti in attesa sulla nave Grevoretti.","robots":{"index":"index","follow":"follow","max-snippet":"max-snippet:-1","max-image-preview":"max-image-preview:large","max-video-preview":"max-video-preview:-1"},"canonical":"https:\/\/www.adirai.it\/politica\/matteo-salvini-in-tribunale-a-catania-oggi-3-ottobre-2020\/","og_locale":"it_IT","og_type":"article","og_title":"Matteo Salvini in tribunale a Catania oggi 3 ottobre 2020","og_description":"Oggi 3 ottobre 2020 Matteo Salvini \u00e8 in udienza preliminare al tribunale di Catania per aver trattenuto 5 giorni 131 migranti in attesa sulla nave Grevoretti.","og_url":"https:\/\/www.adirai.it\/politica\/matteo-salvini-in-tribunale-a-catania-oggi-3-ottobre-2020\/","og_site_name":"Adirai Notizie","article_published_time":"2020-10-03T11:00:00+00:00","article_modified_time":"2022-08-25T12:22:59+00:00","og_image":[{"width":1600,"height":900,"url":"https:\/\/www.adirai.it\/media\/2020\/10\/matteo-salvini-in-tribunale-catania-oggi-3-ottobre-2020.jpg","type":"image\/jpeg"}],"author":"Adirai Italia","twitter_card":"summary_large_image","twitter_creator":"@AdiraiIt","twitter_site":"@AdiraiIt","twitter_misc":{"Scritto da":"Adirai Italia","Tempo di lettura stimato":"7 minuti"},"schema":{"@context":"https:\/\/schema.org","@graph":[{"@type":"Article","@id":"https:\/\/www.adirai.it\/politica\/matteo-salvini-in-tribunale-a-catania-oggi-3-ottobre-2020\/#article","isPartOf":{"@id":"https:\/\/www.adirai.it\/politica\/matteo-salvini-in-tribunale-a-catania-oggi-3-ottobre-2020\/"},"author":{"name":"Adirai Italia","@id":"https:\/\/www.adirai.it\/#\/schema\/person\/a5f58f133c7b98c534f588d596d78734"},"headline":"Matteo Salvini in tribunale a Catania oggi 3 ottobre 2020","datePublished":"2020-10-03T11:00:00+00:00","dateModified":"2022-08-25T12:22:59+00:00","mainEntityOfPage":{"@id":"https:\/\/www.adirai.it\/politica\/matteo-salvini-in-tribunale-a-catania-oggi-3-ottobre-2020\/"},"wordCount":1180,"publisher":{"@id":"https:\/\/www.adirai.it\/#organization"},"keywords":["Matteo Salvini"],"articleSection":["Politica"],"inLanguage":"it-IT"},{"@type":"WebPage","@id":"https:\/\/www.adirai.it\/politica\/matteo-salvini-in-tribunale-a-catania-oggi-3-ottobre-2020\/","url":"https:\/\/www.adirai.it\/politica\/matteo-salvini-in-tribunale-a-catania-oggi-3-ottobre-2020\/","name":"Matteo Salvini in tribunale a Catania oggi 3 ottobre 2020","isPartOf":{"@id":"https:\/\/www.adirai.it\/#website"},"datePublished":"2020-10-03T11:00:00+00:00","dateModified":"2022-08-25T12:22:59+00:00","description":"Oggi 3 ottobre 2020 Matteo Salvini \u00e8 in udienza preliminare al tribunale di Catania per aver trattenuto 5 giorni 131 migranti in attesa sulla nave Grevoretti.","breadcrumb":{"@id":"https:\/\/www.adirai.it\/politica\/matteo-salvini-in-tribunale-a-catania-oggi-3-ottobre-2020\/#breadcrumb"},"inLanguage":"it-IT","potentialAction":[{"@type":"ReadAction","target":["https:\/\/www.adirai.it\/politica\/matteo-salvini-in-tribunale-a-catania-oggi-3-ottobre-2020\/"]}]},{"@type":"BreadcrumbList","@id":"https:\/\/www.adirai.it\/politica\/matteo-salvini-in-tribunale-a-catania-oggi-3-ottobre-2020\/#breadcrumb","itemListElement":[{"@type":"ListItem","position":1,"name":"Home","item":"https:\/\/www.adirai.it\/"},{"@type":"ListItem","position":2,"name":"Matteo Salvini in tribunale a Catania oggi 3 ottobre 2020"}]},{"@type":"WebSite","@id":"https:\/\/www.adirai.it\/#website","url":"https:\/\/www.adirai.it\/","name":"Adirai Notizie","description":"","publisher":{"@id":"https:\/\/www.adirai.it\/#organization"},"potentialAction":[{"@type":"SearchAction","target":{"@type":"EntryPoint","urlTemplate":"https:\/\/www.adirai.it\/?s={search_term_string}"},"query-input":"required name=search_term_string"}],"inLanguage":"it-IT"},{"@type":"Organization","@id":"https:\/\/www.adirai.it\/#organization","name":"Adirai Notizie","url":"https:\/\/www.adirai.it\/","logo":{"@type":"ImageObject","inLanguage":"it-IT","@id":"https:\/\/www.adirai.it\/#\/schema\/logo\/image\/","url":"https:\/\/www.adirai.it\/media\/2019\/08\/adirai-logo.jpg","contentUrl":"https:\/\/www.adirai.it\/media\/2019\/08\/adirai-logo.jpg","width":600,"height":600,"caption":"Adirai Notizie"},"image":{"@id":"https:\/\/www.adirai.it\/#\/schema\/logo\/image\/"},"sameAs":["https:\/\/twitter.com\/AdiraiIt"]},{"@type":"Person","@id":"https:\/\/www.adirai.it\/#\/schema\/person\/a5f58f133c7b98c534f588d596d78734","name":"Adirai Italia","image":{"@type":"ImageObject","inLanguage":"it-IT","@id":"https:\/\/www.adirai.it\/#\/schema\/person\/image\/","url":"https:\/\/secure.gravatar.com\/avatar\/6b3b05aeab69cd7245f16ead3dd76a3d?s=96&d=mm&r=g","contentUrl":"https:\/\/secure.gravatar.com\/avatar\/6b3b05aeab69cd7245f16ead3dd76a3d?s=96&d=mm&r=g","caption":"Adirai Italia"},"sameAs":["https:\/\/www.adirai.it\/"]}]}},"post_mailing_queue_ids":[],"_links":{"self":[{"href":"https:\/\/www.adirai.it\/api\/wp\/v2\/posts\/24259"}],"collection":[{"href":"https:\/\/www.adirai.it\/api\/wp\/v2\/posts"}],"about":[{"href":"https:\/\/www.adirai.it\/api\/wp\/v2\/types\/post"}],"author":[{"embeddable":true,"href":"https:\/\/www.adirai.it\/api\/wp\/v2\/users\/2"}],"replies":[{"embeddable":true,"href":"https:\/\/www.adirai.it\/api\/wp\/v2\/comments?post=24259"}],"version-history":[{"count":0,"href":"https:\/\/www.adirai.it\/api\/wp\/v2\/posts\/24259\/revisions"}],"wp:featuredmedia":[{"embeddable":true,"href":"https:\/\/www.adirai.it\/api\/wp\/v2\/media\/24263"}],"wp:attachment":[{"href":"https:\/\/www.adirai.it\/api\/wp\/v2\/media?parent=24259"}],"wp:term":[{"taxonomy":"category","embeddable":true,"href":"https:\/\/www.adirai.it\/api\/wp\/v2\/categories?post=24259"},{"taxonomy":"post_tag","embeddable":true,"href":"https:\/\/www.adirai.it\/api\/wp\/v2\/tags?post=24259"}],"curies":[{"name":"wp","href":"https:\/\/api.w.org\/{rel}","templated":true}]}}