{"id":20824,"date":"2020-08-01T15:32:00","date_gmt":"2020-08-01T13:32:00","guid":{"rendered":"https:\/\/www.adirai.it\/?p=20824"},"modified":"2020-08-01T15:33:27","modified_gmt":"2020-08-01T13:33:27","slug":"open-arms-salvini-a-processo-per-voto-decisivo-di-renzi_010820","status":"publish","type":"post","link":"https:\/\/www.adirai.it\/politica\/open-arms-salvini-a-processo-per-voto-decisivo-di-renzi_010820\/","title":{"rendered":"Open Arms, Salvini a processo per voto decisivo di Renzi"},"content":{"rendered":"\n<p>Salvini non ha vietato all&#8217;Ong Spagnola Open Arms di spostarsi dalle acque italiane, ha solo negato loro la possibilit\u00e0 di sbarcare proprio qui in Italia. <strong>Open Arms<\/strong> \u00e8 l&#8217;ong dei migranti cui <strong>Salvini<\/strong>, che era ministro dell&#8217;Interno, neg\u00f2 lo sbarco in Italia e per cui <strong>la procura di Agrigento lo denunci\u00f2<\/strong>. La situazione cambi\u00f2 solo per un atto della procura di Agrigento che permise ai migranti di sbarcare, oggi sappiamo che <strong>sulle ong non c&#8217;era brava gente<\/strong>. L&#8217;accusa mossa al leader della Lega Matteo Salvini \u00e8 di avere sequestrato i migranti vietando loro di sbarcare sulle coste italiane per ben 20 giorni. Oggi in Parlamento si \u00e8 votato in aula al Senato per <strong>mandare a processo Salvini per pluri sequestro di persona e rifiuto di atti d&#8217;ufficio<\/strong> oppure no.<\/p>\n\n\n\n\n\n\n\n<figure class=\"wp-block-image size-large imgpost\"><img decoding=\"async\" loading=\"lazy\" width=\"735\" height=\"413\" src=\"https:\/\/www.adirai.it\/media\/2020\/07\/open-arms-salvini-processo-renzi-735x413.jpg\" alt=\"open arms salvini processo renzi\" class=\"wp-image-20835\" srcset=\"https:\/\/www.adirai.it\/media\/2020\/07\/open-arms-salvini-processo-renzi-735x413.jpg 735w, https:\/\/www.adirai.it\/media\/2020\/07\/open-arms-salvini-processo-renzi-300x169.jpg 300w, https:\/\/www.adirai.it\/media\/2020\/07\/open-arms-salvini-processo-renzi-768x432.jpg 768w, https:\/\/www.adirai.it\/media\/2020\/07\/open-arms-salvini-processo-renzi-1536x864.jpg 1536w, https:\/\/www.adirai.it\/media\/2020\/07\/open-arms-salvini-processo-renzi-220x124.jpg 220w, https:\/\/www.adirai.it\/media\/2020\/07\/open-arms-salvini-processo-renzi-360x203.jpg 360w, https:\/\/www.adirai.it\/media\/2020\/07\/open-arms-salvini-processo-renzi-160x90.jpg 160w, https:\/\/www.adirai.it\/media\/2020\/07\/open-arms-salvini-processo-renzi.jpg 1600w\" sizes=\"(max-width: 735px) 100vw, 735px\" \/><\/figure>\n\n\n\n<h2>Open Arms, Salvini ha davvero sequestrato i migranti e l&#8217;equipaggio?<\/h2>\n\n\n\n<p>Oggi in Parlamento si \u00e8 votato per mandare a processo Salvini per l&#8217;accusa di pluri sequestro di persona e rifiuto di atti d&#8217;ufficio, a causa della sua decisione due anni fa di negare lo sbarco a dei migranti di un ONG spagnola.<\/p>\n\n\n\n<p>La domanda semplice che ci poniamo \u00e8 la stessa che si \u00e8 posto Renzi in Parlamento: &#8220;<strong>Matteo Salvini, come ministro dell&#8217;Interno, ha agito per interesse pubblico?<\/strong>&#8221; Renzi si \u00e8 risposto di NO. &#8220;<em>Salvini non ag\u00ec per interesse pubblico<\/em>&#8220;, dice il toscano in aula al Senato. Evidentemente passa poco tempo sia in Sicilia che a leggere i titoli dei giornali che parlano degli <em>amici suoi<\/em> (Palamara).<\/p>\n\n\n\n<h2>Open Arms, Salvini a processo: commise un reato?<\/h2>\n\n\n\n<p>E&#8217; lecito chiederselo, farsi un&#8217;opinione valida, con diverse prove ad avvalorare la propria tesi. Ma Salvini commise un reato negando lo sbarco a degli immigrati clandestini oppure no?<\/p>\n\n\n\n<p>Ecco cosa sappiamo oggi:<\/p>\n\n\n\n<ul><li><a href=\"https:\/\/www.adirai.it\/politica\/carola-rackete-sea-watch-aveva-a-bordo-stupratori-e-torturatori\/\" class=\"ek-link\">Sulle ONG di quel tempo non c&#8217;era brava gente<\/a> in fuga da chiss\u00e0 quale guerra stupida del terzo mondo.<\/li><li>Una cosa che sapevamo anche al tempo \u00e8 che <strong>quella ONG \u00e8 Spagnola<\/strong>. Aspettate lo ripetiamo: SPAGNOLA. Sappiamo tutti molto bene che non ci vuole molto a dirigersi verso casa per una nave ONG di quella portata. Perch\u00e9 gettare l&#8217;ancora al largo delle coste siciliane? Perch\u00e9 siamo imbecilli e ci prendiamo tutti e tutto.<\/li><li>Matteo Salvini, ministro dell&#8217;Interno, si consult\u00f2 con il premier Giuseppe Conte prima di agire. Mandiamo a processo anche Conte? Qualcuno potrebbe dire &#8220;Conte dice che non \u00e8 vero, nega&#8221;. Stiamo parlando di un presidente del Consiglio che falsifica il suo Curriculum Vitae, quindi che vi aspettate? L&#8217;aureola non ce l&#8217;ha.<\/li><li>Qualche giorno fa, il governatore della Sicilia ha chiesto disperato un intervento del Governo Conte per gestire l&#8217;EMERGENZA MIGRANTI che sta trasformando la nostra perla del turismo internazionale, la Sicilia, in una &#8220;colonia&#8221;. <strong>Sicilia: &#8220;colonia&#8221; dei migranti<\/strong>. Bella pubblicit\u00e0, ecco cos&#8217;\u00e8 una <a aria-label=\"undefined (apri in una nuova scheda)\" href=\"https:\/\/it.wikipedia.org\/wiki\/Colonia_(insediamento)\" rel=\"noreferrer noopener nofollow\" target=\"_blank\">colonia<\/a>.<\/li><li><strong>Il caso Palamara<\/strong>, che praticamente ci dice chi \u00e8 quella gentaglia che siede a sinistra e che usa i propri amici giudici e avvocati per fare lo sgambetto agli avversari in Parlamento. D&#8217;altronde si sa, quello che dicono a sinistra sono frasi fatte e poco realistiche: quindi, l&#8217;unico modo per prendere voti \u00e8 essere gli unici in grado di giocare la partita. Lo dimostra questo governo giallo-rosso, che sta letteralmente uccidendo l&#8217;Italia.<\/li><\/ul>\n\n\n\n<p>Ebbene alla luce di questi, e altri centinaia di fatti e motivazioni validissime possiamo dirci profondamente disgustati dalla falsit\u00e0 di Matteo Renzi nel dire &#8220;Salvini non ag\u00ec per interesse pubblico&#8221;. Invece s\u00ec, fu proprio cos\u00ec. Salvini ag\u00ec per interesse pubblico, e lo fece riducendo gli sbarchi in Italia di una cifra entusiasmante.<\/p>\n\n\n\n<h3>Decreti Sicurezza, solo un altro modo di proteggere gli italiani<\/h3>\n\n\n\n<p>Salvini ha adottato diverse strategie per bloccare il flusso migratorio, una delle quali \u00e8 stata sottoscrivere i Decreti Sicurezza. Decreti che la maggioranza di governo (PD-M5S) ora vuole buttare nel cesso. Solo perch\u00e9 li ha fatti Salvini, loro avversario politico. <em>A 2 anni ci si comporta cos\u00ec<\/em>.<\/p>\n\n\n\n<p>Ecco cosa diceva Salvini nel 2018:<\/p>\n\n\n\n<blockquote class=\"wp-block-quote\"><p>\u00c8 stato arrestato questa notte dalla Polizia di Venezia (che ringrazio!) Mohamed Gueye, IMMIGRATO senegalese irregolare, accusato di avere STUPRATO a Jesolo una ragazza di 15 ANNI.<\/p><p>Dopo diversi precedenti penali era gi\u00e0 stato in passato condannato (inutilmente) a lasciare l\u2019Italia, ma avendo avuto una bambina da una donna italiana (che brava persona&#8230;) questo verme NON pu\u00f2 essere espulso.<\/p><p>ROBA DA MATTI!<\/p><p><strong>Con il&nbsp;#DecretoSicurezza, se un clandestino stupra, ruba, uccide o spaccia, se ne torna a casa subito, senza se e senza ma.<\/strong><\/p><\/blockquote>\n\n\n\n<p>Si tratta allora di invidia quando i sinistridioti votano per mandare Salvini a processo (a farlo giudicare dagli amici loro) e a rischiare la galera? Perch\u00e9 lui \u00e8 riuscito in quello che nessuno di loro \u00e8 riuscito a fare?<\/p>\n\n\n\n<h2>Renzi favorevole a mandare Salvini a processo per il caso Open Arms<\/h2>\n\n\n\n<p>Concludiamo con le parole ipocrite di Matteo Renzi oggi al Senato:<\/p>\n\n\n\n<blockquote class=\"wp-block-quote\"><p>Noi non dobbiamo rispondere alla domanda non se&nbsp;<strong>Salvini<\/strong>&nbsp;ha commesso reati o no, o se fosse accompagnato da altri membri del&nbsp;<strong>governo<\/strong>. A questo risponde la&nbsp;<strong>magistratura<\/strong>. Ma se ci fu interesse pubblico. E <strong>per me l&#8217;interesse pubblico non c&#8217;\u00e8 nel tenere un barcone lontano dalle coste<\/strong> &#8211; <em>per chi avesse il dubbio: s\u00ec, lo ha detto davvero<\/em>.<\/p><p>Noi voteremo a favore dell&#8217;autorizzazione a procedere nei confronti di Salvini.<\/p><\/blockquote>\n\n\n\n<p>Il voto decisivo di Renzi ha segnato l&#8217;esito delle votazioni per Salvini, che finisce a processo per il caso Open Arms dicendo &#8220;Mi avete fatto un regalo&#8221;. Un modo di vederla in positivo.<\/p>\n\n\n\n<p><strong>CONDIVIDI le ultime news su Salvini a processo per il negato sbarco della Open Arms nel 2018.<\/strong><\/p>\n","protected":false},"excerpt":{"rendered":"<p>Salvini non ha vietato all&#8217;Ong Spagnola Open Arms di spostarsi dalle acque italiane, ha solo negato loro la possibilit\u00e0 di sbarcare proprio qui in Italia. Open Arms \u00e8 l&#8217;ong dei migranti cui Salvini, che era ministro dell&#8217;Interno, neg\u00f2 lo sbarco in Italia e per cui la procura di Agrigento lo denunci\u00f2. La situazione cambi\u00f2 solo [&hellip;]<\/p>\n","protected":false},"author":2,"featured_media":20835,"comment_status":"closed","ping_status":"closed","sticky":false,"template":"","format":"standard","meta":[],"categories":[2],"tags":[127,89,13,881],"yoast_head":"<title>Open Arms, Salvini a processo per voto decisivo di Renzi<\/title>\n<meta name=\"description\" content=\"Ecco cosa sappiamo sul voto di oggi in parlamento e su quanto \u00e8 accaduto due anni f\u00e0 in merito all&#039;immigrazione clandestina delle o n g\" \/>\n<meta name=\"robots\" content=\"index, follow, max-snippet:-1, max-image-preview:large, max-video-preview:-1\" \/>\n<link rel=\"canonical\" href=\"https:\/\/www.adirai.it\/politica\/open-arms-salvini-a-processo-per-voto-decisivo-di-renzi_010820\/\" \/>\n<meta property=\"og:locale\" content=\"it_IT\" \/>\n<meta property=\"og:type\" content=\"article\" \/>\n<meta property=\"og:title\" content=\"Open Arms, Salvini a processo per voto decisivo di Renzi\" \/>\n<meta property=\"og:description\" content=\"Ecco cosa sappiamo sul voto di oggi in parlamento e su quanto \u00e8 accaduto due anni f\u00e0 in merito all&#039;immigrazione clandestina delle o n g\" \/>\n<meta property=\"og:url\" content=\"https:\/\/www.adirai.it\/politica\/open-arms-salvini-a-processo-per-voto-decisivo-di-renzi_010820\/\" \/>\n<meta property=\"og:site_name\" content=\"Adirai Notizie\" \/>\n<meta property=\"article:published_time\" content=\"2020-08-01T13:32:00+00:00\" \/>\n<meta property=\"article:modified_time\" content=\"2020-08-01T13:33:27+00:00\" \/>\n<meta property=\"og:image\" content=\"https:\/\/www.adirai.it\/media\/2020\/07\/open-arms-salvini-processo-renzi.jpg\" \/>\n\t<meta property=\"og:image:width\" content=\"1600\" \/>\n\t<meta property=\"og:image:height\" content=\"900\" \/>\n\t<meta property=\"og:image:type\" content=\"image\/jpeg\" \/>\n<meta name=\"author\" content=\"Adirai Italia\" \/>\n<meta name=\"twitter:card\" content=\"summary_large_image\" \/>\n<meta name=\"twitter:creator\" content=\"@AdiraiIt\" \/>\n<meta name=\"twitter:site\" content=\"@AdiraiIt\" \/>\n<meta name=\"twitter:label1\" content=\"Scritto da\" \/>\n\t<meta name=\"twitter:data1\" content=\"Adirai Italia\" \/>\n\t<meta name=\"twitter:label2\" content=\"Tempo di lettura stimato\" \/>\n\t<meta name=\"twitter:data2\" content=\"4 minuti\" \/>","yoast_head_json":{"title":"Open Arms, Salvini a processo per voto decisivo di Renzi","description":"Ecco cosa sappiamo sul voto di oggi in parlamento e su quanto \u00e8 accaduto due anni f\u00e0 in merito all'immigrazione clandestina delle o n g","robots":{"index":"index","follow":"follow","max-snippet":"max-snippet:-1","max-image-preview":"max-image-preview:large","max-video-preview":"max-video-preview:-1"},"canonical":"https:\/\/www.adirai.it\/politica\/open-arms-salvini-a-processo-per-voto-decisivo-di-renzi_010820\/","og_locale":"it_IT","og_type":"article","og_title":"Open Arms, Salvini a processo per voto decisivo di Renzi","og_description":"Ecco cosa sappiamo sul voto di oggi in parlamento e su quanto \u00e8 accaduto due anni f\u00e0 in merito all'immigrazione clandestina delle o n g","og_url":"https:\/\/www.adirai.it\/politica\/open-arms-salvini-a-processo-per-voto-decisivo-di-renzi_010820\/","og_site_name":"Adirai Notizie","article_published_time":"2020-08-01T13:32:00+00:00","article_modified_time":"2020-08-01T13:33:27+00:00","og_image":[{"width":1600,"height":900,"url":"https:\/\/www.adirai.it\/media\/2020\/07\/open-arms-salvini-processo-renzi.jpg","type":"image\/jpeg"}],"author":"Adirai Italia","twitter_card":"summary_large_image","twitter_creator":"@AdiraiIt","twitter_site":"@AdiraiIt","twitter_misc":{"Scritto da":"Adirai Italia","Tempo di lettura stimato":"4 minuti"},"schema":{"@context":"https:\/\/schema.org","@graph":[{"@type":"Article","@id":"https:\/\/www.adirai.it\/politica\/open-arms-salvini-a-processo-per-voto-decisivo-di-renzi_010820\/#article","isPartOf":{"@id":"https:\/\/www.adirai.it\/politica\/open-arms-salvini-a-processo-per-voto-decisivo-di-renzi_010820\/"},"author":{"name":"Adirai Italia","@id":"https:\/\/www.adirai.it\/#\/schema\/person\/a5f58f133c7b98c534f588d596d78734"},"headline":"Open Arms, Salvini a processo per voto decisivo di Renzi","datePublished":"2020-08-01T13:32:00+00:00","dateModified":"2020-08-01T13:33:27+00:00","mainEntityOfPage":{"@id":"https:\/\/www.adirai.it\/politica\/open-arms-salvini-a-processo-per-voto-decisivo-di-renzi_010820\/"},"wordCount":924,"publisher":{"@id":"https:\/\/www.adirai.it\/#organization"},"keywords":["Governo Italiano","Matteo Renzi","Matteo Salvini","Senato della Repubblica"],"articleSection":["Politica"],"inLanguage":"it-IT"},{"@type":"WebPage","@id":"https:\/\/www.adirai.it\/politica\/open-arms-salvini-a-processo-per-voto-decisivo-di-renzi_010820\/","url":"https:\/\/www.adirai.it\/politica\/open-arms-salvini-a-processo-per-voto-decisivo-di-renzi_010820\/","name":"Open Arms, Salvini a processo per voto decisivo di Renzi","isPartOf":{"@id":"https:\/\/www.adirai.it\/#website"},"datePublished":"2020-08-01T13:32:00+00:00","dateModified":"2020-08-01T13:33:27+00:00","description":"Ecco cosa sappiamo sul voto di oggi in parlamento e su quanto \u00e8 accaduto due anni f\u00e0 in merito all'immigrazione clandestina delle o n g","breadcrumb":{"@id":"https:\/\/www.adirai.it\/politica\/open-arms-salvini-a-processo-per-voto-decisivo-di-renzi_010820\/#breadcrumb"},"inLanguage":"it-IT","potentialAction":[{"@type":"ReadAction","target":["https:\/\/www.adirai.it\/politica\/open-arms-salvini-a-processo-per-voto-decisivo-di-renzi_010820\/"]}]},{"@type":"BreadcrumbList","@id":"https:\/\/www.adirai.it\/politica\/open-arms-salvini-a-processo-per-voto-decisivo-di-renzi_010820\/#breadcrumb","itemListElement":[{"@type":"ListItem","position":1,"name":"Home","item":"https:\/\/www.adirai.it\/"},{"@type":"ListItem","position":2,"name":"Open Arms, Salvini a processo per voto decisivo di Renzi"}]},{"@type":"WebSite","@id":"https:\/\/www.adirai.it\/#website","url":"https:\/\/www.adirai.it\/","name":"Adirai Notizie","description":"","publisher":{"@id":"https:\/\/www.adirai.it\/#organization"},"potentialAction":[{"@type":"SearchAction","target":{"@type":"EntryPoint","urlTemplate":"https:\/\/www.adirai.it\/?s={search_term_string}"},"query-input":"required name=search_term_string"}],"inLanguage":"it-IT"},{"@type":"Organization","@id":"https:\/\/www.adirai.it\/#organization","name":"Adirai Notizie","url":"https:\/\/www.adirai.it\/","logo":{"@type":"ImageObject","inLanguage":"it-IT","@id":"https:\/\/www.adirai.it\/#\/schema\/logo\/image\/","url":"https:\/\/www.adirai.it\/media\/2019\/08\/adirai-logo.jpg","contentUrl":"https:\/\/www.adirai.it\/media\/2019\/08\/adirai-logo.jpg","width":600,"height":600,"caption":"Adirai Notizie"},"image":{"@id":"https:\/\/www.adirai.it\/#\/schema\/logo\/image\/"},"sameAs":["https:\/\/twitter.com\/AdiraiIt"]},{"@type":"Person","@id":"https:\/\/www.adirai.it\/#\/schema\/person\/a5f58f133c7b98c534f588d596d78734","name":"Adirai Italia","image":{"@type":"ImageObject","inLanguage":"it-IT","@id":"https:\/\/www.adirai.it\/#\/schema\/person\/image\/","url":"https:\/\/secure.gravatar.com\/avatar\/6b3b05aeab69cd7245f16ead3dd76a3d?s=96&d=mm&r=g","contentUrl":"https:\/\/secure.gravatar.com\/avatar\/6b3b05aeab69cd7245f16ead3dd76a3d?s=96&d=mm&r=g","caption":"Adirai Italia"},"sameAs":["https:\/\/www.adirai.it\/"]}]}},"post_mailing_queue_ids":[],"_links":{"self":[{"href":"https:\/\/www.adirai.it\/api\/wp\/v2\/posts\/20824"}],"collection":[{"href":"https:\/\/www.adirai.it\/api\/wp\/v2\/posts"}],"about":[{"href":"https:\/\/www.adirai.it\/api\/wp\/v2\/types\/post"}],"author":[{"embeddable":true,"href":"https:\/\/www.adirai.it\/api\/wp\/v2\/users\/2"}],"replies":[{"embeddable":true,"href":"https:\/\/www.adirai.it\/api\/wp\/v2\/comments?post=20824"}],"version-history":[{"count":0,"href":"https:\/\/www.adirai.it\/api\/wp\/v2\/posts\/20824\/revisions"}],"wp:featuredmedia":[{"embeddable":true,"href":"https:\/\/www.adirai.it\/api\/wp\/v2\/media\/20835"}],"wp:attachment":[{"href":"https:\/\/www.adirai.it\/api\/wp\/v2\/media?parent=20824"}],"wp:term":[{"taxonomy":"category","embeddable":true,"href":"https:\/\/www.adirai.it\/api\/wp\/v2\/categories?post=20824"},{"taxonomy":"post_tag","embeddable":true,"href":"https:\/\/www.adirai.it\/api\/wp\/v2\/tags?post=20824"}],"curies":[{"name":"wp","href":"https:\/\/api.w.org\/{rel}","templated":true}]}}