{"id":19354,"date":"2020-07-23T13:11:00","date_gmt":"2020-07-23T11:11:00","guid":{"rendered":"https:\/\/www.adirai.it\/?p=19354"},"modified":"2020-07-23T13:14:16","modified_gmt":"2020-07-23T11:14:16","slug":"bonus-contributivo-invalidi-civili-2-mesi-per-ogni-anno-di-lavoro_230720","status":"publish","type":"post","link":"https:\/\/www.adirai.it\/economia\/bonus-contributivo-invalidi-civili-2-mesi-per-ogni-anno-di-lavoro_230720\/","title":{"rendered":"Bonus invalidi civili: pi\u00f9 2 mesi di contributi per ogni anno di lavoro"},"content":{"rendered":"\n<p>Spetta un <strong>bonus contributivo di 2 mesi per ogni anno di lavoro degli invalidi civili con almeno 74% di invalidit\u00e0<\/strong>, bisogna farne esplicita richiesta. Vediamo nel dettaglio quali sono i vantaggi offerti da questo <strong>bonus contributivo di 2 mesi per gli invalidi civili<\/strong> e come funziona nello specifico. Essenzialmente sono contributi che <strong>servono ad andare in pensione prima<\/strong>, non modificano l&#8217;importo dell&#8217;assegno, che invece rester\u00e0 invariato. L&#8217;interessato che dispone dei requisiti di accesso alla misura pu\u00f2 richiedere un&#8217;integrazione <strong>2 mesi di contributi figurativi bonus per la pensione<\/strong>.<\/p>\n\n\n\n\n\n\n\n<figure class=\"wp-block-image size-large imgpost\"><img decoding=\"async\" loading=\"lazy\" width=\"735\" height=\"413\" src=\"https:\/\/www.adirai.it\/media\/2020\/07\/bonus-contributivo-2-mesi-lavoratori-invalidi-civili-735x413.jpg\" alt=\"bonus contributivo invalidi civili 2 mesi aggiuntivi per lavoratori\" class=\"wp-image-19386\" srcset=\"https:\/\/www.adirai.it\/media\/2020\/07\/bonus-contributivo-2-mesi-lavoratori-invalidi-civili-735x413.jpg 735w, https:\/\/www.adirai.it\/media\/2020\/07\/bonus-contributivo-2-mesi-lavoratori-invalidi-civili-300x169.jpg 300w, https:\/\/www.adirai.it\/media\/2020\/07\/bonus-contributivo-2-mesi-lavoratori-invalidi-civili-768x432.jpg 768w, https:\/\/www.adirai.it\/media\/2020\/07\/bonus-contributivo-2-mesi-lavoratori-invalidi-civili-1536x864.jpg 1536w, https:\/\/www.adirai.it\/media\/2020\/07\/bonus-contributivo-2-mesi-lavoratori-invalidi-civili-220x124.jpg 220w, https:\/\/www.adirai.it\/media\/2020\/07\/bonus-contributivo-2-mesi-lavoratori-invalidi-civili-360x203.jpg 360w, https:\/\/www.adirai.it\/media\/2020\/07\/bonus-contributivo-2-mesi-lavoratori-invalidi-civili-160x90.jpg 160w, https:\/\/www.adirai.it\/media\/2020\/07\/bonus-contributivo-2-mesi-lavoratori-invalidi-civili.jpg 1600w\" sizes=\"(max-width: 735px) 100vw, 735px\" \/><\/figure>\n\n\n\n<h2>Bonus contributivo 2 mesi per invalidi civili<\/h2>\n\n\n\n<p>I <strong>contributi previdenziali<\/strong> sono importantissimi per conseguire il pensionamento. Senza versare i contributi sarebbe impossibile andare in pensione. Il minimo di contributi da versare \u00e8 pari a 5 anni e riguarda coloro che andranno in pensione di vecchiaia a 71 anni.<\/p>\n\n\n\n<p>Pi\u00f9 contributi si hanno e prima ci si congeder\u00e0 dal proprio posto di lavoro per meritato riposo. Si veda ad esempio la quota 41; destinata ai lavoratori precoci e gravosi che possono andare in pensione anche prima dei 60 anni di et\u00e0.<\/p>\n\n\n\n<p>Il bonus contributivo per invalidi civili \u00e8 dunque un grande aiuto per chi \u00e8 diversamente abile e desidera congedarsi al pi\u00f9 presto dai propri doveri lavorativi per concentrarsi sulla propria salute. Pensate che \u00e8 un bonus attuato dal lontano 1\u00b0 gennaio del 2002.<\/p>\n\n\n\n<h3>Spetta agli invalidi civili al 74%<\/h3>\n\n\n\n<p>Non si tratta di una misura studiata per tutti, infatti solo chi appartiene a una certa categoria di lavoratori pu\u00f2 beneficiare del bonus. Il <strong>bonus contributivo 2 mesi<\/strong> spetta a tutti i lavoratori ai quali \u00e8 stato riconosciuto almeno il 74% di invalidit\u00e0.<\/p>\n\n\n\n<h2>Come funziona il Bonus contributivo 2 mesi<\/h2>\n\n\n\n<p>Il <strong>bonus contributivo di 2 mesi<\/strong> aggiunge ad ogni anno lavorativo del beneficiario 60 giorni di contributi in pi\u00f9 fino a un massimo di 5 anni di contributi extra. Quindi, si pu\u00f2 applicare fino a un massimo di 30 anni anni lavorativi.<\/p>\n\n\n\n<p>Questo bonus per invalidi civili \u00e8 importante perch\u00e9 permette di andare in pensione in anticipo, ma \u00e8 figurativo, quindi non modifica in alcun modo l&#8217;assegno pensione spettante.<\/p>\n\n\n\n<p><strong>CONDIVIDI il bonus contributivo di 2 mesi per gli invalidi civili<\/strong>.<\/p>\n","protected":false},"excerpt":{"rendered":"<p>Spetta un bonus contributivo di 2 mesi per ogni anno di lavoro degli invalidi civili con almeno 74% di invalidit\u00e0, bisogna farne esplicita richiesta. Vediamo nel dettaglio quali sono i vantaggi offerti da questo bonus contributivo di 2 mesi per gli invalidi civili e come funziona nello specifico. Essenzialmente sono contributi che servono ad andare [&hellip;]<\/p>\n","protected":false},"author":1,"featured_media":19386,"comment_status":"closed","ping_status":"closed","sticky":false,"template":"","format":"standard","meta":[],"categories":[3,246],"tags":[1103,482,129,521],"yoast_head":"<title>Bonus invalidi civili contributi in pi\u00f9 per ogni anno di lavoro<\/title>\n<meta name=\"description\" content=\"Contributi aggiuntivi per invalidi civili per permettere di congedarsi prima dal proprio posto di lavoro: Ecco come si fa per andare in pensione\" \/>\n<meta name=\"robots\" content=\"index, follow, max-snippet:-1, max-image-preview:large, max-video-preview:-1\" \/>\n<link rel=\"canonical\" href=\"https:\/\/www.adirai.it\/economia\/bonus-contributivo-invalidi-civili-2-mesi-per-ogni-anno-di-lavoro_230720\/\" \/>\n<meta property=\"og:locale\" content=\"it_IT\" \/>\n<meta property=\"og:type\" content=\"article\" \/>\n<meta property=\"og:title\" content=\"Bonus invalidi civili contributi in pi\u00f9 per ogni anno di lavoro\" \/>\n<meta property=\"og:description\" content=\"Contributi aggiuntivi per invalidi civili per permettere di congedarsi prima dal proprio posto di lavoro: Ecco come si fa per andare in pensione\" \/>\n<meta property=\"og:url\" content=\"https:\/\/www.adirai.it\/economia\/bonus-contributivo-invalidi-civili-2-mesi-per-ogni-anno-di-lavoro_230720\/\" \/>\n<meta property=\"og:site_name\" content=\"Adirai Notizie\" \/>\n<meta property=\"article:published_time\" content=\"2020-07-23T11:11:00+00:00\" \/>\n<meta property=\"article:modified_time\" content=\"2020-07-23T11:14:16+00:00\" \/>\n<meta property=\"og:image\" content=\"https:\/\/www.adirai.it\/media\/2020\/07\/bonus-contributivo-2-mesi-lavoratori-invalidi-civili.jpg\" \/>\n\t<meta property=\"og:image:width\" content=\"1600\" \/>\n\t<meta property=\"og:image:height\" content=\"900\" \/>\n\t<meta property=\"og:image:type\" content=\"image\/jpeg\" \/>\n<meta name=\"author\" content=\"Adirai Italia\" \/>\n<meta name=\"twitter:card\" content=\"summary_large_image\" \/>\n<meta name=\"twitter:creator\" content=\"@AdiraiIt\" \/>\n<meta name=\"twitter:site\" content=\"@AdiraiIt\" \/>\n<meta name=\"twitter:label1\" content=\"Scritto da\" \/>\n\t<meta name=\"twitter:data1\" content=\"Adirai Italia\" \/>\n\t<meta name=\"twitter:label2\" content=\"Tempo di lettura stimato\" \/>\n\t<meta name=\"twitter:data2\" content=\"2 minuti\" \/>","yoast_head_json":{"title":"Bonus invalidi civili contributi in pi\u00f9 per ogni anno di lavoro","description":"Contributi aggiuntivi per invalidi civili per permettere di congedarsi prima dal proprio posto di lavoro: Ecco come si fa per andare in pensione","robots":{"index":"index","follow":"follow","max-snippet":"max-snippet:-1","max-image-preview":"max-image-preview:large","max-video-preview":"max-video-preview:-1"},"canonical":"https:\/\/www.adirai.it\/economia\/bonus-contributivo-invalidi-civili-2-mesi-per-ogni-anno-di-lavoro_230720\/","og_locale":"it_IT","og_type":"article","og_title":"Bonus invalidi civili contributi in pi\u00f9 per ogni anno di lavoro","og_description":"Contributi aggiuntivi per invalidi civili per permettere di congedarsi prima dal proprio posto di lavoro: Ecco come si fa per andare in pensione","og_url":"https:\/\/www.adirai.it\/economia\/bonus-contributivo-invalidi-civili-2-mesi-per-ogni-anno-di-lavoro_230720\/","og_site_name":"Adirai Notizie","article_published_time":"2020-07-23T11:11:00+00:00","article_modified_time":"2020-07-23T11:14:16+00:00","og_image":[{"width":1600,"height":900,"url":"https:\/\/www.adirai.it\/media\/2020\/07\/bonus-contributivo-2-mesi-lavoratori-invalidi-civili.jpg","type":"image\/jpeg"}],"author":"Adirai Italia","twitter_card":"summary_large_image","twitter_creator":"@AdiraiIt","twitter_site":"@AdiraiIt","twitter_misc":{"Scritto da":"Adirai Italia","Tempo di lettura stimato":"2 minuti"},"schema":{"@context":"https:\/\/schema.org","@graph":[{"@type":"Article","@id":"https:\/\/www.adirai.it\/economia\/bonus-contributivo-invalidi-civili-2-mesi-per-ogni-anno-di-lavoro_230720\/#article","isPartOf":{"@id":"https:\/\/www.adirai.it\/economia\/bonus-contributivo-invalidi-civili-2-mesi-per-ogni-anno-di-lavoro_230720\/"},"author":{"name":"Adirai Italia","@id":"https:\/\/www.adirai.it\/#\/schema\/person\/c2e689ea05604dcd582e7ad50aa88fbf"},"headline":"Bonus invalidi civili: pi\u00f9 2 mesi di contributi per ogni anno di lavoro","datePublished":"2020-07-23T11:11:00+00:00","dateModified":"2020-07-23T11:14:16+00:00","mainEntityOfPage":{"@id":"https:\/\/www.adirai.it\/economia\/bonus-contributivo-invalidi-civili-2-mesi-per-ogni-anno-di-lavoro_230720\/"},"wordCount":346,"publisher":{"@id":"https:\/\/www.adirai.it\/#organization"},"keywords":["Contributi previdenziali","Invalidi civili","Lavoro","Pensione di invalidit\u00e0"],"articleSection":["Economia","News Pensioni"],"inLanguage":"it-IT"},{"@type":"WebPage","@id":"https:\/\/www.adirai.it\/economia\/bonus-contributivo-invalidi-civili-2-mesi-per-ogni-anno-di-lavoro_230720\/","url":"https:\/\/www.adirai.it\/economia\/bonus-contributivo-invalidi-civili-2-mesi-per-ogni-anno-di-lavoro_230720\/","name":"Bonus invalidi civili contributi in pi\u00f9 per ogni anno di lavoro","isPartOf":{"@id":"https:\/\/www.adirai.it\/#website"},"datePublished":"2020-07-23T11:11:00+00:00","dateModified":"2020-07-23T11:14:16+00:00","description":"Contributi aggiuntivi per invalidi civili per permettere di congedarsi prima dal proprio posto di lavoro: Ecco come si fa per andare in pensione","breadcrumb":{"@id":"https:\/\/www.adirai.it\/economia\/bonus-contributivo-invalidi-civili-2-mesi-per-ogni-anno-di-lavoro_230720\/#breadcrumb"},"inLanguage":"it-IT","potentialAction":[{"@type":"ReadAction","target":["https:\/\/www.adirai.it\/economia\/bonus-contributivo-invalidi-civili-2-mesi-per-ogni-anno-di-lavoro_230720\/"]}]},{"@type":"BreadcrumbList","@id":"https:\/\/www.adirai.it\/economia\/bonus-contributivo-invalidi-civili-2-mesi-per-ogni-anno-di-lavoro_230720\/#breadcrumb","itemListElement":[{"@type":"ListItem","position":1,"name":"Home","item":"https:\/\/www.adirai.it\/"},{"@type":"ListItem","position":2,"name":"Bonus invalidi civili: pi\u00f9 2 mesi di contributi per ogni anno di lavoro"}]},{"@type":"WebSite","@id":"https:\/\/www.adirai.it\/#website","url":"https:\/\/www.adirai.it\/","name":"Adirai Notizie","description":"","publisher":{"@id":"https:\/\/www.adirai.it\/#organization"},"potentialAction":[{"@type":"SearchAction","target":{"@type":"EntryPoint","urlTemplate":"https:\/\/www.adirai.it\/?s={search_term_string}"},"query-input":"required name=search_term_string"}],"inLanguage":"it-IT"},{"@type":"Organization","@id":"https:\/\/www.adirai.it\/#organization","name":"Adirai Notizie","url":"https:\/\/www.adirai.it\/","logo":{"@type":"ImageObject","inLanguage":"it-IT","@id":"https:\/\/www.adirai.it\/#\/schema\/logo\/image\/","url":"https:\/\/www.adirai.it\/media\/2019\/08\/adirai-logo.jpg","contentUrl":"https:\/\/www.adirai.it\/media\/2019\/08\/adirai-logo.jpg","width":600,"height":600,"caption":"Adirai Notizie"},"image":{"@id":"https:\/\/www.adirai.it\/#\/schema\/logo\/image\/"},"sameAs":["https:\/\/twitter.com\/AdiraiIt"]},{"@type":"Person","@id":"https:\/\/www.adirai.it\/#\/schema\/person\/c2e689ea05604dcd582e7ad50aa88fbf","name":"Adirai Italia","image":{"@type":"ImageObject","inLanguage":"it-IT","@id":"https:\/\/www.adirai.it\/#\/schema\/person\/image\/","url":"https:\/\/secure.gravatar.com\/avatar\/3c627bf49b0852afc4d80303835b7d40?s=96&d=mm&r=g","contentUrl":"https:\/\/secure.gravatar.com\/avatar\/3c627bf49b0852afc4d80303835b7d40?s=96&d=mm&r=g","caption":"Adirai Italia"}}]}},"post_mailing_queue_ids":[],"_links":{"self":[{"href":"https:\/\/www.adirai.it\/api\/wp\/v2\/posts\/19354"}],"collection":[{"href":"https:\/\/www.adirai.it\/api\/wp\/v2\/posts"}],"about":[{"href":"https:\/\/www.adirai.it\/api\/wp\/v2\/types\/post"}],"author":[{"embeddable":true,"href":"https:\/\/www.adirai.it\/api\/wp\/v2\/users\/1"}],"replies":[{"embeddable":true,"href":"https:\/\/www.adirai.it\/api\/wp\/v2\/comments?post=19354"}],"version-history":[{"count":0,"href":"https:\/\/www.adirai.it\/api\/wp\/v2\/posts\/19354\/revisions"}],"wp:featuredmedia":[{"embeddable":true,"href":"https:\/\/www.adirai.it\/api\/wp\/v2\/media\/19386"}],"wp:attachment":[{"href":"https:\/\/www.adirai.it\/api\/wp\/v2\/media?parent=19354"}],"wp:term":[{"taxonomy":"category","embeddable":true,"href":"https:\/\/www.adirai.it\/api\/wp\/v2\/categories?post=19354"},{"taxonomy":"post_tag","embeddable":true,"href":"https:\/\/www.adirai.it\/api\/wp\/v2\/tags?post=19354"}],"curies":[{"name":"wp","href":"https:\/\/api.w.org\/{rel}","templated":true}]}}