{"id":17835,"date":"2020-05-31T19:23:32","date_gmt":"2020-05-31T17:23:32","guid":{"rendered":"https:\/\/www.adirai.it\/?p=17835"},"modified":"2020-06-04T16:23:29","modified_gmt":"2020-06-04T14:23:29","slug":"riforma-pensioni-mes-abolire-quota-100-un-favore-per-unione-europea","status":"publish","type":"post","link":"https:\/\/www.adirai.it\/economia\/pensioni\/riforma-pensioni-mes-abolire-quota-100-un-favore-per-unione-europea\/","title":{"rendered":"Riforma pensioni e MES, abolire quota 100 per fare un favore all&#8217;UE"},"content":{"rendered":"\n<p>Ultime notizie su <strong>Riforma pensioni 2020 e MES<\/strong>, cosa c&#8217;entrano l&#8217;uno con l&#8217;altro \u00e8 presto detto dai signori che liquidano <strong>quota 100<\/strong> in favore di un po&#8217; di qualche briciola dall&#8217;UE. L&#8217;ultima idea ridicola degli economisti italiani &#8220;<strong>abolire Quota 100<\/strong>&#8221; perch\u00e9 &#8220;<strong>rassicurerebbe i mercati<\/strong>&#8220;, l&#8217;Ue ci concederebbe pi\u00f9 volentieri il Mes. In questo articolo, non adatto ai deboli di cuore, assicuriamo parole di giustizia per le persone messe a rischio dalle intenzioni molto discutibili su <strong>Quota 100<\/strong>. Matteo Salvini, uno degli ideatori e grande sostenitore e difensore delle <strong>pensioni Quota 100<\/strong>, \u00e8 citato da <em>Il Foglio<\/em> &#8220;<em>Salvini meglio processarlo su Quota 100<\/em>&#8220;. Ora parliamone.<\/p>\n\n\n\n\n\n\n\n<figure class=\"wp-block-image size-large imgpost\"><img decoding=\"async\" loading=\"lazy\" width=\"735\" height=\"413\" src=\"https:\/\/www.adirai.it\/media\/2020\/05\/riforma-pensioni-quota-100-italia-olanda-735x413.jpg\" alt=\"riforma pensioni quota 100 italia olanda\" class=\"wp-image-17847\" srcset=\"https:\/\/www.adirai.it\/media\/2020\/05\/riforma-pensioni-quota-100-italia-olanda-735x413.jpg 735w, https:\/\/www.adirai.it\/media\/2020\/05\/riforma-pensioni-quota-100-italia-olanda-300x169.jpg 300w, https:\/\/www.adirai.it\/media\/2020\/05\/riforma-pensioni-quota-100-italia-olanda-768x432.jpg 768w, https:\/\/www.adirai.it\/media\/2020\/05\/riforma-pensioni-quota-100-italia-olanda-1536x864.jpg 1536w, https:\/\/www.adirai.it\/media\/2020\/05\/riforma-pensioni-quota-100-italia-olanda-220x124.jpg 220w, https:\/\/www.adirai.it\/media\/2020\/05\/riforma-pensioni-quota-100-italia-olanda-360x203.jpg 360w, https:\/\/www.adirai.it\/media\/2020\/05\/riforma-pensioni-quota-100-italia-olanda-160x90.jpg 160w, https:\/\/www.adirai.it\/media\/2020\/05\/riforma-pensioni-quota-100-italia-olanda.jpg 1600w\" sizes=\"(max-width: 735px) 100vw, 735px\" \/><\/figure>\n\n\n\n<p><strong><em>Ultime News riforma pensioni e MES<\/em><\/strong> &#8211; Premesso che: <strong>E&#8217; vergognoso<\/strong> che ai piani alti pensino soltanto a fare i lecchini con olandesi e tedeschi mentre per le strade i cittadini italiani muoiono di Covid o di fame. Ed <strong>\u00e8 vergognoso<\/strong> anche che quegli stessi cittadini stiano in silenzio a nutrirsi di sole, aria e frottole (raccontante anche male, per l&#8217;appunto).<\/p>\n\n\n\n<h2>Riforma pensioni 2020 per favorire i creditori del MES<\/h2>\n\n\n\n<p><strong><em>News riforma pensioni e MES<\/em><\/strong> &#8211; I <strong>creditori del MES<\/strong> e dell&#8217;Europa Snob non sono certo interessati ai poveri pensionati italiani e alla loro sussistenza. Agli <strong>olandesi, finlandesi, tedeschi<\/strong> e altri di quelle parti, interessano soltanto le proprie tasche, e quindi vogliono <strong>spremere l&#8217;Italia fino all&#8217;ultimo grammo<\/strong>. E possibilmente, quando gli italiani saranno talmente pochi, deboli e sconfitti, l&#8217;Europa Bene vorrebbe anche appropriarsene e guadagnarci senza limitazioni. E&#8217; ovvio tutto questo se si prova a <strong>guardare il contesto europeo da una prospettiva pi\u00f9 ampia<\/strong>.<\/p>\n\n\n\n<p><strong><em>News riforma pensioni e MES<\/em><\/strong> &#8211; <span style=\"text-decoration: underline;\"><span style=\"text-decoration: underline;\" class=\"ek-underline\"><strong>Il vero problema<\/strong><\/span><\/span> \u00e8 che i nostri politici ed economisti pi\u00f9 alti in grado invece di avere a cuore gli italiani o il nostro amato Paese (che indiscutibilmente ha un immenso valore sotto diversi punti di vista)&#8230; Beh, loro si preoccupano solo di aggiustarsi agli occhi dei rottweiler dell&#8217;UE. Ma allora <strong>chi cavolo \u00e8 che si preoccupa dei nostri nonni<\/strong> e dei loro coetanei? <strong><em>Gli anziani non hanno le forze per scendere in piazza a manifestare<\/em><\/strong>, soprattutto in questo periodo in cui uscire \u00e8 pericoloso per la loro fragile salute. <strong><em>Ed \u00e8 proprio questo il motivo per cui gli economisti e il governo li dimenticano sempre!<\/em><\/strong> Ma noi no, noi non ci dimentichiamo di nessuno.<\/p>\n\n\n\n<h2>Abolire quota 100 per rassicurare i mercati<\/h2>\n\n\n\n<p><strong><em>News riforma pensioni e MES<\/em><\/strong> &#8211; Leggiamo le ultime notizie in tema riforma pensioni e MES su <em>Pensioni per tutti<\/em>:<\/p>\n\n\n\n<blockquote class=\"wp-block-quote\"><p>Faranno certamente discutere le&nbsp;<strong>ultime notizie sulla&nbsp;riforma pensioni<\/strong> che abbiamo avuto modo di leggere su un editoriale a firma redazione apparso su &#8216;<em>Il Foglio<\/em>&#8216;&nbsp;in cui si&nbsp;<strong>critica aspramente quota 100.<\/strong>&nbsp;Nel pezzo dal titolo:&nbsp;<em>&#8220;Salvini meglio processarlo su quota 100&#8221;<\/em> si fa notare come&nbsp;<strong>se questa misura<\/strong>, che&nbsp;<strong>Maurizio Stirpe di Confindustria<\/strong>&nbsp;ha definito \u2018<strong>un\u2019aggressione alla previdenza pubblica<\/strong>,\u2019&nbsp;<strong>venisse abolita sarebbe pi\u00f9 facile rassicurare i mercati.<\/strong><\/p><cite>Pensioni per tutti<\/cite><\/blockquote>\n\n\n\n<p><strong><em>News riforma pensioni e MES<\/em><\/strong> &#8211; E aggiungono, &#8220;secondo chi scrive l&#8217;editoriale&#8221;:<\/p>\n\n\n\n<blockquote class=\"wp-block-quote\"><p>&#8220;Quando l\u2019Italia potr\u00e0 accedere al Recovery fund, e magari alla quota del Mes &#8220;senza Troika&#8221;, si tratter\u00e0 di mostrare ai creditori alcune cose piuttosto ovvie: <strong>che l\u2019eventuale credito Mes andr\u00e0 effettivamente alla sanit\u00e0, alla ricerca e alle misure di sicurezza<\/strong>, che i&nbsp;<strong>miliardi per la ripresa verranno investiti per rilanciare il paese e non per coprire buchi elettorali di cassa<\/strong>&#8220;.<\/p><cite>Il Foglio<\/cite><\/blockquote>\n\n\n\n<p><strong><em>News riforma pensioni e MES<\/em><\/strong> &#8211; In pratica per &#8220;buchi elettorali di cassa&#8221; s&#8217;intende Quota 100. E subito appare chiaro che questo tizio NON ha affatto un nonno di 61 anni appena licenziato perch\u00e9 la sua azienda ha chiuso e che l&#8217;anno prossimo non potr\u00e0 andare in pensione anticipata. Subito appare chiaro che chi ha scritto non ha nemmeno provato a pensare a una condizione simile. E la terza cosa chiara \u00e8 decisamente che questo tizio si manger\u00e0 le mani quando avr\u00e0 62 anni e gli mancher\u00e0 pi\u00f9 o meno un decennio per andare in pensione.<\/p>\n\n\n\n<p><strong><em>News riforma pensioni e MES<\/em><\/strong> &#8211; Ma l&#8217;articolo drammatico continua:<\/p>\n\n\n\n<blockquote class=\"wp-block-quote\"><p>&#8220;<strong>la via pi\u00f9 semplice per l&#8217;autore dell&#8217;editoriale<\/strong>&nbsp;&#8211; de Il Foglio &#8211; al fine di convincere i mercati potrebbe essere: &#8220;<strong>Abbandonare quota 100<\/strong>&#8220;, in quanto questo gesto di azione diretta sull&#8217;attuale riforma pensioni &#8220;<em>sarebbe di per s\u00e9 in&nbsp;<strong>grado di rassicurare i mercati prima ancora che Bruxelles.<\/strong>&nbsp;Basta non presentarla come &#8216;ce lo chiede l\u2019Europa<\/em>&#8216;&#8221;<\/p><cite><em>Pensioni per tutti<\/em> cita <em>Il Foglio<\/em><\/cite><\/blockquote>\n\n\n\n<p><strong><em>News riforma pensioni e MES<\/em><\/strong> &#8211; E allora bravi, rassicurate i mercati e Bruxelles, queste sono le cose davvero importanti, vero? <strong>Non<\/strong> gli sfollati d&#8217;Italia, <strong>non<\/strong> i pensionati che non arrivano al giorno 2 del mese (piuttosto che a fine mese), <strong>non<\/strong> i nipoti che vivranno nonni infelici e disoccupati crescendo insicuri del domani.<\/p>\n\n\n\n<p><strong><em>News riforma pensioni e MES<\/em><\/strong> &#8211; Si preoccupano dell&#8217;Europa loro&#8230; si preoccupa <strong>dell&#8217;Europa<\/strong> il vicepresidente di Confindustria che invece dovrebbe pensare agli italiani! PRIMA GLI ITALIANI, lo dice Salvini ma cavolo, \u00e8 un concetto giusto no? A quanto pare suggeriscono di <strong>no<\/strong>.<\/p>\n\n\n\n<h2>Il punto sulla Riforma Pensioni<\/h2>\n\n\n\n<p><strong><em>News riforma pensioni e MES<\/em><\/strong> &#8211; Siete arrivati a leggere fino a qui e ancora vi chiedete &#8220;<strong>ma quindi qual \u00e8 la notizia sulla riforma pensioni?<\/strong>&#8221; Ebbene la notizia \u00e8 che se continuiamo cos\u00ec non ci sar\u00e0 pi\u00f9 alcuna riforma pensioni, solo abolizioni su briciole e briciole su abolizioni. Quando aboliranno tutte le misure che permettono la sussistenza del popolo e non doneranno pi\u00f9 neanche le briciole, poi FORSE ne riparleremo in piazza: mentre il nostro Paese sar\u00e0 gi\u00e0 un cumulo di macerie inutili e bisogner\u00e0 ricostruire.<\/p>\n\n\n\n<p><strong>CONDIVIDI le news su riforma pensioni<\/strong>.<\/p>\n","protected":false},"excerpt":{"rendered":"<p>Ultime notizie su Riforma pensioni 2020 e MES, cosa c&#8217;entrano l&#8217;uno con l&#8217;altro \u00e8 presto detto dai signori che liquidano quota 100 in favore di un po&#8217; di qualche briciola dall&#8217;UE. L&#8217;ultima idea ridicola degli economisti italiani &#8220;abolire Quota 100&#8221; perch\u00e9 &#8220;rassicurerebbe i mercati&#8220;, l&#8217;Ue ci concederebbe pi\u00f9 volentieri il Mes. In questo articolo, non [&hellip;]<\/p>\n","protected":false},"author":2,"featured_media":17847,"comment_status":"closed","ping_status":"closed","sticky":false,"template":"","format":"standard","meta":[],"categories":[3,246],"tags":[935,1031,670,274,442,671,273,52],"yoast_head":"<title>Riforma pensioni e MES, abolire quota 100 per favorire l&#039;UE<\/title>\n<meta name=\"description\" content=\"E&#039; vergognoso che ai piani alti pensino soltanto a fare i lecchini con olandesi e tedeschi mentre per le strade i cittadini italiani muoiono di Covid o di fame\" \/>\n<meta name=\"robots\" content=\"index, follow, max-snippet:-1, max-image-preview:large, max-video-preview:-1\" \/>\n<link rel=\"canonical\" href=\"https:\/\/www.adirai.it\/economia\/pensioni\/riforma-pensioni-mes-abolire-quota-100-un-favore-per-unione-europea\/\" \/>\n<meta property=\"og:locale\" content=\"it_IT\" \/>\n<meta property=\"og:type\" content=\"article\" \/>\n<meta property=\"og:title\" content=\"Riforma pensioni e MES, abolire quota 100 per favorire l&#039;UE\" \/>\n<meta property=\"og:description\" content=\"E&#039; vergognoso che ai piani alti pensino soltanto a fare i lecchini con olandesi e tedeschi mentre per le strade i cittadini italiani muoiono di Covid o di fame\" \/>\n<meta property=\"og:url\" content=\"https:\/\/www.adirai.it\/economia\/pensioni\/riforma-pensioni-mes-abolire-quota-100-un-favore-per-unione-europea\/\" \/>\n<meta property=\"og:site_name\" content=\"Adirai Notizie\" \/>\n<meta property=\"article:published_time\" content=\"2020-05-31T17:23:32+00:00\" \/>\n<meta property=\"article:modified_time\" content=\"2020-06-04T14:23:29+00:00\" \/>\n<meta property=\"og:image\" content=\"https:\/\/www.adirai.it\/media\/2020\/05\/riforma-pensioni-quota-100-italia-olanda.jpg\" \/>\n\t<meta property=\"og:image:width\" content=\"1600\" \/>\n\t<meta property=\"og:image:height\" content=\"900\" \/>\n\t<meta property=\"og:image:type\" content=\"image\/jpeg\" \/>\n<meta name=\"author\" content=\"Adirai Italia\" \/>\n<meta name=\"twitter:card\" content=\"summary_large_image\" \/>\n<meta name=\"twitter:creator\" content=\"@AdiraiIt\" \/>\n<meta name=\"twitter:site\" content=\"@AdiraiIt\" \/>\n<meta name=\"twitter:label1\" content=\"Scritto da\" \/>\n\t<meta name=\"twitter:data1\" content=\"Adirai Italia\" \/>\n\t<meta name=\"twitter:label2\" content=\"Tempo di lettura stimato\" \/>\n\t<meta name=\"twitter:data2\" content=\"5 minuti\" \/>","yoast_head_json":{"title":"Riforma pensioni e MES, abolire quota 100 per favorire l'UE","description":"E' vergognoso che ai piani alti pensino soltanto a fare i lecchini con olandesi e tedeschi mentre per le strade i cittadini italiani muoiono di Covid o di fame","robots":{"index":"index","follow":"follow","max-snippet":"max-snippet:-1","max-image-preview":"max-image-preview:large","max-video-preview":"max-video-preview:-1"},"canonical":"https:\/\/www.adirai.it\/economia\/pensioni\/riforma-pensioni-mes-abolire-quota-100-un-favore-per-unione-europea\/","og_locale":"it_IT","og_type":"article","og_title":"Riforma pensioni e MES, abolire quota 100 per favorire l'UE","og_description":"E' vergognoso che ai piani alti pensino soltanto a fare i lecchini con olandesi e tedeschi mentre per le strade i cittadini italiani muoiono di Covid o di fame","og_url":"https:\/\/www.adirai.it\/economia\/pensioni\/riforma-pensioni-mes-abolire-quota-100-un-favore-per-unione-europea\/","og_site_name":"Adirai Notizie","article_published_time":"2020-05-31T17:23:32+00:00","article_modified_time":"2020-06-04T14:23:29+00:00","og_image":[{"width":1600,"height":900,"url":"https:\/\/www.adirai.it\/media\/2020\/05\/riforma-pensioni-quota-100-italia-olanda.jpg","type":"image\/jpeg"}],"author":"Adirai Italia","twitter_card":"summary_large_image","twitter_creator":"@AdiraiIt","twitter_site":"@AdiraiIt","twitter_misc":{"Scritto da":"Adirai Italia","Tempo di lettura stimato":"5 minuti"},"schema":{"@context":"https:\/\/schema.org","@graph":[{"@type":"Article","@id":"https:\/\/www.adirai.it\/economia\/pensioni\/riforma-pensioni-mes-abolire-quota-100-un-favore-per-unione-europea\/#article","isPartOf":{"@id":"https:\/\/www.adirai.it\/economia\/pensioni\/riforma-pensioni-mes-abolire-quota-100-un-favore-per-unione-europea\/"},"author":{"name":"Adirai Italia","@id":"https:\/\/www.adirai.it\/#\/schema\/person\/a5f58f133c7b98c534f588d596d78734"},"headline":"Riforma pensioni e MES, abolire quota 100 per fare un favore all&#8217;UE","datePublished":"2020-05-31T17:23:32+00:00","dateModified":"2020-06-04T14:23:29+00:00","mainEntityOfPage":{"@id":"https:\/\/www.adirai.it\/economia\/pensioni\/riforma-pensioni-mes-abolire-quota-100-un-favore-per-unione-europea\/"},"wordCount":938,"publisher":{"@id":"https:\/\/www.adirai.it\/#organization"},"keywords":["Pensionamento Ultime Notizie","Pensioni per tutti","Pensioni Quota 100","Quota 100","Riforma Pensioni","Riforma Pensioni ultime Notizie","Ultime News Pensioni","Unione Europea"],"articleSection":["Economia","News Pensioni"],"inLanguage":"it-IT"},{"@type":"WebPage","@id":"https:\/\/www.adirai.it\/economia\/pensioni\/riforma-pensioni-mes-abolire-quota-100-un-favore-per-unione-europea\/","url":"https:\/\/www.adirai.it\/economia\/pensioni\/riforma-pensioni-mes-abolire-quota-100-un-favore-per-unione-europea\/","name":"Riforma pensioni e MES, abolire quota 100 per favorire l'UE","isPartOf":{"@id":"https:\/\/www.adirai.it\/#website"},"datePublished":"2020-05-31T17:23:32+00:00","dateModified":"2020-06-04T14:23:29+00:00","description":"E' vergognoso che ai piani alti pensino soltanto a fare i lecchini con olandesi e tedeschi mentre per le strade i cittadini italiani muoiono di Covid o di fame","breadcrumb":{"@id":"https:\/\/www.adirai.it\/economia\/pensioni\/riforma-pensioni-mes-abolire-quota-100-un-favore-per-unione-europea\/#breadcrumb"},"inLanguage":"it-IT","potentialAction":[{"@type":"ReadAction","target":["https:\/\/www.adirai.it\/economia\/pensioni\/riforma-pensioni-mes-abolire-quota-100-un-favore-per-unione-europea\/"]}]},{"@type":"BreadcrumbList","@id":"https:\/\/www.adirai.it\/economia\/pensioni\/riforma-pensioni-mes-abolire-quota-100-un-favore-per-unione-europea\/#breadcrumb","itemListElement":[{"@type":"ListItem","position":1,"name":"Home","item":"https:\/\/www.adirai.it\/"},{"@type":"ListItem","position":2,"name":"Riforma pensioni e MES, abolire quota 100 per fare un favore all&#8217;UE"}]},{"@type":"WebSite","@id":"https:\/\/www.adirai.it\/#website","url":"https:\/\/www.adirai.it\/","name":"Adirai Notizie","description":"","publisher":{"@id":"https:\/\/www.adirai.it\/#organization"},"potentialAction":[{"@type":"SearchAction","target":{"@type":"EntryPoint","urlTemplate":"https:\/\/www.adirai.it\/?s={search_term_string}"},"query-input":"required name=search_term_string"}],"inLanguage":"it-IT"},{"@type":"Organization","@id":"https:\/\/www.adirai.it\/#organization","name":"Adirai Notizie","url":"https:\/\/www.adirai.it\/","logo":{"@type":"ImageObject","inLanguage":"it-IT","@id":"https:\/\/www.adirai.it\/#\/schema\/logo\/image\/","url":"https:\/\/www.adirai.it\/media\/2019\/08\/adirai-logo.jpg","contentUrl":"https:\/\/www.adirai.it\/media\/2019\/08\/adirai-logo.jpg","width":600,"height":600,"caption":"Adirai Notizie"},"image":{"@id":"https:\/\/www.adirai.it\/#\/schema\/logo\/image\/"},"sameAs":["https:\/\/twitter.com\/AdiraiIt"]},{"@type":"Person","@id":"https:\/\/www.adirai.it\/#\/schema\/person\/a5f58f133c7b98c534f588d596d78734","name":"Adirai Italia","image":{"@type":"ImageObject","inLanguage":"it-IT","@id":"https:\/\/www.adirai.it\/#\/schema\/person\/image\/","url":"https:\/\/secure.gravatar.com\/avatar\/6b3b05aeab69cd7245f16ead3dd76a3d?s=96&d=mm&r=g","contentUrl":"https:\/\/secure.gravatar.com\/avatar\/6b3b05aeab69cd7245f16ead3dd76a3d?s=96&d=mm&r=g","caption":"Adirai Italia"},"sameAs":["https:\/\/www.adirai.it\/"]}]}},"post_mailing_queue_ids":[],"_links":{"self":[{"href":"https:\/\/www.adirai.it\/api\/wp\/v2\/posts\/17835"}],"collection":[{"href":"https:\/\/www.adirai.it\/api\/wp\/v2\/posts"}],"about":[{"href":"https:\/\/www.adirai.it\/api\/wp\/v2\/types\/post"}],"author":[{"embeddable":true,"href":"https:\/\/www.adirai.it\/api\/wp\/v2\/users\/2"}],"replies":[{"embeddable":true,"href":"https:\/\/www.adirai.it\/api\/wp\/v2\/comments?post=17835"}],"version-history":[{"count":0,"href":"https:\/\/www.adirai.it\/api\/wp\/v2\/posts\/17835\/revisions"}],"wp:featuredmedia":[{"embeddable":true,"href":"https:\/\/www.adirai.it\/api\/wp\/v2\/media\/17847"}],"wp:attachment":[{"href":"https:\/\/www.adirai.it\/api\/wp\/v2\/media?parent=17835"}],"wp:term":[{"taxonomy":"category","embeddable":true,"href":"https:\/\/www.adirai.it\/api\/wp\/v2\/categories?post=17835"},{"taxonomy":"post_tag","embeddable":true,"href":"https:\/\/www.adirai.it\/api\/wp\/v2\/tags?post=17835"}],"curies":[{"name":"wp","href":"https:\/\/api.w.org\/{rel}","templated":true}]}}