{"id":16599,"date":"2020-05-01T15:46:41","date_gmt":"2020-05-01T13:46:41","guid":{"rendered":"https:\/\/www.adirai.it\/?p=16599"},"modified":"2020-05-01T15:46:43","modified_gmt":"2020-05-01T13:46:43","slug":"primo-maggio-conte-scuse-agli-italiani-ma-li-lascia-al-verde","status":"publish","type":"post","link":"https:\/\/www.adirai.it\/politica\/primo-maggio-conte-scuse-agli-italiani-ma-li-lascia-al-verde\/","title":{"rendered":"Primo maggio, Conte: Scuse agli italiani ma li lascia al verde"},"content":{"rendered":"\n<p>Oggi \u00e8 il <strong>Primo maggio<\/strong>, perdonate l&#8217;ovviet\u00e0 ma serviva perch\u00e9 oggi <strong>il premier Giuseppe Conte festeggia chiedendo scusa ai lavoratori italiani<\/strong>. Il premier Conte sceglie la <strong>Festa dei Lavoratori<\/strong> per scusarsi dei ritardi del <strong>bonus 600 euro<\/strong>, della <strong>CIG<\/strong> ai dipendenti e <strong>liquidit\u00e0 alle Partite IVA<\/strong>. E noi rispondiamo cos\u00ec a quest&#8217;ulteriore presa per il cu*o: &#8220;<em>Dacci i SOLDI che le SCUSE non ce le possiamo MANGIARE!<\/em>&#8221; Ci sembra il minimo da dire. Il <em>Primo maggio<\/em> <strong>Conte chiede scusa agli italiani ma li lascia al verde<\/strong> continuando sulla linea di &#8220;<em>So tutto io e voi non siete niente<\/em>&#8221; ma c&#8217;\u00e8 di pi\u00f9.<\/p>\n\n\n\n\n\n\n\n<figure class=\"wp-block-image size-large imgpost\"><img decoding=\"async\" loading=\"lazy\" width=\"735\" height=\"413\" src=\"https:\/\/www.adirai.it\/media\/2020\/05\/primo-maggio-conte-scuse-ai-lavoratori-735x413.jpg\" alt=\"primo maggio conte scuse ai lavoratori\" class=\"wp-image-16600\" srcset=\"https:\/\/www.adirai.it\/media\/2020\/05\/primo-maggio-conte-scuse-ai-lavoratori-735x413.jpg 735w, https:\/\/www.adirai.it\/media\/2020\/05\/primo-maggio-conte-scuse-ai-lavoratori-300x169.jpg 300w, https:\/\/www.adirai.it\/media\/2020\/05\/primo-maggio-conte-scuse-ai-lavoratori-768x432.jpg 768w, https:\/\/www.adirai.it\/media\/2020\/05\/primo-maggio-conte-scuse-ai-lavoratori-1536x864.jpg 1536w, https:\/\/www.adirai.it\/media\/2020\/05\/primo-maggio-conte-scuse-ai-lavoratori-220x124.jpg 220w, https:\/\/www.adirai.it\/media\/2020\/05\/primo-maggio-conte-scuse-ai-lavoratori-360x203.jpg 360w, https:\/\/www.adirai.it\/media\/2020\/05\/primo-maggio-conte-scuse-ai-lavoratori-160x90.jpg 160w, https:\/\/www.adirai.it\/media\/2020\/05\/primo-maggio-conte-scuse-ai-lavoratori.jpg 1600w\" sizes=\"(max-width: 735px) 100vw, 735px\" \/><\/figure>\n\n\n\n<h2>Primo maggio, Conte chiede scusa ai lavoratori<\/h2>\n\n\n\n<p>&#8220;Il mondo del lavoro \u00e8 messo a dura prova. Tanti vivono con ansia e preoccupazione questa emergenza, fra attivit\u00e0 chiuse e prospettive di lavoro a rischio. Ho letto alcune vostre lettere, ho provato a vestire i vostri panni e ne ho avvertito tutto il peso. Non far\u00f2 finta di non sentire i vostri consigli, le sollecitazioni, la vostra rabbia ed angoscia. Non cadono nel vuoto, non sono parole al vento. Sono piuttosto il vento che spinge pi\u00f9 forte l\u2019azione del Governo. Credo sia l\u2019unico modo per onorare questo giorno, questo 1 maggio.&#8221; Scrive il premier Conte su Twitter chiedendo scusa agli italiani.<\/p>\n\n\n\n<p><em>Libero Quotidiano<\/em> scrive &#8220;Fuori tempo massimo, ma\u00a0<strong>almeno sono scuse<\/strong>&#8220;, peccato che siamo umani non topi e non ci nutriamo di sole briciole. Le scuse di Conte a noi suonano come una doppia presa per il cu*o nella certezza che lo sia davvero, visto e considerato che fanno sempre cos\u00ec.<\/p>\n\n\n\n<h2>Festa dei Lavoratori, le risposte degli italiani a Conte<\/h2>\n\n\n\n<p><em>Il Curatore<\/em> su Twitter commenta: &#8220;A noi non interessano i tuoi pensieri dolci, <strong>vogliamo azioni concrete per le imprese ed i lavoratori<\/strong>!! Se no fuori dai cogli*ni!!!! Conte dimettiti&#8221;.<\/p>\n\n\n\n<p><em>Pippo Lombardo<\/em>, un uomo italiano invece scrive esasperato: &#8220;Se ne ha avvertito il peso sar\u00e0 gi\u00e0 schiacciato! <strong>Poca fiducia negli italiani<\/strong>, si vergogni!&#8221;<\/p>\n\n\n\n<p>Un certo Sarn Grey invece cita il premier e lo riporta con i piedi per terra: &#8220;\u201c..a vestire i vostri panni\u201d dici. No! <strong>Prova a stare senza soldi per 3 mesi<\/strong>. Questo devi fare. Cazzaro!!&#8221;. E con questo commento possiamo facilmente rispondere a chi dice invece &#8220;<em>Grazie Presidente<\/em>&#8220;.<\/p>\n\n\n\n<p>La verit\u00e0 \u00e8 che <strong>le parole non portano pane a casa<\/strong>, e chi \u00e8 costretto a mangiare alla Caritas da oggi dopo una vita di sacrifici per la propria azienda lo sa. Tutti gli altri invece &#8220;<em>Bravo Presidente<\/em>&#8220;.<\/p>\n\n\n\n<p><em>Franco1908<\/em> ad esempio risponde al premier con praticit\u00e0: &#8220;<strong>Aspetto con ansia la cassa integrazione di marzo e aprile<\/strong> clown&#8221;.<\/p>\n\n\n\n<h2>Primo Maggio, Conte chiede scusa ma non funziona pi\u00f9<\/h2>\n\n\n\n<p>Gli italiani sono incazzati \u00e8 inutile nasconderlo e fare finta che va tutto bene, che abbiamo tutti i mutui e gli affitti sospesi, che abbiamo tutti un gruzzolino da parte per fare la spesa altri due mesi. Conte chiede scusa ai lavoratori italiani ma non funziona pi\u00f9, sono tutti incazzati.<\/p>\n\n\n\n<p>Purtroppo sappiamo che non basta palesare questa situazione per risolverla, ma sopratutto adesso che siamo tutti barricati in casa, che altro si pu\u00f2 fare? Tuttavia, sappiamo che un giorno, tra 3 giorni o tra 3 anni questa storia del distanziamento sociale finir\u00e0, il Coronavirus sar\u00e0 sconfitto e tutti noi potremo riprenderci quello che \u00e8 nostro: la libert\u00e0 e la sovranit\u00e0 della Repubblica Italiana.<\/p>\n\n\n\n<p><strong>CONDIVIDI.<\/strong><\/p>\n","protected":false},"excerpt":{"rendered":"<p>Oggi \u00e8 il Primo maggio, perdonate l&#8217;ovviet\u00e0 ma serviva perch\u00e9 oggi il premier Giuseppe Conte festeggia chiedendo scusa ai lavoratori italiani. Il premier Conte sceglie la Festa dei Lavoratori per scusarsi dei ritardi del bonus 600 euro, della CIG ai dipendenti e liquidit\u00e0 alle Partite IVA. E noi rispondiamo cos\u00ec a quest&#8217;ulteriore presa per il [&hellip;]<\/p>\n","protected":false},"author":2,"featured_media":16600,"comment_status":"closed","ping_status":"closed","sticky":false,"template":"","format":"standard","meta":[],"categories":[2],"tags":[997,15,653,129,696,998],"yoast_head":"<title>Primo maggio, Conte: Scuse agli italiani ma li lascia al verde<\/title>\n<meta name=\"description\" content=\"Conte chiede scusa agli italiani ma sono tutti incazzati e gli rispondono a tono, le scuse dei ritardi non ci servono e non ci danno da mangiare\" \/>\n<meta name=\"robots\" content=\"index, follow, max-snippet:-1, max-image-preview:large, max-video-preview:-1\" \/>\n<link rel=\"canonical\" href=\"https:\/\/www.adirai.it\/politica\/primo-maggio-conte-scuse-agli-italiani-ma-li-lascia-al-verde\/\" \/>\n<meta property=\"og:locale\" content=\"it_IT\" \/>\n<meta property=\"og:type\" content=\"article\" \/>\n<meta property=\"og:title\" content=\"Primo maggio, Conte: Scuse agli italiani ma li lascia al verde\" \/>\n<meta property=\"og:description\" content=\"Conte chiede scusa agli italiani ma sono tutti incazzati e gli rispondono a tono, le scuse dei ritardi non ci servono e non ci danno da mangiare\" \/>\n<meta property=\"og:url\" content=\"https:\/\/www.adirai.it\/politica\/primo-maggio-conte-scuse-agli-italiani-ma-li-lascia-al-verde\/\" \/>\n<meta property=\"og:site_name\" content=\"Adirai Notizie\" \/>\n<meta property=\"article:published_time\" content=\"2020-05-01T13:46:41+00:00\" \/>\n<meta property=\"article:modified_time\" content=\"2020-05-01T13:46:43+00:00\" \/>\n<meta property=\"og:image\" content=\"https:\/\/www.adirai.it\/media\/2020\/05\/primo-maggio-conte-scuse-ai-lavoratori.jpg\" \/>\n\t<meta property=\"og:image:width\" content=\"1600\" \/>\n\t<meta property=\"og:image:height\" content=\"900\" \/>\n\t<meta property=\"og:image:type\" content=\"image\/jpeg\" \/>\n<meta name=\"author\" content=\"Adirai Italia\" \/>\n<meta name=\"twitter:card\" content=\"summary_large_image\" \/>\n<meta name=\"twitter:creator\" content=\"@AdiraiIt\" \/>\n<meta name=\"twitter:site\" content=\"@AdiraiIt\" \/>\n<meta name=\"twitter:label1\" content=\"Scritto da\" \/>\n\t<meta name=\"twitter:data1\" content=\"Adirai Italia\" \/>\n\t<meta name=\"twitter:label2\" content=\"Tempo di lettura stimato\" \/>\n\t<meta name=\"twitter:data2\" content=\"3 minuti\" \/>","yoast_head_json":{"title":"Primo maggio, Conte: Scuse agli italiani ma li lascia al verde","description":"Conte chiede scusa agli italiani ma sono tutti incazzati e gli rispondono a tono, le scuse dei ritardi non ci servono e non ci danno da mangiare","robots":{"index":"index","follow":"follow","max-snippet":"max-snippet:-1","max-image-preview":"max-image-preview:large","max-video-preview":"max-video-preview:-1"},"canonical":"https:\/\/www.adirai.it\/politica\/primo-maggio-conte-scuse-agli-italiani-ma-li-lascia-al-verde\/","og_locale":"it_IT","og_type":"article","og_title":"Primo maggio, Conte: Scuse agli italiani ma li lascia al verde","og_description":"Conte chiede scusa agli italiani ma sono tutti incazzati e gli rispondono a tono, le scuse dei ritardi non ci servono e non ci danno da mangiare","og_url":"https:\/\/www.adirai.it\/politica\/primo-maggio-conte-scuse-agli-italiani-ma-li-lascia-al-verde\/","og_site_name":"Adirai Notizie","article_published_time":"2020-05-01T13:46:41+00:00","article_modified_time":"2020-05-01T13:46:43+00:00","og_image":[{"width":1600,"height":900,"url":"https:\/\/www.adirai.it\/media\/2020\/05\/primo-maggio-conte-scuse-ai-lavoratori.jpg","type":"image\/jpeg"}],"author":"Adirai Italia","twitter_card":"summary_large_image","twitter_creator":"@AdiraiIt","twitter_site":"@AdiraiIt","twitter_misc":{"Scritto da":"Adirai Italia","Tempo di lettura stimato":"3 minuti"},"schema":{"@context":"https:\/\/schema.org","@graph":[{"@type":"Article","@id":"https:\/\/www.adirai.it\/politica\/primo-maggio-conte-scuse-agli-italiani-ma-li-lascia-al-verde\/#article","isPartOf":{"@id":"https:\/\/www.adirai.it\/politica\/primo-maggio-conte-scuse-agli-italiani-ma-li-lascia-al-verde\/"},"author":{"name":"Adirai Italia","@id":"https:\/\/www.adirai.it\/#\/schema\/person\/a5f58f133c7b98c534f588d596d78734"},"headline":"Primo maggio, Conte: Scuse agli italiani ma li lascia al verde","datePublished":"2020-05-01T13:46:41+00:00","dateModified":"2020-05-01T13:46:43+00:00","mainEntityOfPage":{"@id":"https:\/\/www.adirai.it\/politica\/primo-maggio-conte-scuse-agli-italiani-ma-li-lascia-al-verde\/"},"wordCount":557,"publisher":{"@id":"https:\/\/www.adirai.it\/#organization"},"keywords":["Festa del Lavoro","Giuseppe Conte","Governo Conte","Lavoro","Premier Conte","Primo Maggio"],"articleSection":["Politica"],"inLanguage":"it-IT"},{"@type":"WebPage","@id":"https:\/\/www.adirai.it\/politica\/primo-maggio-conte-scuse-agli-italiani-ma-li-lascia-al-verde\/","url":"https:\/\/www.adirai.it\/politica\/primo-maggio-conte-scuse-agli-italiani-ma-li-lascia-al-verde\/","name":"Primo maggio, Conte: Scuse agli italiani ma li lascia al verde","isPartOf":{"@id":"https:\/\/www.adirai.it\/#website"},"datePublished":"2020-05-01T13:46:41+00:00","dateModified":"2020-05-01T13:46:43+00:00","description":"Conte chiede scusa agli italiani ma sono tutti incazzati e gli rispondono a tono, le scuse dei ritardi non ci servono e non ci danno da mangiare","breadcrumb":{"@id":"https:\/\/www.adirai.it\/politica\/primo-maggio-conte-scuse-agli-italiani-ma-li-lascia-al-verde\/#breadcrumb"},"inLanguage":"it-IT","potentialAction":[{"@type":"ReadAction","target":["https:\/\/www.adirai.it\/politica\/primo-maggio-conte-scuse-agli-italiani-ma-li-lascia-al-verde\/"]}]},{"@type":"BreadcrumbList","@id":"https:\/\/www.adirai.it\/politica\/primo-maggio-conte-scuse-agli-italiani-ma-li-lascia-al-verde\/#breadcrumb","itemListElement":[{"@type":"ListItem","position":1,"name":"Home","item":"https:\/\/www.adirai.it\/"},{"@type":"ListItem","position":2,"name":"Primo maggio, Conte: Scuse agli italiani ma li lascia al verde"}]},{"@type":"WebSite","@id":"https:\/\/www.adirai.it\/#website","url":"https:\/\/www.adirai.it\/","name":"Adirai Notizie","description":"","publisher":{"@id":"https:\/\/www.adirai.it\/#organization"},"potentialAction":[{"@type":"SearchAction","target":{"@type":"EntryPoint","urlTemplate":"https:\/\/www.adirai.it\/?s={search_term_string}"},"query-input":"required name=search_term_string"}],"inLanguage":"it-IT"},{"@type":"Organization","@id":"https:\/\/www.adirai.it\/#organization","name":"Adirai Notizie","url":"https:\/\/www.adirai.it\/","logo":{"@type":"ImageObject","inLanguage":"it-IT","@id":"https:\/\/www.adirai.it\/#\/schema\/logo\/image\/","url":"https:\/\/www.adirai.it\/media\/2019\/08\/adirai-logo.jpg","contentUrl":"https:\/\/www.adirai.it\/media\/2019\/08\/adirai-logo.jpg","width":600,"height":600,"caption":"Adirai Notizie"},"image":{"@id":"https:\/\/www.adirai.it\/#\/schema\/logo\/image\/"},"sameAs":["https:\/\/twitter.com\/AdiraiIt"]},{"@type":"Person","@id":"https:\/\/www.adirai.it\/#\/schema\/person\/a5f58f133c7b98c534f588d596d78734","name":"Adirai Italia","image":{"@type":"ImageObject","inLanguage":"it-IT","@id":"https:\/\/www.adirai.it\/#\/schema\/person\/image\/","url":"https:\/\/secure.gravatar.com\/avatar\/6b3b05aeab69cd7245f16ead3dd76a3d?s=96&d=mm&r=g","contentUrl":"https:\/\/secure.gravatar.com\/avatar\/6b3b05aeab69cd7245f16ead3dd76a3d?s=96&d=mm&r=g","caption":"Adirai Italia"},"sameAs":["https:\/\/www.adirai.it\/"]}]}},"post_mailing_queue_ids":[],"_links":{"self":[{"href":"https:\/\/www.adirai.it\/api\/wp\/v2\/posts\/16599"}],"collection":[{"href":"https:\/\/www.adirai.it\/api\/wp\/v2\/posts"}],"about":[{"href":"https:\/\/www.adirai.it\/api\/wp\/v2\/types\/post"}],"author":[{"embeddable":true,"href":"https:\/\/www.adirai.it\/api\/wp\/v2\/users\/2"}],"replies":[{"embeddable":true,"href":"https:\/\/www.adirai.it\/api\/wp\/v2\/comments?post=16599"}],"version-history":[{"count":0,"href":"https:\/\/www.adirai.it\/api\/wp\/v2\/posts\/16599\/revisions"}],"wp:featuredmedia":[{"embeddable":true,"href":"https:\/\/www.adirai.it\/api\/wp\/v2\/media\/16600"}],"wp:attachment":[{"href":"https:\/\/www.adirai.it\/api\/wp\/v2\/media?parent=16599"}],"wp:term":[{"taxonomy":"category","embeddable":true,"href":"https:\/\/www.adirai.it\/api\/wp\/v2\/categories?post=16599"},{"taxonomy":"post_tag","embeddable":true,"href":"https:\/\/www.adirai.it\/api\/wp\/v2\/tags?post=16599"}],"curies":[{"name":"wp","href":"https:\/\/api.w.org\/{rel}","templated":true}]}}