{"id":16403,"date":"2020-04-25T17:09:35","date_gmt":"2020-04-25T15:09:35","guid":{"rendered":"https:\/\/www.adirai.it\/?p=16403"},"modified":"2020-04-25T17:09:39","modified_gmt":"2020-04-25T15:09:39","slug":"partite-iva-via-ai-controlli-del-fisco-dal-1-giugno-2020","status":"publish","type":"post","link":"https:\/\/www.adirai.it\/economia\/partite-iva-via-ai-controlli-del-fisco-dal-1-giugno-2020\/","title":{"rendered":"Partite IVA, il via ai Controlli del Fisco dal 1\u00b0 giugno 2020"},"content":{"rendered":"\n<p><strong>Partite IVA, i controlli a tappeto<\/strong> dell\u2019Agenzia delle Entrate riprenderanno dal <strong>1 giugno 2020<\/strong>, \u00e8 previsto l&#8217;invio di oltre 8 milioni di atti, fonti certe. <strong>L&#8217;annuncio arriva dal direttore Agenzia delle Entrate Ernesto Maria Ruffini<\/strong> durante l&#8217;audizione in commissione Finanze alla Camera il 22\u00a0aprile. <strong>Noi di Adirai<\/strong> per\u00f2 non ce la prendiamo con il direttore dell&#8217;Agenzia delle Entrate, perch\u00e9 la colpa \u00e8 di qualcun altro, qualcuno tipo <strong>il Premier<\/strong>. Il <strong>Decreto Cura Italia<\/strong> ha cancellato la proroga di due anni ai termini per effettuare gli accertamenti, perci\u00f2 l&#8217;Agenzia delle Entrate far\u00e0 i controlli. Cerchiamo di capire insieme <strong>cosa accadr\u00e0<\/strong>, ma soprattutto <strong>che cavolo ha combinato il premier Giuseppe Conte mentre NOI STIAMO A CASA<\/strong>.<\/p>\n\n\n\n<figure class=\"wp-block-image size-full imgpost\"><img decoding=\"async\" loading=\"lazy\" width=\"1200\" height=\"675\" src=\"https:\/\/www.adirai.it\/media\/2020\/04\/partite-iva-controlli-fisco-decreto-cura-italia-conte.jpg\" alt=\"partite iva controlli fisco decreto cura italia conte\" class=\"wp-image-16411\" srcset=\"https:\/\/www.adirai.it\/media\/2020\/04\/partite-iva-controlli-fisco-decreto-cura-italia-conte.jpg 1200w, https:\/\/www.adirai.it\/media\/2020\/04\/partite-iva-controlli-fisco-decreto-cura-italia-conte-300x169.jpg 300w, https:\/\/www.adirai.it\/media\/2020\/04\/partite-iva-controlli-fisco-decreto-cura-italia-conte-720x405.jpg 720w, https:\/\/www.adirai.it\/media\/2020\/04\/partite-iva-controlli-fisco-decreto-cura-italia-conte-768x432.jpg 768w, https:\/\/www.adirai.it\/media\/2020\/04\/partite-iva-controlli-fisco-decreto-cura-italia-conte-220x124.jpg 220w, https:\/\/www.adirai.it\/media\/2020\/04\/partite-iva-controlli-fisco-decreto-cura-italia-conte-360x203.jpg 360w, https:\/\/www.adirai.it\/media\/2020\/04\/partite-iva-controlli-fisco-decreto-cura-italia-conte-160x90.jpg 160w\" sizes=\"(max-width: 1200px) 100vw, 1200px\" \/><\/figure>\n\n\n\n\n\n\n\n<h2>Partite Iva, l&#8217;Agenzia delle Entrate riprende i controlli dal 1\u00b0 giugno 2020<\/h2>\n\n\n\n<p><strong><em>Partite Iva, Agenzia delle Entrate far\u00e0 controlli a tappeto grazie al Decreto Cura Italia<\/em><\/strong>. Per chiudere il suo discorso in commissione Finanze alla Camera, <strong>Ernesto Maria Ruffini<\/strong> ha dato una notizia che ha lasciato le <strong>partite IVA<\/strong> di stucco: <strong>I controlli dell&#8217;Agenzia delle Entrate riprenderanno dal 1\u00b0 giugno 2020<\/strong>, in molti sono caduti dalle nuvole. Anche noi siamo caduti dalle nuvole e come tanti altri ci siamo chiesti; <strong>Perch\u00e9 ANCHE nel peggior momento dalla seconda guerra mondiale a oggi lo Stato pensa solo a farci sborsare tutti i nostri spiccioli?<\/strong> Senza un briciolo di cuore per chi ha perso il titolare, membri del suo staff, un intero mese di guadagni in cambio di un intero mese di spese. Spese come la <a href=\"https:\/\/www.adirai.it\/economia\/cassa-integrazione-coronavirus-quando-arriva-importo-percentuale-durata-e-ferie-inps_220420\/\" class=\"ek-link\">CIG anticipata<\/a> dai datori di lavoro visto che lo Stato ancora non \u00e8 stato capace di inviare i fondi stanziati alle aziende.<\/p>\n\n\n\n<h2>Partite Iva, tutta colpa del Decreto Cura Italia di Giuseppe Conte<\/h2>\n\n\n\n<p><strong><em>Partite Iva, Agenzia delle Entrate far\u00e0 controlli a tappeto grazie al Decreto Cura Italia<\/em><\/strong>. Dopo l&#8217;idea del PD di rifilarci la patrimoniale iniziano a uscire allo scoperto <strong>le magagne dei DPCM Conte<\/strong>, prima tra tutte questa. <strong>L&#8217;Agenzia delle Entrate pu\u00f2 riprendere i controlli dal 1\u00b0 giugno 2020 per via della cancellazione della proroga di due anni sui termini di accertamento concessa dal decreto Cura Italia.<\/strong> Si trattava di una proroga utile solo ai contribuenti, ma ovviamente l&#8217;Agenzia delle Entrate non ha bisogno di proroghe:<\/p>\n\n\n\n<blockquote class=\"wp-block-quote\"><p>Non \u00e8 un termine di cui noi abbiamo bisogno per la nostra operativit\u00e0.<\/p><cite>Ernesto Maria Ruffini &#8211; Direttore Agenzia delle Entrate<\/cite><\/blockquote>\n\n\n\n<p>E si \u00e8 subito detta disponibile a inviare oltre 8 milioni di atti. &#8220;Il fatto &#8211; continua Ruffini &#8211; \u00e8 che manca un provvedimento normativo che consenta di non pagare gli\u00a0<strong>atti notificati prima<\/strong>\u00a0dell&#8217;inizio di questo periodo di grave crisi&#8221;. Le partite IVA quindi dovranno prepararsi a un\u00a0<strong>giugno da incubo<\/strong>: <em>A giugno ripartiranno i versamenti<\/em> (la\u00a0proroga dei versamenti di aprile e maggio\u00a0del decreto Liquidit\u00e0 ha spostato la scadenza al 30\u00a0giugno) <em>e inizieranno anche gli accertamenti dell&#8217;Agenzia delle Entrate<\/em>.<\/p>\n\n\n\n<h3>Entro fine 2020 tutti gli atti di Riscossione saranno inviati ai contribuenti<\/h3>\n\n\n\n<p><strong><em>Partite Iva, Agenzia delle Entrate far\u00e0 controlli a tappeto grazie al Decreto Cura Italia<\/em><\/strong>. Nella\u00a0<a rel=\"noreferrer noopener\" href=\"https:\/\/www.agenziaentrate.gov.it\/portale\/documents\/20143\/232968\/Audizione+Ruffini+22+aprile+2020+AdE+AdER.pdf\/169a3c59-a004-8a95-2112-ae98a088d52b\" target=\"_blank\">relazione<\/a>\u00a0che Ernesto Maria Ruffini ha letto durante l\u2019Audizione in Commissione Finanze e attivit\u00e0 produttive della Camera svoltasi il 22\u00a0aprile 2020 c\u2019\u00e8 scritto:<\/p>\n\n\n\n<blockquote class=\"wp-block-quote\"><p>Ad inizio giugno, anche l\u2019Agenzia delle Entrate-Riscossione dovr\u00e0 riprendere le attivit\u00e0. Si render\u00e0 innanzitutto necessario [&#8230;] produrre e avviare al processo di notifica le cartelle di pagamento relative ai ruoli consegnati dagli enti creditori nei mesi di febbraio e marzo 2020 (circa 3 milioni). Analogamente andr\u00e0 ripreso l\u2019invio, attualmente sospeso fino al 31\u00a0maggio 2020, degli altri atti di riscossione, ovvero quelli necessari all\u2019interruzione dei termini di prescrizione (circa 1,6 milioni di avvisi di intimazione) e quelli propriamente riferiti alle azioni di recupero, esecutive o cautelari (circa 875 mila atti). [&#8230;] A questi volumi si aggiungeranno le cartelle di pagamento relative ai ruoli che gli Enti impositori consegneranno nel corso dei mesi di aprile e maggio (circa 2 milioni), nonch\u00e9 quelle dei mesi successivi.<\/p><\/blockquote>\n\n\n\n<p>Insomma,\u00a0<strong>entro fine 2020<\/strong>\u00a0tutti gli\u00a0<strong>atti di accertamento<\/strong>\u00a0saranno consegnati ai contribuenti interessati.<\/p>\n\n\n\n<p>Nessuno si senta escluso, perch\u00e9 dovete sapere che si prevede un anno proprio nero per tutti. Quando un&#8217;azienda \u00e8 in difficolt\u00e0 almeno altre 10 persone oltre al titolare ne soffrono.<\/p>\n\n\n\n<p><strong>CONDIVIDI.<\/strong><\/p>\n","protected":false},"excerpt":{"rendered":"<p>Partite IVA, i controlli a tappeto dell\u2019Agenzia delle Entrate riprenderanno dal 1 giugno 2020, \u00e8 previsto l&#8217;invio di oltre 8 milioni di atti, fonti certe. L&#8217;annuncio arriva dal direttore Agenzia delle Entrate Ernesto Maria Ruffini durante l&#8217;audizione in commissione Finanze alla Camera il 22\u00a0aprile. Noi di Adirai per\u00f2 non ce la prendiamo con il direttore [&hellip;]<\/p>\n","protected":false},"author":2,"featured_media":16411,"comment_status":"closed","ping_status":"closed","sticky":false,"template":"","format":"standard","meta":[],"categories":[3],"tags":[552,966,145,652,15,687],"yoast_head":"<title>Partite IVA, il via ai Controlli del Fisco dal 1\u00b0 giugno 2020<\/title>\n<meta name=\"description\" content=\"L&#039;Italia crede che il peggio sia passato ma l&#039;economia italiana pu\u00f2 fare di peggio e lo far\u00e0, grazie a una triste manovra governativa nascosta\" \/>\n<meta name=\"robots\" content=\"index, follow, max-snippet:-1, max-image-preview:large, max-video-preview:-1\" \/>\n<link rel=\"canonical\" href=\"https:\/\/www.adirai.it\/economia\/partite-iva-via-ai-controlli-del-fisco-dal-1-giugno-2020\/\" \/>\n<meta property=\"og:locale\" content=\"it_IT\" \/>\n<meta property=\"og:type\" content=\"article\" \/>\n<meta property=\"og:title\" content=\"Partite IVA, il via ai Controlli del Fisco dal 1\u00b0 giugno 2020\" \/>\n<meta property=\"og:description\" content=\"L&#039;Italia crede che il peggio sia passato ma l&#039;economia italiana pu\u00f2 fare di peggio e lo far\u00e0, grazie a una triste manovra governativa nascosta\" \/>\n<meta property=\"og:url\" content=\"https:\/\/www.adirai.it\/economia\/partite-iva-via-ai-controlli-del-fisco-dal-1-giugno-2020\/\" \/>\n<meta property=\"og:site_name\" content=\"Adirai Notizie\" \/>\n<meta property=\"article:published_time\" content=\"2020-04-25T15:09:35+00:00\" \/>\n<meta property=\"article:modified_time\" content=\"2020-04-25T15:09:39+00:00\" \/>\n<meta property=\"og:image\" content=\"https:\/\/www.adirai.it\/media\/2020\/04\/partite-iva-controlli-fisco-decreto-cura-italia-conte.jpg\" \/>\n\t<meta property=\"og:image:width\" content=\"1200\" \/>\n\t<meta property=\"og:image:height\" content=\"675\" \/>\n\t<meta property=\"og:image:type\" content=\"image\/jpeg\" \/>\n<meta name=\"author\" content=\"Adirai Italia\" \/>\n<meta name=\"twitter:card\" content=\"summary_large_image\" \/>\n<meta name=\"twitter:creator\" content=\"@AdiraiIt\" \/>\n<meta name=\"twitter:site\" content=\"@AdiraiIt\" \/>\n<meta name=\"twitter:label1\" content=\"Scritto da\" \/>\n\t<meta name=\"twitter:data1\" content=\"Adirai Italia\" \/>\n\t<meta name=\"twitter:label2\" content=\"Tempo di lettura stimato\" \/>\n\t<meta name=\"twitter:data2\" content=\"3 minuti\" \/>","yoast_head_json":{"title":"Partite IVA, il via ai Controlli del Fisco dal 1\u00b0 giugno 2020","description":"L'Italia crede che il peggio sia passato ma l'economia italiana pu\u00f2 fare di peggio e lo far\u00e0, grazie a una triste manovra governativa nascosta","robots":{"index":"index","follow":"follow","max-snippet":"max-snippet:-1","max-image-preview":"max-image-preview:large","max-video-preview":"max-video-preview:-1"},"canonical":"https:\/\/www.adirai.it\/economia\/partite-iva-via-ai-controlli-del-fisco-dal-1-giugno-2020\/","og_locale":"it_IT","og_type":"article","og_title":"Partite IVA, il via ai Controlli del Fisco dal 1\u00b0 giugno 2020","og_description":"L'Italia crede che il peggio sia passato ma l'economia italiana pu\u00f2 fare di peggio e lo far\u00e0, grazie a una triste manovra governativa nascosta","og_url":"https:\/\/www.adirai.it\/economia\/partite-iva-via-ai-controlli-del-fisco-dal-1-giugno-2020\/","og_site_name":"Adirai Notizie","article_published_time":"2020-04-25T15:09:35+00:00","article_modified_time":"2020-04-25T15:09:39+00:00","og_image":[{"width":1200,"height":675,"url":"https:\/\/www.adirai.it\/media\/2020\/04\/partite-iva-controlli-fisco-decreto-cura-italia-conte.jpg","type":"image\/jpeg"}],"author":"Adirai Italia","twitter_card":"summary_large_image","twitter_creator":"@AdiraiIt","twitter_site":"@AdiraiIt","twitter_misc":{"Scritto da":"Adirai Italia","Tempo di lettura stimato":"3 minuti"},"schema":{"@context":"https:\/\/schema.org","@graph":[{"@type":"Article","@id":"https:\/\/www.adirai.it\/economia\/partite-iva-via-ai-controlli-del-fisco-dal-1-giugno-2020\/#article","isPartOf":{"@id":"https:\/\/www.adirai.it\/economia\/partite-iva-via-ai-controlli-del-fisco-dal-1-giugno-2020\/"},"author":{"name":"Adirai Italia","@id":"https:\/\/www.adirai.it\/#\/schema\/person\/a5f58f133c7b98c534f588d596d78734"},"headline":"Partite IVA, il via ai Controlli del Fisco dal 1\u00b0 giugno 2020","datePublished":"2020-04-25T15:09:35+00:00","dateModified":"2020-04-25T15:09:39+00:00","mainEntityOfPage":{"@id":"https:\/\/www.adirai.it\/economia\/partite-iva-via-ai-controlli-del-fisco-dal-1-giugno-2020\/"},"wordCount":684,"publisher":{"@id":"https:\/\/www.adirai.it\/#organization"},"keywords":["Agenzia delle Entrate","Decreto Salva Economia","Economia Italiana","Fisco italiano","Giuseppe Conte","Partita IVA"],"articleSection":["Economia"],"inLanguage":"it-IT"},{"@type":"WebPage","@id":"https:\/\/www.adirai.it\/economia\/partite-iva-via-ai-controlli-del-fisco-dal-1-giugno-2020\/","url":"https:\/\/www.adirai.it\/economia\/partite-iva-via-ai-controlli-del-fisco-dal-1-giugno-2020\/","name":"Partite IVA, il via ai Controlli del Fisco dal 1\u00b0 giugno 2020","isPartOf":{"@id":"https:\/\/www.adirai.it\/#website"},"datePublished":"2020-04-25T15:09:35+00:00","dateModified":"2020-04-25T15:09:39+00:00","description":"L'Italia crede che il peggio sia passato ma l'economia italiana pu\u00f2 fare di peggio e lo far\u00e0, grazie a una triste manovra governativa nascosta","breadcrumb":{"@id":"https:\/\/www.adirai.it\/economia\/partite-iva-via-ai-controlli-del-fisco-dal-1-giugno-2020\/#breadcrumb"},"inLanguage":"it-IT","potentialAction":[{"@type":"ReadAction","target":["https:\/\/www.adirai.it\/economia\/partite-iva-via-ai-controlli-del-fisco-dal-1-giugno-2020\/"]}]},{"@type":"BreadcrumbList","@id":"https:\/\/www.adirai.it\/economia\/partite-iva-via-ai-controlli-del-fisco-dal-1-giugno-2020\/#breadcrumb","itemListElement":[{"@type":"ListItem","position":1,"name":"Home","item":"https:\/\/www.adirai.it\/"},{"@type":"ListItem","position":2,"name":"Partite IVA, il via ai Controlli del Fisco dal 1\u00b0 giugno 2020"}]},{"@type":"WebSite","@id":"https:\/\/www.adirai.it\/#website","url":"https:\/\/www.adirai.it\/","name":"Adirai Notizie","description":"","publisher":{"@id":"https:\/\/www.adirai.it\/#organization"},"potentialAction":[{"@type":"SearchAction","target":{"@type":"EntryPoint","urlTemplate":"https:\/\/www.adirai.it\/?s={search_term_string}"},"query-input":"required name=search_term_string"}],"inLanguage":"it-IT"},{"@type":"Organization","@id":"https:\/\/www.adirai.it\/#organization","name":"Adirai Notizie","url":"https:\/\/www.adirai.it\/","logo":{"@type":"ImageObject","inLanguage":"it-IT","@id":"https:\/\/www.adirai.it\/#\/schema\/logo\/image\/","url":"https:\/\/www.adirai.it\/media\/2019\/08\/adirai-logo.jpg","contentUrl":"https:\/\/www.adirai.it\/media\/2019\/08\/adirai-logo.jpg","width":600,"height":600,"caption":"Adirai Notizie"},"image":{"@id":"https:\/\/www.adirai.it\/#\/schema\/logo\/image\/"},"sameAs":["https:\/\/twitter.com\/AdiraiIt"]},{"@type":"Person","@id":"https:\/\/www.adirai.it\/#\/schema\/person\/a5f58f133c7b98c534f588d596d78734","name":"Adirai Italia","image":{"@type":"ImageObject","inLanguage":"it-IT","@id":"https:\/\/www.adirai.it\/#\/schema\/person\/image\/","url":"https:\/\/secure.gravatar.com\/avatar\/6b3b05aeab69cd7245f16ead3dd76a3d?s=96&d=mm&r=g","contentUrl":"https:\/\/secure.gravatar.com\/avatar\/6b3b05aeab69cd7245f16ead3dd76a3d?s=96&d=mm&r=g","caption":"Adirai Italia"},"sameAs":["https:\/\/www.adirai.it\/"]}]}},"post_mailing_queue_ids":[],"_links":{"self":[{"href":"https:\/\/www.adirai.it\/api\/wp\/v2\/posts\/16403"}],"collection":[{"href":"https:\/\/www.adirai.it\/api\/wp\/v2\/posts"}],"about":[{"href":"https:\/\/www.adirai.it\/api\/wp\/v2\/types\/post"}],"author":[{"embeddable":true,"href":"https:\/\/www.adirai.it\/api\/wp\/v2\/users\/2"}],"replies":[{"embeddable":true,"href":"https:\/\/www.adirai.it\/api\/wp\/v2\/comments?post=16403"}],"version-history":[{"count":0,"href":"https:\/\/www.adirai.it\/api\/wp\/v2\/posts\/16403\/revisions"}],"wp:featuredmedia":[{"embeddable":true,"href":"https:\/\/www.adirai.it\/api\/wp\/v2\/media\/16411"}],"wp:attachment":[{"href":"https:\/\/www.adirai.it\/api\/wp\/v2\/media?parent=16403"}],"wp:term":[{"taxonomy":"category","embeddable":true,"href":"https:\/\/www.adirai.it\/api\/wp\/v2\/categories?post=16403"},{"taxonomy":"post_tag","embeddable":true,"href":"https:\/\/www.adirai.it\/api\/wp\/v2\/tags?post=16403"}],"curies":[{"name":"wp","href":"https:\/\/api.w.org\/{rel}","templated":true}]}}