{"id":145673,"date":"2023-09-21T11:48:00","date_gmt":"2023-09-21T09:48:00","guid":{"rendered":"https:\/\/www.adirai.it\/?p=145673"},"modified":"2023-09-21T11:48:00","modified_gmt":"2023-09-21T09:48:00","slug":"ultimi-sondaggi-politici-elettorali-21-settembre-2023-swg-la7","status":"publish","type":"post","link":"https:\/\/www.adirai.it\/politica\/sondaggi-politici\/ultimi-sondaggi-politici-elettorali-21-settembre-2023-swg-la7\/","title":{"rendered":"Ultimi Sondaggi Politici 21 settembre 2023 ultimissimi da SWG per La7"},"content":{"rendered":"\n<p><strong>Ultimi Sondaggi politici <strong>SWG per La7<\/strong> di oggi 21 settembre 2023<\/strong>: vediamo come sono cambiati i sondaggi politici nell&#8217;ultimo periodo in base ai dati dell&#8217;istituto demoscopico <strong>SWG per La7<\/strong>. Ecco nel dettaglio gli ultimissimi sondaggi politici elettorali <strong><strong>SWG per La7<\/strong><\/strong> al 21\/09\/23 oggi, <strong>partito per partito<\/strong> viste le ultime novit\u00e0. Gli ultimissimi Sondaggi politici elettorali <strong><strong>SWG per La7<\/strong><\/strong> ad oggi, rilevati fino al <strong>21 settembre 2023<\/strong>, ecco gli ultimissimi dati statistici. Le <em>intenzioni di voto di oggi<\/em> degli italiani partito per partito al 21\/09\/23, orientamenti di tutti i partiti: dai partiti di sinistra a quelli del centrodestra.<\/p>\n\n\n\n\n\n\n\n<figure class=\"wp-block-image size-full is-resized imgpost\"><img decoding=\"async\" loading=\"lazy\" src=\"https:\/\/www.adirai.it\/media\/2023\/06\/ultimissimi-sondaggi-politici-elettorali.jpg\" alt=\"ultimissimi sondaggi politici elettorali\" class=\"wp-image-138071\" width=\"800\" height=\"450\" srcset=\"https:\/\/www.adirai.it\/media\/2023\/06\/ultimissimi-sondaggi-politici-elettorali.jpg 1600w, https:\/\/www.adirai.it\/media\/2023\/06\/ultimissimi-sondaggi-politici-elettorali-360x203.jpg 360w, https:\/\/www.adirai.it\/media\/2023\/06\/ultimissimi-sondaggi-politici-elettorali-736x414.jpg 736w, https:\/\/www.adirai.it\/media\/2023\/06\/ultimissimi-sondaggi-politici-elettorali-768x432.jpg 768w, https:\/\/www.adirai.it\/media\/2023\/06\/ultimissimi-sondaggi-politici-elettorali-1536x864.jpg 1536w, https:\/\/www.adirai.it\/media\/2023\/06\/ultimissimi-sondaggi-politici-elettorali-300x169.jpg 300w\" sizes=\"(max-width: 800px) 100vw, 800px\" \/><\/figure>\n\n\n\n<h2 id=\"sondaggi-politici-elettorali-oggi-25-maggio-2022-intenzioni-di-voto-termometro-politico\">Sondaggi politici elettorali oggi 21 settembre 2023 &#8211; Intenzioni di voto SWG per La7<\/h2>\n\n\n\n<p><em><strong><em><strong>ULTIMISSIMI SONDAGGI POLITICI ELETTORALI<\/strong><\/em> \u2013<\/strong><\/em> Gli <em>ultimi sondaggi politici elettorali<\/em> <strong>SWG per La7<\/strong> mostrano i trend delle intenzioni di voto degli italiani oggi. I sondaggi elettorali ultimo minuto <strong>SWG per La7<\/strong> riassumono l&#8217;orientamento di voto oggi 21 settembre 2023. Nel dettaglio, questa tabella indica le <strong>intenzioni di voto degli italiani ad oggi<\/strong> in base alle <em><strong>ultime rilevazioni<\/strong><\/em>:<\/p>\n\n\n\n<p><em>I seguenti dati sono aggiornati alle rilevazioni del 11 settembre 2023 e il trend \u00e8 risultante dal confronto con le rilevazioni del 4 settembre 2023.<\/em><\/p>\n\n\n\n<figure class=\"wp-block-table caption-align-center is-style-stripes table_width_margin_auto imgpost\"><table class=\"has-fixed-layout\"><thead><tr><th class=\"has-text-align-center\" data-align=\"center\">Partito politico<\/th><th class=\"has-text-align-center\" data-align=\"center\">Intenzioni di voto (%)<\/th><th class=\"has-text-align-center\" data-align=\"center\">Trend (%)<\/th><\/tr><\/thead><tbody><tr><td class=\"has-text-align-center\" data-align=\"center\">Fratelli d&#8217;Italia<\/td><td class=\"has-text-align-center\" data-align=\"center\">28.5<\/td><td class=\"has-text-align-center\" data-align=\"center\">+0.3<\/td><\/tr><tr><td class=\"has-text-align-center\" data-align=\"center\">Partito Democratico<\/td><td class=\"has-text-align-center\" data-align=\"center\">19.7<\/td><td class=\"has-text-align-center\" data-align=\"center\">-0.4<\/td><\/tr><tr><td class=\"has-text-align-center\" data-align=\"center\">Movimento 5 stelle<\/td><td class=\"has-text-align-center\" data-align=\"center\">17.4<\/td><td class=\"has-text-align-center\" data-align=\"center\">+0.5<\/td><\/tr><tr><td class=\"has-text-align-center\" data-align=\"center\">Lega<\/td><td class=\"has-text-align-center\" data-align=\"center\">9.6<\/td><td class=\"has-text-align-center\" data-align=\"center\">+0.2<\/td><\/tr><tr><td class=\"has-text-align-center\" data-align=\"center\">Forza Italia<\/td><td class=\"has-text-align-center\" data-align=\"center\">6.4<\/td><td class=\"has-text-align-center\" data-align=\"center\">=<\/td><\/tr><tr><td class=\"has-text-align-center\" data-align=\"center\">Azione<\/td><td class=\"has-text-align-center\" data-align=\"center\">3.8<\/td><td class=\"has-text-align-center\" data-align=\"center\">+0.3<\/td><\/tr><tr><td class=\"has-text-align-center\" data-align=\"center\">Verdi e Sinistra<\/td><td class=\"has-text-align-center\" data-align=\"center\">3.3<\/td><td class=\"has-text-align-center\" data-align=\"center\">=<\/td><\/tr><tr><td class=\"has-text-align-center\" data-align=\"center\">+Europa<\/td><td class=\"has-text-align-center\" data-align=\"center\">2.7<\/td><td class=\"has-text-align-center\" data-align=\"center\">+0.1<\/td><\/tr><tr><td class=\"has-text-align-center\" data-align=\"center\">Italia Viva<\/td><td class=\"has-text-align-center\" data-align=\"center\">2.6<\/td><td class=\"has-text-align-center\" data-align=\"center\">-0.2<\/td><\/tr><tr><td class=\"has-text-align-center\" data-align=\"center\">Per l&#8217;Italia<\/td><td class=\"has-text-align-center\" data-align=\"center\">1.9<\/td><td class=\"has-text-align-center\" data-align=\"center\">-0.3<\/td><\/tr><tr><td class=\"has-text-align-center\" data-align=\"center\">Unione popolare<\/td><td class=\"has-text-align-center\" data-align=\"center\">1.7<\/td><td class=\"has-text-align-center\" data-align=\"center\">-0.2<\/td><\/tr><tr><td class=\"has-text-align-center\" data-align=\"center\">Altre liste<\/td><td class=\"has-text-align-center\" data-align=\"center\">2.4<\/td><td class=\"has-text-align-center\" data-align=\"center\">-0.3<\/td><\/tr><tr><td class=\"has-text-align-center\" data-align=\"center\">Non si esprime<\/td><td class=\"has-text-align-center\" data-align=\"center\">39.0<\/td><td class=\"has-text-align-center\" data-align=\"center\">-1.0<\/td><\/tr><\/tbody><\/table><figcaption class=\"wp-element-caption\">Sondaggi politici SWG per La7 &#8211; ultimissimi sondaggi al 21 settembre 2023<\/figcaption><\/figure>\n\n\n\n<p class=\"has-medium-font-size\">Oltre agli ultimissimi dati delle intenzioni di voto di oggi rivedi gli <a href=\"https:\/\/www.adirai.it\/politica\/sondaggi-politici\/\" class=\"ek-link\">ULTIMI sondaggi politici elettorali in archivio<\/a>.<\/p>\n\n\n\n<h3 id=\"partito-con-il-miglior-trend-nei-sondaggi-ipsos-di-oggi-10-marzo-2022\">Partito con il Miglior trend nei sondaggi SWG per La7 di oggi 21 settembre 2023<\/h3>\n\n\n\n<p><strong><em>ULTIMISSIMI SONDAGGI POLITICI ELETTORALI \u2013<\/em><\/strong> Conquista il titolo di miglior trend <strong>Movimento 5 stelle<\/strong> guadagnando <strong>+0,5<\/strong> in percentuale nelle tendenze secondo gli <strong>ultimissimi sondaggi elettorali ultimo minuto SWG per La7 2023<\/strong>.<\/p>\n\n\n\n<h3>Politica, il libro Bestseller: IL MONDO AL CONTRARIO di Roberto Vannacci<\/h3>\n\n\n\n<blockquote class=\"wp-block-quote\">\n<p>Il titolo la dice lunga sul tenore e sui contenuti di questo libro. \u201c<em>Il Mondo al contrario<\/em>\u201d vuole infatti provocatoriamente rappresentare lo stato d\u2019animo di tutti quelli che, come me, percepiscono negli accadimenti di tutti i giorni una dissonante e fastidiosa tendenza generale che si discosta ampiamente da quello che percepiamo come sentire comune, come logica e razionalit\u00e0. \u201c<em>Cosa c\u2019\u00e8 di strano? Capita a tutti, e spesso<\/em>\u201d \u2013 direte voi. Ma la circostanza anomala \u00e8 rappresentata dal fatto che questo sgradevole sentimento di inadeguatezza non si limita al verificarsi di eventi specifici e circoscritti della nostra vita, a fatti risonanti per quanto limitati, ma pervade la nostra esistenza sino a farci sentire fuori posto, fuori luogo ed anche fuori tempo. Alieni che vagheggiano nel presente avendo l\u2019impressione di non poterne modificare la quotidianit\u00e0 e che vivono in un ambiente governato da abitudini, leggi e principi ben diversi da quelli a cui eravamo abituati.<br><br>Basta aprire quella serratura di sicurezza a cinque mandate che una minoranza di delinquenti ci ha imposto di montare sul nostro portone di casa per inoltrarci in una citt\u00e0 in cui un\u2019altra minoranza di maleducati graffitari imbratta muri e monumenti, sperando poi di non incappare in una manifestazione di un\u2019ulteriore minoranza che, per lottare contro una vaticinata apocalisse climatica e contro i provvedimenti gi\u00e0 presi e stabiliti dalla maggioranza, blocca il traffico e crea disagio all\u2019intera collettivit\u00e0. I dibattiti non parlano che di diritti, soprattutto delle minoranze: di chi asserisce di non trovare lavoro, e deve essere mantenuto dalla moltitudine che il lavoro si \u00e8 data da fare per trovarlo; di chi non pu\u00f2 biologicamente avere figli, ma li pretende; di chi non ha una casa, e allora la occupa abusivamente; di chi ruba nella metropolitana, ma rivendica il diritto alla&nbsp;<em>privacy<\/em>.<a href=\"javascript:void(0)\"><\/a><\/p>\n<cite>La descrizione dell&#8217;autore del <em>libro Bestseller primo classificato per la categoria Politica<\/em> su Amazon: IL MONDO AL CONTRARIO.<\/cite><\/blockquote>\n\n\n\n<p>Questo libro<strong> non \u00e8 stato scelto per il suo orientamento politico<\/strong>, ma solo perch\u00e9 \u00e8 il primo classificato per la categoria Politica su Amazon come Bestseller. <strong>IMPORTANTE<\/strong>: Se acquistate cliccando sugli annunci Amazon che trovate su questo sito <strong>contribuirete a mantenere per sempre l&#8217;informazione libera e gratuita su Adirai<\/strong>, grazie per il vostro importante supporto.<\/p>\n\n\n\n<div class=\"amazons\"><a title=\"IL MONDO AL CONTRARIO Copertina flessibile \u2013 10 agosto 2023\ndi ROBERTO VANNACCI (Autore)\" href=\"https:\/\/amzn.to\/3ZhVCji\" target=\"_blank\" rel=\"noopener noreferrer\"><img decoding=\"async\" src=\"https:\/\/m.media-amazon.com\/images\/I\/61VfPKjuuPL.jpg\">\n<h3>IL MONDO AL CONTRARIO<\/h3>\n<p>Il titolo la dice lunga sul tenore e sui contenuti di questo libro. \u201cIl Mondo al contrario\u201d vuole infatti provocatoriamente rappresentare lo stato d\u2019animo di tutti quelli che, come me, percepiscono negli accadimenti di tutti i giorni una dissonante e fastidiosa tendenza generale che si discosta ampiamente da quello che percepiamo come sentire comune, come logica e razionalit\u00e0.<\/p>\n<div class=\"price\">\u20ac 19,76<\/div>\n<div class=\"pulsante\">Acquista ora<\/div><\/a>\n<\/div>\n\n\n\n<h2>Sondaggi politici elettorali ultimo minuto 21\/09\/23 &#8211; SWG per La7 partito per partito<\/h2>\n\n\n\n<p><em><strong>ULTIMISSIMI SONDAGGI POLITICI ELETTORALI OGGI \u2013<\/strong><\/em> Gli <strong>ultimi sondaggi politici SWG per La7<\/strong> sono usciti oggi e mostrano le statistiche partito per partito. I<strong>\u00a0sondaggi politici SWG per La7<\/strong> di tutti i partiti prendono in esame le tendenze rilevate dall&#8217;istituto demoscopico.<\/p>\n\n\n\n<p>Vediamo quindi in dettaglio gli <strong>ultimi sondaggi politici SWG per La7 aggiornati al 21\/09\/23<\/strong> che rivelano le preferenze degli italiani partito per partito dell&#8217;ultimo periodo.<\/p>\n\n\n\n<p>Oggi riportiamo gli ultimi dati statistici per tutti i partiti:<\/p>\n\n\n<ul>\n<li>\n<p>Lega<\/p>\n<\/li>\n<li>\n<p>Movimento 5 stelle (M5S)<\/p>\n<\/li>\n<li>\n<p>Forza Italia (FI)<\/p>\n<\/li>\n<li>\n<p>Partito Democratico (PD)<\/p>\n<\/li>\n<li>\n<p>Calenda Azione Italia Viva (IV<\/p>\n<\/li>\n<li>\n<p>Fratelli d&#8217;Italia (FdI)<\/p>\n<\/li>\n<li>intenzioni di voto anche dei partiti minori: +Europa, Verdi, Sinistra Italiana, Italexit, Noi moderati, Unione Popolare; tutti i sondaggi.<\/li>\n<\/ul>\n\n\n<h2 id=\"ultimi-sondaggi-politici-elettorali-le-intenzioni-di-voto-degli-italiani-oggi\">Ultimi Sondaggi politici elettorali: le intenzioni di voto degli italiani oggi<\/h2>\n\n\n\n<p><strong>Tutti i Luned\u00ec<\/strong> iniziamo la settimana con una nuova prospettiva degli ultimissimi sondaggi politici realizzati da istituti demoscopici professionali e sempre differenti; <strong>tutti i Venerd\u00ec<\/strong> chiudiamo la settimana con altri sondaggi dell&#8217;ultimo minuto, per dare una visione ancora pi\u00f9 completa del panorama politico. Resta aggiornato, <strong>attiva le notifiche per seguire i Sondaggi tutti i Luned\u00ec e Venerd\u00ec su Adirai<\/strong>, anche di <strong>Mercoled\u00ec<\/strong>. Ci piace pensare che fornendo sondaggi di istituti demoscopici diversi per i nostri lettori sar\u00e0 pi\u00f9 facile avere una <strong>visione d&#8217;insieme imparziale e oggettiva delle intenzioni di voto degli italiani<\/strong>. Recentemente i sondaggi sono sempre di pi\u00f9 quindi inseriremo ulteriori statistiche durante la settimana, preferibilmente di <strong>mercoled\u00ec, sabato e domenica<\/strong>.<\/p>\n\n\n\n<p>Infatti, ecco gli <em>ultimissimi sondaggi politici elettorali ultimo minuto 2023<\/em> pubblicati nelle scorse settimane fino ad oggi, 21 settembre 2023:<\/p>\n\n\n\n<ul>\n<li><a href=\"https:\/\/www.adirai.it\/politica\/sondaggi-politici\/ultimi-sondaggi-politici-elettorali-20-settembre-2023-quorum-youtrend\/\" class=\"ek-link\">mercoled\u00ec 20\/09\/23 ultimissimi sondaggi politici 2023 Quorum Youtrend<\/a><\/li>\n\n\n\n<li><a href=\"https:\/\/www.adirai.it\/politica\/sondaggi-politici\/ultimi-sondaggi-politici-elettorali-19-settembre-2023-tecne\/\" class=\"ek-link\">marted\u00ec 19\/09\/23 ultimi sondaggi elettorali Tecn\u00e8<\/a><\/li>\n\n\n\n<li><a href=\"https:\/\/www.adirai.it\/politica\/sondaggi-politici\/ultimi-sondaggi-politici-elettorali-18-settembre-2023-ipsos\/\" class=\"ek-link\">luned\u00ec 18\/09\/23 ultimi sondaggi politici Ipsos<\/a><\/li>\n\n\n\n<li><a href=\"https:\/\/www.adirai.it\/politica\/sondaggi-politici\/ultimi-sondaggi-politici-elettorali-17-settembre-2023-termometro-politico\/\" class=\"ek-link\">domenica 17\/09\/23 ultimissimi sondaggi politici elettorali 2023 Termometro Politico<\/a><\/li>\n<\/ul>\n\n\n\n<h2>Come si fanno i sondaggi politici?<\/h2>\n\n\n\n<p><strong>I sondaggi politici sono fatti per misurare le opinioni della popolazione su questioni politiche e sui candidati alle elezioni.<\/strong> Vengono effettuati intervistando un campione rappresentativo della popolazione tramite questionari o telefonicamente. I risultati del sondaggio vengono poi analizzati per determinare le tendenze politiche e il supporto per i vari candidati. \u00c8 importante notare che i sondaggi possono avere margini di errore e che i risultati non sono sempre precisi, ma <strong>possono fornire un&#8217;indicazione generale delle opinioni della popolazione<\/strong>.<\/p>\n\n\n\n<h3>Come effettuano i sondaggi gli istituti demoscopici come Index Research, SWG, EMG Different, Piepoli, Ix\u00e8, Euromedia Research, Bidimedia, Tecn\u00e8, Noto, Termometro Politico, Ipsos, Quorum, Youtrend e Demos?<\/h3>\n\n\n\n<p>Qual \u00e8 in particolare il metodo di lavoro degli <strong>istituti demoscopici come Index Research, SWG, EMG Different, Piepoli, Ix\u00e8, Euromedia Research, Bidimedia, Tecn\u00e8, Noto, Termometro Politico, Ipsos, Quorum, Youtrend e Demos?<\/strong><\/p>\n\n\n\n<p>Questi sondaggisti <strong>effettuano sondaggi per conto di clienti<\/strong> che possono includere partiti politici, organizzazioni, media o istituzioni pubbliche. Il loro metodo di lavoro solitamente prevede la <strong>selezione di un campione rappresentativo della popolazione da intervistare tramite questionari o sondaggi telefonici<\/strong>. La selezione del campione viene effettuata utilizzando metodi come la randomizzazione, che garantisce che <strong>ogni persona della popolazione abbia la stessa possibilit\u00e0 di essere inclusa nel sondaggio<\/strong>.<\/p>\n\n\n\n<p>I questionari sono progettati per <strong>raccogliere informazioni sulle opinioni politiche, le preferenze elettorali<\/strong> e altre questioni rilevanti per il cliente. Una volta raccolte le risposte, <strong>i sondaggisti analizzano i dati per determinare le tendenze politiche e il supporto per i vari candidati o questioni politiche<\/strong>. I risultati vengono poi presentati sotto forma di <strong>grafici, tabelle e statistiche<\/strong> e vengono <strong>utilizzati per supportare le decisioni dei clienti e per informare il pubblico su questioni politiche e elettorali<\/strong>.<\/p>\n\n\n\n<p>\u00c8 importante notare che <strong>i sondaggi devono essere condotti in modo equo e imparziale per garantire che i risultati siano affidabili e rappresentativi delle opinioni della popolazione<\/strong>.<\/p>\n\n\n\n<p><strong>CONDIVIDI gli ultimissimi sondaggi politici elettorali ultimo minuto oggi 21\/09\/23.<\/strong><\/p>\n\n\n\n<p><em>Ricordiamo a tutti che i sondaggi restano previsioni statistiche imprecise, per cui vi consigliamo di prendere con le pinze tutti i dati che vi vengono sottoposti e analizzarli a fondo. Non c&#8217;\u00e8 cosa pi\u00f9 bella dello spirito critico, perci\u00f2 usatelo nel valutare questi ed altri sondaggi innanzitutto chiedendovi &#8220;\u00e8 riscontrabile nella realt\u00e0 questa statistica?&#8221;. I giornali potranno darvi le notizie degli istituti demoscopici, ma nulla batte il confronto con la propria realt\u00e0, per quanto piccola sia.<\/em><\/p>\n","protected":false},"excerpt":{"rendered":"<p>Ultimi Sondaggi politici SWG per La7 di oggi 21 settembre 2023: vediamo come sono cambiati i sondaggi politici nell&#8217;ultimo periodo in base ai dati dell&#8217;istituto demoscopico SWG per La7. Ecco nel dettaglio gli ultimissimi sondaggi politici elettorali SWG per La7 al 21\/09\/23 oggi, partito per partito viste le ultime novit\u00e0. Gli ultimissimi Sondaggi politici elettorali [&hellip;]<\/p>\n","protected":false},"author":1,"featured_media":138071,"comment_status":"closed","ping_status":"closed","sticky":false,"template":"","format":"standard","meta":[],"categories":[2,519],"tags":[1396,155,767,261,1239,257,260],"yoast_head":"<title>Ultimi Sondaggi Politici 21 settembre 2023 SWG per La7<\/title>\n<meta name=\"description\" content=\"SONDAGGI POLITICI ELETTORALI 21 settembre 2023 gli ultimissimi sondaggi politici, intenzioni di voto SWG per La7 partito per partito.\" \/>\n<meta name=\"robots\" content=\"index, follow, max-snippet:-1, max-image-preview:large, max-video-preview:-1\" \/>\n<link rel=\"canonical\" href=\"https:\/\/www.adirai.it\/politica\/sondaggi-politici\/ultimi-sondaggi-politici-elettorali-21-settembre-2023-swg-la7\/\" \/>\n<meta property=\"og:locale\" content=\"it_IT\" \/>\n<meta property=\"og:type\" content=\"article\" \/>\n<meta property=\"og:title\" content=\"Ultimi Sondaggi Politici 21 settembre 2023 SWG per La7\" \/>\n<meta property=\"og:description\" content=\"SONDAGGI POLITICI ELETTORALI 21 settembre 2023 gli ultimissimi sondaggi politici, intenzioni di voto SWG per La7 partito per partito.\" \/>\n<meta property=\"og:url\" content=\"https:\/\/www.adirai.it\/politica\/sondaggi-politici\/ultimi-sondaggi-politici-elettorali-21-settembre-2023-swg-la7\/\" \/>\n<meta property=\"og:site_name\" content=\"Adirai Notizie\" \/>\n<meta property=\"article:published_time\" content=\"2023-09-21T09:48:00+00:00\" \/>\n<meta property=\"og:image\" content=\"https:\/\/www.adirai.it\/media\/2023\/06\/ultimissimi-sondaggi-politici-elettorali.jpg\" \/>\n\t<meta property=\"og:image:width\" content=\"1600\" \/>\n\t<meta property=\"og:image:height\" content=\"900\" \/>\n\t<meta property=\"og:image:type\" content=\"image\/jpeg\" \/>\n<meta name=\"author\" content=\"Adirai Italia\" \/>\n<meta name=\"twitter:card\" content=\"summary_large_image\" \/>\n<meta name=\"twitter:creator\" content=\"@AdiraiIt\" \/>\n<meta name=\"twitter:site\" content=\"@AdiraiIt\" \/>\n<meta name=\"twitter:label1\" content=\"Scritto da\" \/>\n\t<meta name=\"twitter:data1\" content=\"Adirai Italia\" \/>\n\t<meta name=\"twitter:label2\" content=\"Tempo di lettura stimato\" \/>\n\t<meta name=\"twitter:data2\" content=\"9 minuti\" \/>","yoast_head_json":{"title":"Ultimi Sondaggi Politici 21 settembre 2023 SWG per La7","description":"SONDAGGI POLITICI ELETTORALI 21 settembre 2023 gli ultimissimi sondaggi politici, intenzioni di voto SWG per La7 partito per partito.","robots":{"index":"index","follow":"follow","max-snippet":"max-snippet:-1","max-image-preview":"max-image-preview:large","max-video-preview":"max-video-preview:-1"},"canonical":"https:\/\/www.adirai.it\/politica\/sondaggi-politici\/ultimi-sondaggi-politici-elettorali-21-settembre-2023-swg-la7\/","og_locale":"it_IT","og_type":"article","og_title":"Ultimi Sondaggi Politici 21 settembre 2023 SWG per La7","og_description":"SONDAGGI POLITICI ELETTORALI 21 settembre 2023 gli ultimissimi sondaggi politici, intenzioni di voto SWG per La7 partito per partito.","og_url":"https:\/\/www.adirai.it\/politica\/sondaggi-politici\/ultimi-sondaggi-politici-elettorali-21-settembre-2023-swg-la7\/","og_site_name":"Adirai Notizie","article_published_time":"2023-09-21T09:48:00+00:00","og_image":[{"width":1600,"height":900,"url":"https:\/\/www.adirai.it\/media\/2023\/06\/ultimissimi-sondaggi-politici-elettorali.jpg","type":"image\/jpeg"}],"author":"Adirai Italia","twitter_card":"summary_large_image","twitter_creator":"@AdiraiIt","twitter_site":"@AdiraiIt","twitter_misc":{"Scritto da":"Adirai Italia","Tempo di lettura stimato":"9 minuti"},"schema":{"@context":"https:\/\/schema.org","@graph":[{"@type":"Article","@id":"https:\/\/www.adirai.it\/politica\/sondaggi-politici\/ultimi-sondaggi-politici-elettorali-21-settembre-2023-swg-la7\/#article","isPartOf":{"@id":"https:\/\/www.adirai.it\/politica\/sondaggi-politici\/ultimi-sondaggi-politici-elettorali-21-settembre-2023-swg-la7\/"},"author":{"name":"Adirai Italia","@id":"https:\/\/www.adirai.it\/#\/schema\/person\/c2e689ea05604dcd582e7ad50aa88fbf"},"headline":"Ultimi Sondaggi Politici 21 settembre 2023 ultimissimi da SWG per La7","datePublished":"2023-09-21T09:48:00+00:00","dateModified":"2023-09-21T09:48:00+00:00","mainEntityOfPage":{"@id":"https:\/\/www.adirai.it\/politica\/sondaggi-politici\/ultimi-sondaggi-politici-elettorali-21-settembre-2023-swg-la7\/"},"wordCount":1429,"publisher":{"@id":"https:\/\/www.adirai.it\/#organization"},"keywords":["Sondaggi politici 2023","Sondaggi Politici Elettorali","Sondaggi politici La7","Sondaggi Politici Oggi","Sondaggi SWG","Ultimi Sondaggi Elettorali","Ultimi Sondaggi Politici"],"articleSection":["Politica","Sondaggi Politici Elettorali"],"inLanguage":"it-IT"},{"@type":"WebPage","@id":"https:\/\/www.adirai.it\/politica\/sondaggi-politici\/ultimi-sondaggi-politici-elettorali-21-settembre-2023-swg-la7\/","url":"https:\/\/www.adirai.it\/politica\/sondaggi-politici\/ultimi-sondaggi-politici-elettorali-21-settembre-2023-swg-la7\/","name":"Ultimi Sondaggi Politici 21 settembre 2023 SWG per La7","isPartOf":{"@id":"https:\/\/www.adirai.it\/#website"},"datePublished":"2023-09-21T09:48:00+00:00","dateModified":"2023-09-21T09:48:00+00:00","description":"SONDAGGI POLITICI ELETTORALI 21 settembre 2023 gli ultimissimi sondaggi politici, intenzioni di voto SWG per La7 partito per partito.","breadcrumb":{"@id":"https:\/\/www.adirai.it\/politica\/sondaggi-politici\/ultimi-sondaggi-politici-elettorali-21-settembre-2023-swg-la7\/#breadcrumb"},"inLanguage":"it-IT","potentialAction":[{"@type":"ReadAction","target":["https:\/\/www.adirai.it\/politica\/sondaggi-politici\/ultimi-sondaggi-politici-elettorali-21-settembre-2023-swg-la7\/"]}]},{"@type":"BreadcrumbList","@id":"https:\/\/www.adirai.it\/politica\/sondaggi-politici\/ultimi-sondaggi-politici-elettorali-21-settembre-2023-swg-la7\/#breadcrumb","itemListElement":[{"@type":"ListItem","position":1,"name":"Home","item":"https:\/\/www.adirai.it\/"},{"@type":"ListItem","position":2,"name":"Ultimi Sondaggi Politici 21 settembre 2023 ultimissimi da SWG per La7"}]},{"@type":"WebSite","@id":"https:\/\/www.adirai.it\/#website","url":"https:\/\/www.adirai.it\/","name":"Adirai Notizie","description":"","publisher":{"@id":"https:\/\/www.adirai.it\/#organization"},"potentialAction":[{"@type":"SearchAction","target":{"@type":"EntryPoint","urlTemplate":"https:\/\/www.adirai.it\/?s={search_term_string}"},"query-input":"required name=search_term_string"}],"inLanguage":"it-IT"},{"@type":"Organization","@id":"https:\/\/www.adirai.it\/#organization","name":"Adirai Notizie","url":"https:\/\/www.adirai.it\/","logo":{"@type":"ImageObject","inLanguage":"it-IT","@id":"https:\/\/www.adirai.it\/#\/schema\/logo\/image\/","url":"https:\/\/www.adirai.it\/media\/2019\/08\/adirai-logo.jpg","contentUrl":"https:\/\/www.adirai.it\/media\/2019\/08\/adirai-logo.jpg","width":600,"height":600,"caption":"Adirai Notizie"},"image":{"@id":"https:\/\/www.adirai.it\/#\/schema\/logo\/image\/"},"sameAs":["https:\/\/twitter.com\/AdiraiIt"]},{"@type":"Person","@id":"https:\/\/www.adirai.it\/#\/schema\/person\/c2e689ea05604dcd582e7ad50aa88fbf","name":"Adirai Italia","image":{"@type":"ImageObject","inLanguage":"it-IT","@id":"https:\/\/www.adirai.it\/#\/schema\/person\/image\/","url":"https:\/\/secure.gravatar.com\/avatar\/3c627bf49b0852afc4d80303835b7d40?s=96&d=mm&r=g","contentUrl":"https:\/\/secure.gravatar.com\/avatar\/3c627bf49b0852afc4d80303835b7d40?s=96&d=mm&r=g","caption":"Adirai Italia"}}]}},"post_mailing_queue_ids":[],"_links":{"self":[{"href":"https:\/\/www.adirai.it\/api\/wp\/v2\/posts\/145673"}],"collection":[{"href":"https:\/\/www.adirai.it\/api\/wp\/v2\/posts"}],"about":[{"href":"https:\/\/www.adirai.it\/api\/wp\/v2\/types\/post"}],"author":[{"embeddable":true,"href":"https:\/\/www.adirai.it\/api\/wp\/v2\/users\/1"}],"replies":[{"embeddable":true,"href":"https:\/\/www.adirai.it\/api\/wp\/v2\/comments?post=145673"}],"version-history":[{"count":0,"href":"https:\/\/www.adirai.it\/api\/wp\/v2\/posts\/145673\/revisions"}],"wp:featuredmedia":[{"embeddable":true,"href":"https:\/\/www.adirai.it\/api\/wp\/v2\/media\/138071"}],"wp:attachment":[{"href":"https:\/\/www.adirai.it\/api\/wp\/v2\/media?parent=145673"}],"wp:term":[{"taxonomy":"category","embeddable":true,"href":"https:\/\/www.adirai.it\/api\/wp\/v2\/categories?post=145673"},{"taxonomy":"post_tag","embeddable":true,"href":"https:\/\/www.adirai.it\/api\/wp\/v2\/tags?post=145673"}],"curies":[{"name":"wp","href":"https:\/\/api.w.org\/{rel}","templated":true}]}}