{"id":13739,"date":"2020-03-19T17:07:29","date_gmt":"2020-03-19T16:07:29","guid":{"rendered":"https:\/\/www.adirai.it\/?p=13739"},"modified":"2020-03-19T17:07:34","modified_gmt":"2020-03-19T16:07:34","slug":"frasi-per-la-festa-del-papa-e-come-passarla-in-quarantena","status":"publish","type":"post","link":"https:\/\/www.adirai.it\/notizie\/frasi-per-la-festa-del-papa-e-come-passarla-in-quarantena\/","title":{"rendered":"Frasi per la Festa del pap\u00e0 e come passarla in quarantena"},"content":{"rendered":"\n<figure class=\"wp-block-image size-full imgpost\"><img decoding=\"async\" loading=\"lazy\" width=\"1200\" height=\"675\" src=\"https:\/\/www.adirai.it\/media\/2020\/03\/festa-del-papa.jpg\" alt=\"festa del pap\u00e0\" class=\"wp-image-13744\" srcset=\"https:\/\/www.adirai.it\/media\/2020\/03\/festa-del-papa.jpg 1200w, https:\/\/www.adirai.it\/media\/2020\/03\/festa-del-papa-300x169.jpg 300w, https:\/\/www.adirai.it\/media\/2020\/03\/festa-del-papa-720x405.jpg 720w, https:\/\/www.adirai.it\/media\/2020\/03\/festa-del-papa-768x432.jpg 768w, https:\/\/www.adirai.it\/media\/2020\/03\/festa-del-papa-220x124.jpg 220w, https:\/\/www.adirai.it\/media\/2020\/03\/festa-del-papa-360x203.jpg 360w, https:\/\/www.adirai.it\/media\/2020\/03\/festa-del-papa-160x90.jpg 160w\" sizes=\"(max-width: 1200px) 100vw, 1200px\" \/><\/figure>\n\n\n\n<p>Il <strong>19 marzo<\/strong>, oggi, \u00e8 la <strong>festa del pap\u00e0<\/strong>, tutti i figli, dai piccoli ai pi\u00f9 grandi vogliono omaggiare il proprio &#8220;babbo&#8221; o &#8220;papino&#8221; o &#8220;papone&#8221; con un gesto da ricordare. Se ai bimbi furbi basta un disegno a matita su un foglio A4, ai pi\u00f9 grandi piacerebbe stupire il proprio pap\u00e0 con un dono che lasci senza parole. Ma come fare quando tutti sono confinati in quarantena? La soluzione \u00e8 semplice: Rendere speciale questa giornata passandola in famiglia o&#8230; fare qualcosa di diverso.<\/p>\n\n\n\n\n\n\n\n<h2>Festa del pap\u00e0 frasi belle e commoventi, di stima<\/h2>\n\n\n\n<p>La prima cosa che si cerca su Google il giorno di ricorrenze come la <strong>Festa del pap\u00e0<\/strong> \u00e8 un&#8217;immagine o una bella frase da inviargli comodamente su Whatsapp. Ma aprite gli occhi, il pap\u00e0 ce l&#8217;avete nella stanza accanto (se tutto va bene), o a qualche km, oppure lo portate gi\u00e0 con voi ad ogni passo. Quindi cercate di essere originali per una volta.<\/p>\n\n\n\n<p>Le <strong>frasi per la festa del pap\u00e0<\/strong>, che siano frasi commoventi, di stima, o semplicemente belle da dedicare <strong>devono venire dal cuore<\/strong>. Chi oggi si azzarda a copiare da qualcun&#8217;altro una frase per il proprio pap\u00e0 ha gi\u00e0 fallito in partenza. Un bel gesto \u00e8 tale solo se sincero.<\/p>\n\n\n\n<p>Non vi ritenete in grado di poter scrivere una frase di appena 20 parole che abbia senso e sia commovente? Ci rifiutiamo di crederlo.<\/p>\n\n\n\n<h2>Passare la Festa del pap\u00e0 in quarantena<\/h2>\n\n\n\n<p>Cosa vuol dire <strong>passare la festa del pap\u00e0 in quarantena<\/strong>? Innanzitutto niente regali, e poi vuol dire tanto tempo vuoto da riempire e non si sa bene come.<\/p>\n\n\n\n<p>I pap\u00e0 italiani in questo periodo saranno certamente sotto pressione: Immaginate di essere il capo famiglia e di avere la responsabilit\u00e0 di tenere al sicuro dal Coronavirus moglie e figli. Ai pap\u00e0 quindi far\u00e0 certamente piacere poter passare questa giornata in tale serenit\u00e0 da dimenticare tutti i pensieri e i problemi, \u00e8 <strong>il regalo pi\u00f9 grande<\/strong>.<\/p>\n\n\n\n<h2>Festa del pap\u00e0 immagini e ricordi da condividere<\/h2>\n\n\n\n<p>Se il tuo pap\u00e0 vive lontano da te, o non puoi abbracciarlo, trova un altro modo di farlo (come?): <strong>Rispolvera le immagini chiuse negli album e condividi i ricordi pi\u00f9 belli con lui<\/strong>.<\/p>\n\n\n\n<p>Sono tantissimi i pap\u00e0 che si trovano a passare questa giornata da soli, costretti dalla quarantena o da qualche altro impedimento. Per riuscire a rendere speciale questa giornata per\u00f2 basta anche una semplice telefonata, che deve sicuramente cominciare cos\u00ec &#8220;<strong>Auguri pap\u00e0! Ti pensavo!<\/strong>&#8220;. Le parole pi\u00f9 semplici possono regalare emozioni immense se paragonate a quelle scaturite dalla visualizzazione di un&#8217;immagine strappata a Google.<\/p>\n\n\n\n<p>Buona festa del pap\u00e0 a tutti!<\/p>\n\n\n\n<p><strong>CONDIVIDI.<\/strong><\/p>\n","protected":false},"excerpt":{"rendered":"<p>Il 19 marzo, oggi, \u00e8 la festa del pap\u00e0, tutti i figli, dai piccoli ai pi\u00f9 grandi vogliono omaggiare il proprio &#8220;babbo&#8221; o &#8220;papino&#8221; o &#8220;papone&#8221; con un gesto da ricordare. Se ai bimbi furbi basta un disegno a matita su un foglio A4, ai pi\u00f9 grandi piacerebbe stupire il proprio pap\u00e0 con un dono [&hellip;]<\/p>\n","protected":false},"author":2,"featured_media":13744,"comment_status":"closed","ping_status":"closed","sticky":false,"template":"","format":"standard","meta":[],"categories":[932],"tags":[35],"yoast_head":"<title>Frasi per la Festa del pap\u00e0 e come passarla in quarantena<\/title>\n<meta name=\"robots\" content=\"index, follow, max-snippet:-1, max-image-preview:large, max-video-preview:-1\" \/>\n<link rel=\"canonical\" href=\"https:\/\/www.adirai.it\/notizie\/frasi-per-la-festa-del-papa-e-come-passarla-in-quarantena\/\" \/>\n<meta property=\"og:locale\" content=\"it_IT\" \/>\n<meta property=\"og:type\" content=\"article\" \/>\n<meta property=\"og:title\" content=\"Frasi per la Festa del pap\u00e0 e come passarla in quarantena\" \/>\n<meta property=\"og:description\" content=\"Il 19 marzo, oggi, \u00e8 la festa del pap\u00e0, tutti i figli, dai piccoli ai pi\u00f9 grandi vogliono omaggiare il proprio &#8220;babbo&#8221; o &#8220;papino&#8221; o &#8220;papone&#8221; con un gesto da ricordare. Se ai bimbi furbi basta un disegno a matita su un foglio A4, ai pi\u00f9 grandi piacerebbe stupire il proprio pap\u00e0 con un dono [&hellip;]\" \/>\n<meta property=\"og:url\" content=\"https:\/\/www.adirai.it\/notizie\/frasi-per-la-festa-del-papa-e-come-passarla-in-quarantena\/\" \/>\n<meta property=\"og:site_name\" content=\"Adirai Notizie\" \/>\n<meta property=\"article:published_time\" content=\"2020-03-19T16:07:29+00:00\" \/>\n<meta property=\"article:modified_time\" content=\"2020-03-19T16:07:34+00:00\" \/>\n<meta property=\"og:image\" content=\"https:\/\/www.adirai.it\/media\/2020\/03\/festa-del-papa.jpg\" \/>\n\t<meta property=\"og:image:width\" content=\"1200\" \/>\n\t<meta property=\"og:image:height\" content=\"675\" \/>\n\t<meta property=\"og:image:type\" content=\"image\/jpeg\" \/>\n<meta name=\"author\" content=\"Adirai Italia\" \/>\n<meta name=\"twitter:card\" content=\"summary_large_image\" \/>\n<meta name=\"twitter:creator\" content=\"@AdiraiIt\" \/>\n<meta name=\"twitter:site\" content=\"@AdiraiIt\" \/>\n<meta name=\"twitter:label1\" content=\"Scritto da\" \/>\n\t<meta name=\"twitter:data1\" content=\"Adirai Italia\" \/>\n\t<meta name=\"twitter:label2\" content=\"Tempo di lettura stimato\" \/>\n\t<meta name=\"twitter:data2\" content=\"2 minuti\" \/>","yoast_head_json":{"title":"Frasi per la Festa del pap\u00e0 e come passarla in quarantena","robots":{"index":"index","follow":"follow","max-snippet":"max-snippet:-1","max-image-preview":"max-image-preview:large","max-video-preview":"max-video-preview:-1"},"canonical":"https:\/\/www.adirai.it\/notizie\/frasi-per-la-festa-del-papa-e-come-passarla-in-quarantena\/","og_locale":"it_IT","og_type":"article","og_title":"Frasi per la Festa del pap\u00e0 e come passarla in quarantena","og_description":"Il 19 marzo, oggi, \u00e8 la festa del pap\u00e0, tutti i figli, dai piccoli ai pi\u00f9 grandi vogliono omaggiare il proprio &#8220;babbo&#8221; o &#8220;papino&#8221; o &#8220;papone&#8221; con un gesto da ricordare. Se ai bimbi furbi basta un disegno a matita su un foglio A4, ai pi\u00f9 grandi piacerebbe stupire il proprio pap\u00e0 con un dono [&hellip;]","og_url":"https:\/\/www.adirai.it\/notizie\/frasi-per-la-festa-del-papa-e-come-passarla-in-quarantena\/","og_site_name":"Adirai Notizie","article_published_time":"2020-03-19T16:07:29+00:00","article_modified_time":"2020-03-19T16:07:34+00:00","og_image":[{"width":1200,"height":675,"url":"https:\/\/www.adirai.it\/media\/2020\/03\/festa-del-papa.jpg","type":"image\/jpeg"}],"author":"Adirai Italia","twitter_card":"summary_large_image","twitter_creator":"@AdiraiIt","twitter_site":"@AdiraiIt","twitter_misc":{"Scritto da":"Adirai Italia","Tempo di lettura stimato":"2 minuti"},"schema":{"@context":"https:\/\/schema.org","@graph":[{"@type":"Article","@id":"https:\/\/www.adirai.it\/notizie\/frasi-per-la-festa-del-papa-e-come-passarla-in-quarantena\/#article","isPartOf":{"@id":"https:\/\/www.adirai.it\/notizie\/frasi-per-la-festa-del-papa-e-come-passarla-in-quarantena\/"},"author":{"name":"Adirai Italia","@id":"https:\/\/www.adirai.it\/#\/schema\/person\/a5f58f133c7b98c534f588d596d78734"},"headline":"Frasi per la Festa del pap\u00e0 e come passarla in quarantena","datePublished":"2020-03-19T16:07:29+00:00","dateModified":"2020-03-19T16:07:34+00:00","mainEntityOfPage":{"@id":"https:\/\/www.adirai.it\/notizie\/frasi-per-la-festa-del-papa-e-come-passarla-in-quarantena\/"},"wordCount":440,"publisher":{"@id":"https:\/\/www.adirai.it\/#organization"},"keywords":["Famiglia"],"articleSection":["Notizie"],"inLanguage":"it-IT"},{"@type":"WebPage","@id":"https:\/\/www.adirai.it\/notizie\/frasi-per-la-festa-del-papa-e-come-passarla-in-quarantena\/","url":"https:\/\/www.adirai.it\/notizie\/frasi-per-la-festa-del-papa-e-come-passarla-in-quarantena\/","name":"Frasi per la Festa del pap\u00e0 e come passarla in quarantena","isPartOf":{"@id":"https:\/\/www.adirai.it\/#website"},"datePublished":"2020-03-19T16:07:29+00:00","dateModified":"2020-03-19T16:07:34+00:00","breadcrumb":{"@id":"https:\/\/www.adirai.it\/notizie\/frasi-per-la-festa-del-papa-e-come-passarla-in-quarantena\/#breadcrumb"},"inLanguage":"it-IT","potentialAction":[{"@type":"ReadAction","target":["https:\/\/www.adirai.it\/notizie\/frasi-per-la-festa-del-papa-e-come-passarla-in-quarantena\/"]}]},{"@type":"BreadcrumbList","@id":"https:\/\/www.adirai.it\/notizie\/frasi-per-la-festa-del-papa-e-come-passarla-in-quarantena\/#breadcrumb","itemListElement":[{"@type":"ListItem","position":1,"name":"Home","item":"https:\/\/www.adirai.it\/"},{"@type":"ListItem","position":2,"name":"Frasi per la Festa del pap\u00e0 e come passarla in quarantena"}]},{"@type":"WebSite","@id":"https:\/\/www.adirai.it\/#website","url":"https:\/\/www.adirai.it\/","name":"Adirai Notizie","description":"","publisher":{"@id":"https:\/\/www.adirai.it\/#organization"},"potentialAction":[{"@type":"SearchAction","target":{"@type":"EntryPoint","urlTemplate":"https:\/\/www.adirai.it\/?s={search_term_string}"},"query-input":"required name=search_term_string"}],"inLanguage":"it-IT"},{"@type":"Organization","@id":"https:\/\/www.adirai.it\/#organization","name":"Adirai Notizie","url":"https:\/\/www.adirai.it\/","logo":{"@type":"ImageObject","inLanguage":"it-IT","@id":"https:\/\/www.adirai.it\/#\/schema\/logo\/image\/","url":"https:\/\/www.adirai.it\/media\/2019\/08\/adirai-logo.jpg","contentUrl":"https:\/\/www.adirai.it\/media\/2019\/08\/adirai-logo.jpg","width":600,"height":600,"caption":"Adirai Notizie"},"image":{"@id":"https:\/\/www.adirai.it\/#\/schema\/logo\/image\/"},"sameAs":["https:\/\/twitter.com\/AdiraiIt"]},{"@type":"Person","@id":"https:\/\/www.adirai.it\/#\/schema\/person\/a5f58f133c7b98c534f588d596d78734","name":"Adirai Italia","image":{"@type":"ImageObject","inLanguage":"it-IT","@id":"https:\/\/www.adirai.it\/#\/schema\/person\/image\/","url":"https:\/\/secure.gravatar.com\/avatar\/6b3b05aeab69cd7245f16ead3dd76a3d?s=96&d=mm&r=g","contentUrl":"https:\/\/secure.gravatar.com\/avatar\/6b3b05aeab69cd7245f16ead3dd76a3d?s=96&d=mm&r=g","caption":"Adirai Italia"},"sameAs":["https:\/\/www.adirai.it\/"]}]}},"post_mailing_queue_ids":[],"_links":{"self":[{"href":"https:\/\/www.adirai.it\/api\/wp\/v2\/posts\/13739"}],"collection":[{"href":"https:\/\/www.adirai.it\/api\/wp\/v2\/posts"}],"about":[{"href":"https:\/\/www.adirai.it\/api\/wp\/v2\/types\/post"}],"author":[{"embeddable":true,"href":"https:\/\/www.adirai.it\/api\/wp\/v2\/users\/2"}],"replies":[{"embeddable":true,"href":"https:\/\/www.adirai.it\/api\/wp\/v2\/comments?post=13739"}],"version-history":[{"count":0,"href":"https:\/\/www.adirai.it\/api\/wp\/v2\/posts\/13739\/revisions"}],"wp:featuredmedia":[{"embeddable":true,"href":"https:\/\/www.adirai.it\/api\/wp\/v2\/media\/13744"}],"wp:attachment":[{"href":"https:\/\/www.adirai.it\/api\/wp\/v2\/media?parent=13739"}],"wp:term":[{"taxonomy":"category","embeddable":true,"href":"https:\/\/www.adirai.it\/api\/wp\/v2\/categories?post=13739"},{"taxonomy":"post_tag","embeddable":true,"href":"https:\/\/www.adirai.it\/api\/wp\/v2\/tags?post=13739"}],"curies":[{"name":"wp","href":"https:\/\/api.w.org\/{rel}","templated":true}]}}