{"id":12214,"date":"2020-02-27T13:32:58","date_gmt":"2020-02-27T12:32:58","guid":{"rendered":"https:\/\/www.adirai.it\/?p=12214"},"modified":"2020-02-29T13:10:46","modified_gmt":"2020-02-29T12:10:46","slug":"reddito-di-cittadinanza-oggi-27-febbraio-il-pagamento-ecco-chi-lo-ricevera","status":"publish","type":"post","link":"https:\/\/www.adirai.it\/economia\/reddito-di-cittadinanza-oggi-27-febbraio-il-pagamento-ecco-chi-lo-ricevera\/","title":{"rendered":"Reddito di cittadinanza, oggi 27 febbraio il pagamento: ecco chi lo ricever\u00e0"},"content":{"rendered":"\n<figure class=\"wp-block-image size-full imgpost\"><img decoding=\"async\" loading=\"lazy\" width=\"1200\" height=\"675\" src=\"https:\/\/www.adirai.it\/media\/2020\/01\/reddito-di-cittadinanza-febbraio-2020.jpg\" alt=\"accredito reddito di cittadinanza oggi 27 febbraio 2020\" class=\"wp-image-10616\" srcset=\"https:\/\/www.adirai.it\/media\/2020\/01\/reddito-di-cittadinanza-febbraio-2020.jpg 1200w, https:\/\/www.adirai.it\/media\/2020\/01\/reddito-di-cittadinanza-febbraio-2020-300x169.jpg 300w, https:\/\/www.adirai.it\/media\/2020\/01\/reddito-di-cittadinanza-febbraio-2020-720x405.jpg 720w, https:\/\/www.adirai.it\/media\/2020\/01\/reddito-di-cittadinanza-febbraio-2020-768x432.jpg 768w, https:\/\/www.adirai.it\/media\/2020\/01\/reddito-di-cittadinanza-febbraio-2020-220x124.jpg 220w, https:\/\/www.adirai.it\/media\/2020\/01\/reddito-di-cittadinanza-febbraio-2020-360x203.jpg 360w, https:\/\/www.adirai.it\/media\/2020\/01\/reddito-di-cittadinanza-febbraio-2020-160x90.jpg 160w\" sizes=\"(max-width: 1200px) 100vw, 1200px\" \/><\/figure>\n\n\n\n<p><strong>Pagamento Reddito di cittadinanza oggi 27 febbraio 2020<\/strong>. Per coloro che non hanno rinnovato l&#8217;ISEE entro il 31 gennaio 2020 subiranno la sospensione per un mese del <strong>reddito di cittadinanza<\/strong>. Tutti i beneficiari di RdC in regola invece avranno il pagamento <strong>reddito di cittadinanza oggi 27 febbraio 2020<\/strong> regolarmente.<\/p>\n\n\n\n\n\n\n\n<h2>Pagamento Reddito di cittadinanza oggi 27 febbraio 2020 la Ricarica<\/h2>\n\n\n\n<p>Il pagamento RdC \u00e8 fissato per oggi 27 febbraio 2020 per la ricezione della ricarica mensile del mese di febbraio per il reddito di cittadinanza. Entro al massimo il giorno 29 febbraio 2020 la ricarica sar\u00e0 effettuata per tutti tranne per una piccola parte dei percettori che dovranno aspettare la prossima mensilit\u00e0.<\/p>\n\n\n\n<p>Le persone che hanno fatto la domanda per ottenere il sussidio per il periodo che va da marzo 2019 a gennaio 2020, riceveranno l&#8217;accredito del pagamento entro oggi o al massimo entro il 29 &#8220;dopodomani&#8221; che \u00e8 l&#8217;ultimo giorno del mese di febbraio.<\/p>\n\n\n\n<p>Per chi invece ha presentato la domanda a febbraio, non verr\u00e0 accreditata la somma spettante al rilascio della carta ma la prima ricarica sar\u00e0 effettuata a marzo.<\/p>\n\n\n\n<p>IMPORTANTE: L&#8217;accredito di marzo sar\u00e0 effettuato a partire dal giorno 15 e non all&#8217;inizio del mese. L&#8217;Inps dopo che avr\u00e0 effettuato tutti i controlli dei requisiti richiesti per l&#8217;erogazione del reddito di cittadinanza, entro questi tempi sar\u00e0 inviato l&#8217;esito che confermer\u00e0 sia l&#8217;accettazione che il rifiuto.<\/p>\n\n\n\n<p>Nel caso di esito positivo, dal 15 marzo verr\u00e0 inviata una comunicazione dalle Poste Italiane, tramite un messaggio telefonico &#8220;SMS&#8221; o tramite una e-mail, con l&#8217;invito ad effettuare il ritiro della carta contenente l&#8217;importo spettante gi\u00e0 caricato e disponibile.<\/p>\n\n\n\n<p>Per chi non ha aggiornato la documentazione Isee entro il 31 gennaio, rischia di non ricevere l&#8217;accredito come ogni mese per il pagamento del reddito di cittadinanza. In questo caso ci sar\u00e0 soltanto una sospensione e non di una vera e propria cancellazione o decadenza. Questo vuol dire che, una volta che si \u00e8 regolarizzata la propria posizione si proceder\u00e0 a ripristinare il pagamento.<\/p>\n\n\n\n<p><\/p>\n\n\n\n<p><\/p>\n\n\n\n<p><\/p>\n\n\n\n<p><\/p>\n\n\n\n<p>Si raccomanda di non lasciare soldi non spesi sulla carta RdC perch\u00e9 potreste subire delle detrazioni nella successiva mensilit\u00e0. Per conoscere in dettaglio il saldo relativo alla carta del <strong>reddito di cittadinanza<\/strong> e cosa si pu\u00f2 comprare e cosa no, ma soprattutto dove si possono fare acquisti, leggi: <a href=\"https:\/\/www.adirai.it\/economia\/saldo-reddito-di-cittadinanza-come-e-dove-usare-la-carta-rdc\/\" class=\"ek-link\">Saldo Carta Reddito di Cittadinanza: come e dove usare la Carta RdC<\/a>.<\/p>\n\n\n\n<p><strong>CONDIVIDI le ultime notizie sul reddito di cittadinanza febbraio 2020.<\/strong><\/p>\n","protected":false},"excerpt":{"rendered":"<p>Pagamento Reddito di cittadinanza oggi 27 febbraio 2020. Per coloro che non hanno rinnovato l&#8217;ISEE entro il 31 gennaio 2020 subiranno la sospensione per un mese del reddito di cittadinanza. Tutti i beneficiari di RdC in regola invece avranno il pagamento reddito di cittadinanza oggi 27 febbraio 2020 regolarmente.<\/p>\n","protected":false},"author":1,"featured_media":10616,"comment_status":"closed","ping_status":"closed","sticky":false,"template":"","format":"standard","meta":[],"categories":[3],"tags":[605,607,38,772,773],"yoast_head":"<title>Reddito di cittadinanza febbraio, oggi il pagamento: chi lo riceve<\/title>\n<meta name=\"description\" content=\"Oggi 27 febbraio \u00e8 la giornata che i cittadini riceveranno sulla loro carta RdC l&#039;accredito mensile del mese di febbraio da parte dell&#039;INPS\" \/>\n<meta name=\"robots\" content=\"index, follow, max-snippet:-1, max-image-preview:large, max-video-preview:-1\" \/>\n<link rel=\"canonical\" href=\"https:\/\/www.adirai.it\/economia\/reddito-di-cittadinanza-oggi-27-febbraio-il-pagamento-ecco-chi-lo-ricevera\/\" \/>\n<meta property=\"og:locale\" content=\"it_IT\" \/>\n<meta property=\"og:type\" content=\"article\" \/>\n<meta property=\"og:title\" content=\"Reddito di cittadinanza febbraio, oggi il pagamento: chi lo riceve\" \/>\n<meta property=\"og:description\" content=\"Oggi 27 febbraio \u00e8 la giornata che i cittadini riceveranno sulla loro carta RdC l&#039;accredito mensile del mese di febbraio da parte dell&#039;INPS\" \/>\n<meta property=\"og:url\" content=\"https:\/\/www.adirai.it\/economia\/reddito-di-cittadinanza-oggi-27-febbraio-il-pagamento-ecco-chi-lo-ricevera\/\" \/>\n<meta property=\"og:site_name\" content=\"Adirai Notizie\" \/>\n<meta property=\"article:published_time\" content=\"2020-02-27T12:32:58+00:00\" \/>\n<meta property=\"article:modified_time\" content=\"2020-02-29T12:10:46+00:00\" \/>\n<meta property=\"og:image\" content=\"https:\/\/www.adirai.it\/media\/2020\/01\/reddito-di-cittadinanza-febbraio-2020.jpg\" \/>\n\t<meta property=\"og:image:width\" content=\"1200\" \/>\n\t<meta property=\"og:image:height\" content=\"675\" \/>\n\t<meta property=\"og:image:type\" content=\"image\/jpeg\" \/>\n<meta name=\"author\" content=\"Adirai Italia\" \/>\n<meta name=\"twitter:card\" content=\"summary_large_image\" \/>\n<meta name=\"twitter:creator\" content=\"@AdiraiIt\" \/>\n<meta name=\"twitter:site\" content=\"@AdiraiIt\" \/>\n<meta name=\"twitter:label1\" content=\"Scritto da\" \/>\n\t<meta name=\"twitter:data1\" content=\"Adirai Italia\" \/>\n\t<meta name=\"twitter:label2\" content=\"Tempo di lettura stimato\" \/>\n\t<meta name=\"twitter:data2\" content=\"2 minuti\" \/>","yoast_head_json":{"title":"Reddito di cittadinanza febbraio, oggi il pagamento: chi lo riceve","description":"Oggi 27 febbraio \u00e8 la giornata che i cittadini riceveranno sulla loro carta RdC l'accredito mensile del mese di febbraio da parte dell'INPS","robots":{"index":"index","follow":"follow","max-snippet":"max-snippet:-1","max-image-preview":"max-image-preview:large","max-video-preview":"max-video-preview:-1"},"canonical":"https:\/\/www.adirai.it\/economia\/reddito-di-cittadinanza-oggi-27-febbraio-il-pagamento-ecco-chi-lo-ricevera\/","og_locale":"it_IT","og_type":"article","og_title":"Reddito di cittadinanza febbraio, oggi il pagamento: chi lo riceve","og_description":"Oggi 27 febbraio \u00e8 la giornata che i cittadini riceveranno sulla loro carta RdC l'accredito mensile del mese di febbraio da parte dell'INPS","og_url":"https:\/\/www.adirai.it\/economia\/reddito-di-cittadinanza-oggi-27-febbraio-il-pagamento-ecco-chi-lo-ricevera\/","og_site_name":"Adirai Notizie","article_published_time":"2020-02-27T12:32:58+00:00","article_modified_time":"2020-02-29T12:10:46+00:00","og_image":[{"width":1200,"height":675,"url":"https:\/\/www.adirai.it\/media\/2020\/01\/reddito-di-cittadinanza-febbraio-2020.jpg","type":"image\/jpeg"}],"author":"Adirai Italia","twitter_card":"summary_large_image","twitter_creator":"@AdiraiIt","twitter_site":"@AdiraiIt","twitter_misc":{"Scritto da":"Adirai Italia","Tempo di lettura stimato":"2 minuti"},"schema":{"@context":"https:\/\/schema.org","@graph":[{"@type":"Article","@id":"https:\/\/www.adirai.it\/economia\/reddito-di-cittadinanza-oggi-27-febbraio-il-pagamento-ecco-chi-lo-ricevera\/#article","isPartOf":{"@id":"https:\/\/www.adirai.it\/economia\/reddito-di-cittadinanza-oggi-27-febbraio-il-pagamento-ecco-chi-lo-ricevera\/"},"author":{"name":"Adirai Italia","@id":"https:\/\/www.adirai.it\/#\/schema\/person\/c2e689ea05604dcd582e7ad50aa88fbf"},"headline":"Reddito di cittadinanza, oggi 27 febbraio il pagamento: ecco chi lo ricever\u00e0","datePublished":"2020-02-27T12:32:58+00:00","dateModified":"2020-02-29T12:10:46+00:00","mainEntityOfPage":{"@id":"https:\/\/www.adirai.it\/economia\/reddito-di-cittadinanza-oggi-27-febbraio-il-pagamento-ecco-chi-lo-ricevera\/"},"wordCount":401,"publisher":{"@id":"https:\/\/www.adirai.it\/#organization"},"keywords":["Carta RdC","Pagamenti RdC","Reddito di cittadinanza","Reddito di Cittadinanza Pagamento","Ricarica Reddito di Cittadinanza"],"articleSection":["Economia"],"inLanguage":"it-IT"},{"@type":"WebPage","@id":"https:\/\/www.adirai.it\/economia\/reddito-di-cittadinanza-oggi-27-febbraio-il-pagamento-ecco-chi-lo-ricevera\/","url":"https:\/\/www.adirai.it\/economia\/reddito-di-cittadinanza-oggi-27-febbraio-il-pagamento-ecco-chi-lo-ricevera\/","name":"Reddito di cittadinanza febbraio, oggi il pagamento: chi lo riceve","isPartOf":{"@id":"https:\/\/www.adirai.it\/#website"},"datePublished":"2020-02-27T12:32:58+00:00","dateModified":"2020-02-29T12:10:46+00:00","description":"Oggi 27 febbraio \u00e8 la giornata che i cittadini riceveranno sulla loro carta RdC l'accredito mensile del mese di febbraio da parte dell'INPS","breadcrumb":{"@id":"https:\/\/www.adirai.it\/economia\/reddito-di-cittadinanza-oggi-27-febbraio-il-pagamento-ecco-chi-lo-ricevera\/#breadcrumb"},"inLanguage":"it-IT","potentialAction":[{"@type":"ReadAction","target":["https:\/\/www.adirai.it\/economia\/reddito-di-cittadinanza-oggi-27-febbraio-il-pagamento-ecco-chi-lo-ricevera\/"]}]},{"@type":"BreadcrumbList","@id":"https:\/\/www.adirai.it\/economia\/reddito-di-cittadinanza-oggi-27-febbraio-il-pagamento-ecco-chi-lo-ricevera\/#breadcrumb","itemListElement":[{"@type":"ListItem","position":1,"name":"Home","item":"https:\/\/www.adirai.it\/"},{"@type":"ListItem","position":2,"name":"Reddito di cittadinanza, oggi 27 febbraio il pagamento: ecco chi lo ricever\u00e0"}]},{"@type":"WebSite","@id":"https:\/\/www.adirai.it\/#website","url":"https:\/\/www.adirai.it\/","name":"Adirai Notizie","description":"","publisher":{"@id":"https:\/\/www.adirai.it\/#organization"},"potentialAction":[{"@type":"SearchAction","target":{"@type":"EntryPoint","urlTemplate":"https:\/\/www.adirai.it\/?s={search_term_string}"},"query-input":"required name=search_term_string"}],"inLanguage":"it-IT"},{"@type":"Organization","@id":"https:\/\/www.adirai.it\/#organization","name":"Adirai Notizie","url":"https:\/\/www.adirai.it\/","logo":{"@type":"ImageObject","inLanguage":"it-IT","@id":"https:\/\/www.adirai.it\/#\/schema\/logo\/image\/","url":"https:\/\/www.adirai.it\/media\/2019\/08\/adirai-logo.jpg","contentUrl":"https:\/\/www.adirai.it\/media\/2019\/08\/adirai-logo.jpg","width":600,"height":600,"caption":"Adirai Notizie"},"image":{"@id":"https:\/\/www.adirai.it\/#\/schema\/logo\/image\/"},"sameAs":["https:\/\/twitter.com\/AdiraiIt"]},{"@type":"Person","@id":"https:\/\/www.adirai.it\/#\/schema\/person\/c2e689ea05604dcd582e7ad50aa88fbf","name":"Adirai Italia","image":{"@type":"ImageObject","inLanguage":"it-IT","@id":"https:\/\/www.adirai.it\/#\/schema\/person\/image\/","url":"https:\/\/secure.gravatar.com\/avatar\/3c627bf49b0852afc4d80303835b7d40?s=96&d=mm&r=g","contentUrl":"https:\/\/secure.gravatar.com\/avatar\/3c627bf49b0852afc4d80303835b7d40?s=96&d=mm&r=g","caption":"Adirai Italia"}}]}},"post_mailing_queue_ids":[],"_links":{"self":[{"href":"https:\/\/www.adirai.it\/api\/wp\/v2\/posts\/12214"}],"collection":[{"href":"https:\/\/www.adirai.it\/api\/wp\/v2\/posts"}],"about":[{"href":"https:\/\/www.adirai.it\/api\/wp\/v2\/types\/post"}],"author":[{"embeddable":true,"href":"https:\/\/www.adirai.it\/api\/wp\/v2\/users\/1"}],"replies":[{"embeddable":true,"href":"https:\/\/www.adirai.it\/api\/wp\/v2\/comments?post=12214"}],"version-history":[{"count":0,"href":"https:\/\/www.adirai.it\/api\/wp\/v2\/posts\/12214\/revisions"}],"wp:featuredmedia":[{"embeddable":true,"href":"https:\/\/www.adirai.it\/api\/wp\/v2\/media\/10616"}],"wp:attachment":[{"href":"https:\/\/www.adirai.it\/api\/wp\/v2\/media?parent=12214"}],"wp:term":[{"taxonomy":"category","embeddable":true,"href":"https:\/\/www.adirai.it\/api\/wp\/v2\/categories?post=12214"},{"taxonomy":"post_tag","embeddable":true,"href":"https:\/\/www.adirai.it\/api\/wp\/v2\/tags?post=12214"}],"curies":[{"name":"wp","href":"https:\/\/api.w.org\/{rel}","templated":true}]}}