{"id":11384,"date":"2020-02-20T16:38:51","date_gmt":"2020-02-20T15:38:51","guid":{"rendered":"https:\/\/www.adirai.it\/?p=11384"},"modified":"2020-02-20T16:39:17","modified_gmt":"2020-02-20T15:39:17","slug":"renzi-a-porta-a-porta-serve-un-presidente-del-consiglio-eletto","status":"publish","type":"post","link":"https:\/\/www.adirai.it\/politica\/renzi-a-porta-a-porta-serve-un-presidente-del-consiglio-eletto\/","title":{"rendered":"Renzi a Porta a Porta: Serve un Presidente del Consiglio eletto"},"content":{"rendered":"\n<figure class=\"wp-block-image size-full imgpost\"><img decoding=\"async\" loading=\"lazy\" width=\"1200\" height=\"675\" src=\"https:\/\/www.adirai.it\/media\/2020\/02\/matteo-renzi-bruno-vespa-porta-a-porta.jpg\" alt=\"matteo renzi bruno vespa porta a porta\" class=\"wp-image-11399\" srcset=\"https:\/\/www.adirai.it\/media\/2020\/02\/matteo-renzi-bruno-vespa-porta-a-porta.jpg 1200w, https:\/\/www.adirai.it\/media\/2020\/02\/matteo-renzi-bruno-vespa-porta-a-porta-300x169.jpg 300w, https:\/\/www.adirai.it\/media\/2020\/02\/matteo-renzi-bruno-vespa-porta-a-porta-720x405.jpg 720w, https:\/\/www.adirai.it\/media\/2020\/02\/matteo-renzi-bruno-vespa-porta-a-porta-768x432.jpg 768w, https:\/\/www.adirai.it\/media\/2020\/02\/matteo-renzi-bruno-vespa-porta-a-porta-220x124.jpg 220w, https:\/\/www.adirai.it\/media\/2020\/02\/matteo-renzi-bruno-vespa-porta-a-porta-360x203.jpg 360w, https:\/\/www.adirai.it\/media\/2020\/02\/matteo-renzi-bruno-vespa-porta-a-porta-160x90.jpg 160w\" sizes=\"(max-width: 1200px) 100vw, 1200px\" \/><\/figure>\n\n\n\n<p><strong>Matteo Renzi a Porta a Porta<\/strong> rilascia una lunga intervista a <strong>Bruno Vespa<\/strong>. Oggetto della puntata sono diversi argomenti di attualit\u00e0: il dibattito botta-e-risposta tra <strong>Matteo Renzi<\/strong> e <strong>Giuseppe Conte<\/strong>; il ruolo di <strong>Italia Viva<\/strong> di Renzi tra i partiti di <strong>maggioranza<\/strong> al <strong>Governo Italiano<\/strong>; la <strong>Riforma della Prescrizione<\/strong> del Ministro della Giustizia Alfonso Bonafede; l&#8217;abolizione del Reddito di Cittadinanza in favore di una riduzione delle tasse per le aziende. Ci sar\u00e0 anche la risposta del segretario del PD <strong>Nicola Zingaretti<\/strong>, che pur di non smentire mai la sua incompetenza commenter\u00e0 cos\u00ec le parole di Renzi:<\/p>\n\n\n\n\n\n\n\n<blockquote class=\"wp-block-quote\"><p>&#8220;Agli italiani e alle italiane, se continua cos\u00ec gli far\u00e0 venire il mal di testa con questo chiacchiericcio insopportabile del quale non si capisce il fine&#8221;.<\/p><cite>Nicola Zingaretti &#8211; PD<\/cite><\/blockquote>\n\n\n\n<p>Qualcuno dovrebbe spiegare a Zingaretti che parlare al popolo delle decisioni che devono essere prese al governo \u00e8 un dovere, altro che un &#8220;chiacchiericcio insopportabile&#8221;.<\/p>\n\n\n\n<h2>Matteo Renzi a Porta a Porta il 19 febbraio &#8211; Video Youtube<\/h2>\n\n\n\n<p>Di seguito trovate il <strong>video Youtube completo<\/strong> della partecipazione del 19 febbraio di <strong>Matteo Renzi<\/strong> alla trasmissione di <strong>Bruno Vespa<\/strong> &#8216;<em>Porta a Porta<\/em>&#8216;.<\/p>\n\n\n\n<figure class=\"wp-block-embed-youtube wp-block-embed is-type-video is-provider-youtube wp-embed-aspect-16-9 wp-has-aspect-ratio imgpost\"><div class=\"wp-block-embed__wrapper\">\n<iframe loading=\"lazy\" title=\"Matteo Renzi a Porta a Porta\" width=\"750\" height=\"422\" src=\"https:\/\/www.youtube.com\/embed\/WwQIFGDLnoo?feature=oembed\" frameborder=\"0\" allow=\"accelerometer; autoplay; encrypted-media; gyroscope; picture-in-picture\" allowfullscreen><\/iframe>\n<\/div><\/figure>\n\n\n\n<p>Riassumiamo quanto \u00e8 stato detto in puntata evidenziando i punti di maggior importanza nel discorso dell&#8217;ex premier, ora leader di Italia Viva, in risposta a Bruno Vespa.<\/p>\n\n\n\n<h2>Renzi a Porta a Porta: &#8220;Sulla giustizia non ho cambiato idea&#8221;<\/h2>\n\n\n\n<p>&#8220;Non voglio morire grillino&#8221;. E&#8217; Matteo Renzi, al bar di via Teulada con Bruno Vespa, poco prima della registrazione della puntata di Porta a Porta. &#8220;Sono stati giorni molto brutti, inspiegabili &#8211; dice l&#8217;ex premier &#8211; per chi ci ascolta da casa. <strong>Io sulla giustizia non ho cambiato idea: il Pd s\u00ec<\/strong>. Non voglio diventare la sesta stella&#8221;. Il movimento 5 stelle e Italia Viva sono chiaramente due partiti distinti che non possono coincidere, anche se entrambi sono attualmente partiti di maggioranza del Governo Conte.<\/p>\n\n\n\n<p>&#8220;<strong>Vogliono buttarla fuori dalla maggioranza?<\/strong>&#8221; chiede Vespa. &#8220;Ci hanno provato. Non ce l&#8217;hanno fatta, ma ci hanno provato raccogliendo i senatori responsabili. Ma se lo vogliono fare, perch\u00e8 il presidente del Consiglio o qualche suo collaboratore non ci vuole, <strong>\u00e8 loro diritto provarci. La prossima volta farebbero meglio a riuscirci<\/strong>&#8220;.<\/p>\n\n\n\n<p>Renzi parla a lungo di Giuseppe Conte e del suo destino politico legando il discorso alla sua <strong>proposta di elezione diretta del premier<\/strong> sul modello del sistema elettorale dei comuni. Renzi lancia un vero e proprio ultimatum al Presidente del Consiglio Giuseppe Conte:<\/p>\n\n\n\n<blockquote class=\"wp-block-quote\"><p>&#8220;Non ho nessun problema personale con Conte. Se vuole fare il governo istituzionale sul modello del Nazareno inizi a cancellare il reddito di cittadinanza che \u00e8 stato un fallimento. E metta quei soldi nel taglio delle tasse alle aziende&#8221;.<\/p><\/blockquote>\n\n\n\n<h3>La replica di Nicola Zingaretti alle parole di Renzi<\/h3>\n\n\n\n<p>A distanza, Nicola Zingaretti decide di replicare al suo ex collega di partito: &#8220;Credo che qualcuno agli italiani, e alle italiane, se continua cos\u00ec gli far\u00e0 venire il mal di testa con questo chiacchiericcio insopportabile del quale non si capisce il fine&#8221;. Il segretario del Pd aggiunge &#8220;Noi continuiamo a lavorare per riaccendere i motori dell&#8217;economia italiana, stando lontani dal chiacchiericcio e dai sotterfugi di Palazzo dei quali non se ne pu\u00f2 francamente pi\u00f9&#8221;.<\/p>\n\n\n\n<p>Renzi controreplica cos\u00ec: &#8220;Parlare di politica al tempo del populismo nuoce gravemente alla salute e pu\u00f2 sembrare chiacchiericcio ma <strong>io sto cercando di riportare la discussione su problemi veri<\/strong>&#8220;.<\/p>\n\n\n\n<p>L&#8217;ex premier, intanto si raccomanda: &#8220;Penso proprio che se non si trover\u00e0 un accordo entro Pasqua sulla giustizia chiederemo la sfiducia individuale per il ministro della Giustizia&#8221;. Anche se si dice convinto che anche dopo l&#8217;eventuale cacciata del ministro della Giustizia il governo non cadr\u00e0. E se cadr\u00e0, spiega, non si andr\u00e0 a votare prima del 2021. Da qui la sua proposta ai leader del governo italiano.<\/p>\n\n\n\n<h2>Matteo Renzi: Serve un Presidente del Consiglio eletto<\/h2>\n\n\n\n<p>L&#8217;ex premier Renzi lancia a Porta a Porta la sua proposta di riforma istituzionale. &#8220;Tutti noi dovremmo darci una regolata. E per primo io. Non credo che una persona da sola possa decidere tutto.\u00a0 &#8211; dice &#8211; Ma non credo neppure che in questa fase politica si vada avanti con questi equilibri. E&#8217; maturo il tempo di dire che cos\u00ec non si va avanti&#8221;. A questo punto si fa avanti avanzando la soluzione:<\/p>\n\n\n\n<blockquote class=\"wp-block-quote\"><p>&#8220;Io faccio un appello a tutte le forze politiche a Zingaretti, Di Maio, Crimi, Conte, Salvini, Meloni e Berlusconi. A tutti. Siccome cos\u00ec non si va avanti portiamo l&#8217;unico modello istituzionale che funziona, quello dei sindaci, a livello nazionale. <strong>Per me la soluzione \u00e8 elezione diretta del presidente del Consiglio&#8221;.<\/strong><\/p><cite>Matteo Renzi &#8211; Italia Viva<\/cite><\/blockquote>\n\n\n\n<p>In diretta Renzi annuncia una <strong>raccolta firme<\/strong> per lanciare la proposta. Ecco poi i due scenari possibili secondo Matteo Renzi se riesce a ottenere l&#8217;elezione diretta del premier italiano.<\/p>\n\n\n\n<ul><li>1\u00b0 scenario: &#8220;Il primo \u00e8 il modello che noi avevamo fatto con il Nazareno che prevedeva un patto tra il premier e il capo dell&#8217;opposizione per le riforme. Era un patto istituzionale con un governo di un certo colore, ma Berlusconi non votava le mie leggi&#8221;.<\/li><li>2\u00b0 scenario: &#8220;L&#8217;altra ipotesi &#8211; aggiunge l&#8217;ex premier &#8211; \u00e8 come il governo Maccanico, che peraltro non vide la luce, dove \u00e8 il governo stesso ad essere istituzionale. La sintesi \u00e8 che siamo in una fase in cui tutti litigano. E a me che sono semplicemente coerente ad esempio sulla giustizia, mi dicono che sono pazzo&#8230;&#8221;. &#8220;<strong>Il problema del governo Conte non l&#8217;abbiamo mai posto noi.<\/strong> Io non ho i detto che toglievo la fiducia a Conte. Io non credo che la mia preoccupazione la mattina sia di togliere Conte. Certo \u00e8 che questo governo deve verificare se va avanti o no. Se invece loro ci vogliono togliere, noi togliamo il disturbo&#8221;.<\/li><\/ul>\n\n\n\n<p>Tu che ne pensi?<\/p>\n\n\n\n<p><strong>CONDIVIDI Matteo Renzi a Porta a Porta.<\/strong><\/p>\n","protected":false},"excerpt":{"rendered":"<p>Matteo Renzi a Porta a Porta rilascia una lunga intervista a Bruno Vespa. Oggetto della puntata sono diversi argomenti di attualit\u00e0: il dibattito botta-e-risposta tra Matteo Renzi e Giuseppe Conte; il ruolo di Italia Viva di Renzi tra i partiti di maggioranza al Governo Italiano; la Riforma della Prescrizione del Ministro della Giustizia Alfonso Bonafede; [&hellip;]<\/p>\n","protected":false},"author":2,"featured_media":11399,"comment_status":"closed","ping_status":"closed","sticky":false,"template":"","format":"standard","meta":[],"categories":[2],"tags":[902,15,653,89,135,903,269],"yoast_head":"<title>Renzi a Porta a Porta: Serve un Presidente del Consiglio eletto<\/title>\n<meta name=\"description\" content=\"Il popolo italiano \u00e8 stanco dei litigi del governo e delle tasse che continuano a spuntare da ogni angolo, forse questa \u00e8 davvero la soluzione\" \/>\n<meta name=\"robots\" content=\"index, follow, max-snippet:-1, max-image-preview:large, max-video-preview:-1\" \/>\n<link rel=\"canonical\" href=\"https:\/\/www.adirai.it\/politica\/renzi-a-porta-a-porta-serve-un-presidente-del-consiglio-eletto\/\" \/>\n<meta property=\"og:locale\" content=\"it_IT\" \/>\n<meta property=\"og:type\" content=\"article\" \/>\n<meta property=\"og:title\" content=\"Renzi a Porta a Porta: Serve un Presidente del Consiglio eletto\" \/>\n<meta property=\"og:description\" content=\"Il popolo italiano \u00e8 stanco dei litigi del governo e delle tasse che continuano a spuntare da ogni angolo, forse questa \u00e8 davvero la soluzione\" \/>\n<meta property=\"og:url\" content=\"https:\/\/www.adirai.it\/politica\/renzi-a-porta-a-porta-serve-un-presidente-del-consiglio-eletto\/\" \/>\n<meta property=\"og:site_name\" content=\"Adirai Notizie\" \/>\n<meta property=\"article:published_time\" content=\"2020-02-20T15:38:51+00:00\" \/>\n<meta property=\"article:modified_time\" content=\"2020-02-20T15:39:17+00:00\" \/>\n<meta property=\"og:image\" content=\"https:\/\/www.adirai.it\/media\/2020\/02\/matteo-renzi-bruno-vespa-porta-a-porta.jpg\" \/>\n\t<meta property=\"og:image:width\" content=\"1200\" \/>\n\t<meta property=\"og:image:height\" content=\"675\" \/>\n\t<meta property=\"og:image:type\" content=\"image\/jpeg\" \/>\n<meta name=\"author\" content=\"Adirai Italia\" \/>\n<meta name=\"twitter:card\" content=\"summary_large_image\" \/>\n<meta name=\"twitter:creator\" content=\"@AdiraiIt\" \/>\n<meta name=\"twitter:site\" content=\"@AdiraiIt\" \/>\n<meta name=\"twitter:label1\" content=\"Scritto da\" \/>\n\t<meta name=\"twitter:data1\" content=\"Adirai Italia\" \/>\n\t<meta name=\"twitter:label2\" content=\"Tempo di lettura stimato\" \/>\n\t<meta name=\"twitter:data2\" content=\"5 minuti\" \/>","yoast_head_json":{"title":"Renzi a Porta a Porta: Serve un Presidente del Consiglio eletto","description":"Il popolo italiano \u00e8 stanco dei litigi del governo e delle tasse che continuano a spuntare da ogni angolo, forse questa \u00e8 davvero la soluzione","robots":{"index":"index","follow":"follow","max-snippet":"max-snippet:-1","max-image-preview":"max-image-preview:large","max-video-preview":"max-video-preview:-1"},"canonical":"https:\/\/www.adirai.it\/politica\/renzi-a-porta-a-porta-serve-un-presidente-del-consiglio-eletto\/","og_locale":"it_IT","og_type":"article","og_title":"Renzi a Porta a Porta: Serve un Presidente del Consiglio eletto","og_description":"Il popolo italiano \u00e8 stanco dei litigi del governo e delle tasse che continuano a spuntare da ogni angolo, forse questa \u00e8 davvero la soluzione","og_url":"https:\/\/www.adirai.it\/politica\/renzi-a-porta-a-porta-serve-un-presidente-del-consiglio-eletto\/","og_site_name":"Adirai Notizie","article_published_time":"2020-02-20T15:38:51+00:00","article_modified_time":"2020-02-20T15:39:17+00:00","og_image":[{"width":1200,"height":675,"url":"https:\/\/www.adirai.it\/media\/2020\/02\/matteo-renzi-bruno-vespa-porta-a-porta.jpg","type":"image\/jpeg"}],"author":"Adirai Italia","twitter_card":"summary_large_image","twitter_creator":"@AdiraiIt","twitter_site":"@AdiraiIt","twitter_misc":{"Scritto da":"Adirai Italia","Tempo di lettura stimato":"5 minuti"},"schema":{"@context":"https:\/\/schema.org","@graph":[{"@type":"Article","@id":"https:\/\/www.adirai.it\/politica\/renzi-a-porta-a-porta-serve-un-presidente-del-consiglio-eletto\/#article","isPartOf":{"@id":"https:\/\/www.adirai.it\/politica\/renzi-a-porta-a-porta-serve-un-presidente-del-consiglio-eletto\/"},"author":{"name":"Adirai Italia","@id":"https:\/\/www.adirai.it\/#\/schema\/person\/a5f58f133c7b98c534f588d596d78734"},"headline":"Renzi a Porta a Porta: Serve un Presidente del Consiglio eletto","datePublished":"2020-02-20T15:38:51+00:00","dateModified":"2020-02-20T15:39:17+00:00","mainEntityOfPage":{"@id":"https:\/\/www.adirai.it\/politica\/renzi-a-porta-a-porta-serve-un-presidente-del-consiglio-eletto\/"},"wordCount":970,"publisher":{"@id":"https:\/\/www.adirai.it\/#organization"},"keywords":["Bruno Vespa","Giuseppe Conte","Governo Conte","Matteo Renzi","Nicola Zingaretti","Porta a Porta","Ultime Governo Renzi"],"articleSection":["Politica"],"inLanguage":"it-IT"},{"@type":"WebPage","@id":"https:\/\/www.adirai.it\/politica\/renzi-a-porta-a-porta-serve-un-presidente-del-consiglio-eletto\/","url":"https:\/\/www.adirai.it\/politica\/renzi-a-porta-a-porta-serve-un-presidente-del-consiglio-eletto\/","name":"Renzi a Porta a Porta: Serve un Presidente del Consiglio eletto","isPartOf":{"@id":"https:\/\/www.adirai.it\/#website"},"datePublished":"2020-02-20T15:38:51+00:00","dateModified":"2020-02-20T15:39:17+00:00","description":"Il popolo italiano \u00e8 stanco dei litigi del governo e delle tasse che continuano a spuntare da ogni angolo, forse questa \u00e8 davvero la soluzione","breadcrumb":{"@id":"https:\/\/www.adirai.it\/politica\/renzi-a-porta-a-porta-serve-un-presidente-del-consiglio-eletto\/#breadcrumb"},"inLanguage":"it-IT","potentialAction":[{"@type":"ReadAction","target":["https:\/\/www.adirai.it\/politica\/renzi-a-porta-a-porta-serve-un-presidente-del-consiglio-eletto\/"]}]},{"@type":"BreadcrumbList","@id":"https:\/\/www.adirai.it\/politica\/renzi-a-porta-a-porta-serve-un-presidente-del-consiglio-eletto\/#breadcrumb","itemListElement":[{"@type":"ListItem","position":1,"name":"Home","item":"https:\/\/www.adirai.it\/"},{"@type":"ListItem","position":2,"name":"Renzi a Porta a Porta: Serve un Presidente del Consiglio eletto"}]},{"@type":"WebSite","@id":"https:\/\/www.adirai.it\/#website","url":"https:\/\/www.adirai.it\/","name":"Adirai Notizie","description":"","publisher":{"@id":"https:\/\/www.adirai.it\/#organization"},"potentialAction":[{"@type":"SearchAction","target":{"@type":"EntryPoint","urlTemplate":"https:\/\/www.adirai.it\/?s={search_term_string}"},"query-input":"required name=search_term_string"}],"inLanguage":"it-IT"},{"@type":"Organization","@id":"https:\/\/www.adirai.it\/#organization","name":"Adirai Notizie","url":"https:\/\/www.adirai.it\/","logo":{"@type":"ImageObject","inLanguage":"it-IT","@id":"https:\/\/www.adirai.it\/#\/schema\/logo\/image\/","url":"https:\/\/www.adirai.it\/media\/2019\/08\/adirai-logo.jpg","contentUrl":"https:\/\/www.adirai.it\/media\/2019\/08\/adirai-logo.jpg","width":600,"height":600,"caption":"Adirai Notizie"},"image":{"@id":"https:\/\/www.adirai.it\/#\/schema\/logo\/image\/"},"sameAs":["https:\/\/twitter.com\/AdiraiIt"]},{"@type":"Person","@id":"https:\/\/www.adirai.it\/#\/schema\/person\/a5f58f133c7b98c534f588d596d78734","name":"Adirai Italia","image":{"@type":"ImageObject","inLanguage":"it-IT","@id":"https:\/\/www.adirai.it\/#\/schema\/person\/image\/","url":"https:\/\/secure.gravatar.com\/avatar\/6b3b05aeab69cd7245f16ead3dd76a3d?s=96&d=mm&r=g","contentUrl":"https:\/\/secure.gravatar.com\/avatar\/6b3b05aeab69cd7245f16ead3dd76a3d?s=96&d=mm&r=g","caption":"Adirai Italia"},"sameAs":["https:\/\/www.adirai.it\/"]}]}},"post_mailing_queue_ids":[],"_links":{"self":[{"href":"https:\/\/www.adirai.it\/api\/wp\/v2\/posts\/11384"}],"collection":[{"href":"https:\/\/www.adirai.it\/api\/wp\/v2\/posts"}],"about":[{"href":"https:\/\/www.adirai.it\/api\/wp\/v2\/types\/post"}],"author":[{"embeddable":true,"href":"https:\/\/www.adirai.it\/api\/wp\/v2\/users\/2"}],"replies":[{"embeddable":true,"href":"https:\/\/www.adirai.it\/api\/wp\/v2\/comments?post=11384"}],"version-history":[{"count":0,"href":"https:\/\/www.adirai.it\/api\/wp\/v2\/posts\/11384\/revisions"}],"wp:featuredmedia":[{"embeddable":true,"href":"https:\/\/www.adirai.it\/api\/wp\/v2\/media\/11399"}],"wp:attachment":[{"href":"https:\/\/www.adirai.it\/api\/wp\/v2\/media?parent=11384"}],"wp:term":[{"taxonomy":"category","embeddable":true,"href":"https:\/\/www.adirai.it\/api\/wp\/v2\/categories?post=11384"},{"taxonomy":"post_tag","embeddable":true,"href":"https:\/\/www.adirai.it\/api\/wp\/v2\/tags?post=11384"}],"curies":[{"name":"wp","href":"https:\/\/api.w.org\/{rel}","templated":true}]}}