{"id":11023,"date":"2020-02-12T18:55:53","date_gmt":"2020-02-12T17:55:53","guid":{"rendered":"https:\/\/www.adirai.it\/?p=11023"},"modified":"2020-02-12T18:56:08","modified_gmt":"2020-02-12T17:56:08","slug":"emma-bonino-sul-caso-gregoretti-al-senato-della-repubblica","status":"publish","type":"post","link":"https:\/\/www.adirai.it\/politica\/emma-bonino-sul-caso-gregoretti-al-senato-della-repubblica\/","title":{"rendered":"Emma Bonino sul caso Gregoretti al Senato della Repubblica"},"content":{"rendered":"\n<figure class=\"wp-block-image size-full imgpost\"><img decoding=\"async\" loading=\"lazy\" width=\"1200\" height=\"675\" src=\"https:\/\/www.adirai.it\/media\/2020\/02\/emma-bonino-caso-gregoretti-senato-della-repubblica.jpg\" alt=\"emma bonino caso gregoretti senato della repubblica\" class=\"wp-image-11024\" srcset=\"https:\/\/www.adirai.it\/media\/2020\/02\/emma-bonino-caso-gregoretti-senato-della-repubblica.jpg 1200w, https:\/\/www.adirai.it\/media\/2020\/02\/emma-bonino-caso-gregoretti-senato-della-repubblica-300x169.jpg 300w, https:\/\/www.adirai.it\/media\/2020\/02\/emma-bonino-caso-gregoretti-senato-della-repubblica-720x405.jpg 720w, https:\/\/www.adirai.it\/media\/2020\/02\/emma-bonino-caso-gregoretti-senato-della-repubblica-768x432.jpg 768w, https:\/\/www.adirai.it\/media\/2020\/02\/emma-bonino-caso-gregoretti-senato-della-repubblica-220x124.jpg 220w, https:\/\/www.adirai.it\/media\/2020\/02\/emma-bonino-caso-gregoretti-senato-della-repubblica-360x203.jpg 360w, https:\/\/www.adirai.it\/media\/2020\/02\/emma-bonino-caso-gregoretti-senato-della-repubblica-160x90.jpg 160w\" sizes=\"(max-width: 1200px) 100vw, 1200px\" \/><\/figure>\n\n\n\n<p><strong>Emma Bonino sul caso Gregoretti al Senato della Repubblica<\/strong> ha parlato di polemiche e dibattiti fuorvianti. La <strong>leader di +Europa<\/strong> ha voluto far chiarezza su quanto \u00e8 successo in queste settimane tra i membri di <strong>Palazzo Madama<\/strong>. Quando sui social si dibatte fino all&#8217;inverosimile di questioni che andrebbero affrontate con la massima seriet\u00e0 solo in aula al Senato. Si riferisce poi a <strong>Matteo Salvini<\/strong>, definendolo megalomane, spingendo verso il voto a processo. Salvini \u00e8 accusato di sequestro di persona per aver negato lo sbarco in Italia dei migranti della nave Gregoretti, perci\u00f2 lo identifichiamo come <strong>caso Gregoretti<\/strong>. Ecco le parole di <strong><em>Emma Bonino al Senato della Repubblica<\/em><\/strong>.<\/p>\n\n\n\n\n\n\n\n<h2>Emma Bonino al Senato della Repubblica: dibattiti fuorvianti<\/h2>\n\n\n\n<p>E<strong>mma Bonino al Senato della Repubblica<\/strong> parla di dibattiti fuorvianti. &#8220;Dopo tante settimane di dibattiti che hanno coinvolto tutti, ovviamente fuori dal Parlamento, arriva finalmente il dibattito nel solo posto legittimo, ovvero l\u2019aula del Senato. Tutte queste settimane sono state investite da dibattiti totalmente fuorvianti.&#8221;<\/p>\n\n\n\n<p><strong>Emma Bonino<\/strong> continua spiegando le sue precedenti affermazioni: &#8220;Tutti a chiedersi se il Governo ne uscisse rafforzato o indebolito, a chi giova o a chi non giova. Capisco tutto, non sono una marziana, ma non le condivido. La sfumatura di megalomania di Salvini non sfugge a nessuno, ma quando si accosta a Trump direi che siamo fuori contesto.&#8221; Cos\u00ec introduce il suo intervento la <strong>leader di +Europa<\/strong>.<\/p>\n\n\n\n<p>Vedi anche: <a href=\"https:\/\/www.adirai.it\/politica\/caso-gregoretti-salvini-a-processo-il-si-del-senato\/\" class=\"ek-link\">Caso Gregoretti, Matteo Salvini a processo il S\u00ec del Senato<\/a><\/p>\n\n\n\n<h2>Emma Bonino al Senato della Repubblica: applicare la Costituzione<\/h2>\n\n\n\n<p><strong><em>Emma Bonino al Senato della Repubblica<\/em><\/strong> &#8211; &#8220;Il nostro compito \u00e8 pi\u00f9 netto e pi\u00f9 semplice, ed \u00e8 l\u2019applicazione dell\u2019articolo della Costituzione. \u00c8 importante comprendere in quest\u2019Aula ci\u00f2 che non dobbiamo e non possiamo fare.&#8221; Riferendosi ovviamente al fatto che Salvini avrebbe dovuto avere forse pi\u00f9 coscienza nel prendere la sua decisione sul caso Gregoretti.<\/p>\n\n\n\n<h2>Emma Bonino al Senato della Repubblica: a<\/h2>\n\n\n\n<p><strong>Emma Bonino al Senato della Repubblica<\/strong> ribadisce un concetto fondamentale con cui lo stesso <strong>Matteo Salvini<\/strong> si \u00e8 trovato d&#8217;accordo. &#8220;<strong>Non dobbiamo sostituirci al Tribunale<\/strong> di Catania, non dobbiamo discutere la linea politica sull&#8217;immigrazione. Dobbiamo fare un altro lavoro e farlo con seriet\u00e0, <strong>dobbiamo valutare se nel caso di specie sussista una delle condizioni per sottrarre un ministro al corso della giustizia<\/strong>.&#8221; Detta cos\u00ec, pare proprio che la Bonino abbia spinto fortemente per un ricorso alla giustizia per Salvini.<\/p>\n\n\n\n<p>Inoltre, aggiunge: &#8220;Dobbiamo motivare se l\u2019inquisito abbia agito per la tutela di un interesse di uno Stato, ovvero per il perseguimento di un preminente interesse pubblico. La motivazione non pu\u00f2 essere meramente politica, bisogna indicare quale sia l\u2019interesse dello Stato in tal senso.&#8221;<\/p>\n\n\n\n<p><strong>CONDIVIDI le parole di Emma Bonino al Senato della Repubblica su Matteo Salvini e il caso Gregoretti.<\/strong><\/p>\n","protected":false},"excerpt":{"rendered":"<p>Emma Bonino sul caso Gregoretti al Senato della Repubblica ha parlato di polemiche e dibattiti fuorvianti. La leader di +Europa ha voluto far chiarezza su quanto \u00e8 successo in queste settimane tra i membri di Palazzo Madama. Quando sui social si dibatte fino all&#8217;inverosimile di questioni che andrebbero affrontate con la massima seriet\u00e0 solo in [&hellip;]<\/p>\n","protected":false},"author":2,"featured_media":11024,"comment_status":"closed","ping_status":"closed","sticky":false,"template":"","format":"standard","meta":[],"categories":[2],"tags":[878,880,127,13,881],"yoast_head":"<title>Emma Bonino sul caso Gregoretti al Senato della Repubblica<\/title>\n<meta name=\"description\" content=\"Le parole del capo politico di Pi\u00f9 Europa oggi in aula al Senato sul caso che coinvolge direttamente l&#039;ex ministro dell&#039;Interno, il discorso\" \/>\n<meta name=\"robots\" content=\"index, follow, max-snippet:-1, max-image-preview:large, max-video-preview:-1\" \/>\n<link rel=\"canonical\" href=\"https:\/\/www.adirai.it\/politica\/emma-bonino-sul-caso-gregoretti-al-senato-della-repubblica\/\" \/>\n<meta property=\"og:locale\" content=\"it_IT\" \/>\n<meta property=\"og:type\" content=\"article\" \/>\n<meta property=\"og:title\" content=\"Emma Bonino sul caso Gregoretti al Senato della Repubblica\" \/>\n<meta property=\"og:description\" content=\"Le parole del capo politico di Pi\u00f9 Europa oggi in aula al Senato sul caso che coinvolge direttamente l&#039;ex ministro dell&#039;Interno, il discorso\" \/>\n<meta property=\"og:url\" content=\"https:\/\/www.adirai.it\/politica\/emma-bonino-sul-caso-gregoretti-al-senato-della-repubblica\/\" \/>\n<meta property=\"og:site_name\" content=\"Adirai Notizie\" \/>\n<meta property=\"article:published_time\" content=\"2020-02-12T17:55:53+00:00\" \/>\n<meta property=\"article:modified_time\" content=\"2020-02-12T17:56:08+00:00\" \/>\n<meta property=\"og:image\" content=\"https:\/\/www.adirai.it\/media\/2020\/02\/emma-bonino-caso-gregoretti-senato-della-repubblica.jpg\" \/>\n\t<meta property=\"og:image:width\" content=\"1200\" \/>\n\t<meta property=\"og:image:height\" content=\"675\" \/>\n\t<meta property=\"og:image:type\" content=\"image\/jpeg\" \/>\n<meta name=\"author\" content=\"Adirai Italia\" \/>\n<meta name=\"twitter:card\" content=\"summary_large_image\" \/>\n<meta name=\"twitter:creator\" content=\"@AdiraiIt\" \/>\n<meta name=\"twitter:site\" content=\"@AdiraiIt\" \/>\n<meta name=\"twitter:label1\" content=\"Scritto da\" \/>\n\t<meta name=\"twitter:data1\" content=\"Adirai Italia\" \/>\n\t<meta name=\"twitter:label2\" content=\"Tempo di lettura stimato\" \/>\n\t<meta name=\"twitter:data2\" content=\"2 minuti\" \/>","yoast_head_json":{"title":"Emma Bonino sul caso Gregoretti al Senato della Repubblica","description":"Le parole del capo politico di Pi\u00f9 Europa oggi in aula al Senato sul caso che coinvolge direttamente l'ex ministro dell'Interno, il discorso","robots":{"index":"index","follow":"follow","max-snippet":"max-snippet:-1","max-image-preview":"max-image-preview:large","max-video-preview":"max-video-preview:-1"},"canonical":"https:\/\/www.adirai.it\/politica\/emma-bonino-sul-caso-gregoretti-al-senato-della-repubblica\/","og_locale":"it_IT","og_type":"article","og_title":"Emma Bonino sul caso Gregoretti al Senato della Repubblica","og_description":"Le parole del capo politico di Pi\u00f9 Europa oggi in aula al Senato sul caso che coinvolge direttamente l'ex ministro dell'Interno, il discorso","og_url":"https:\/\/www.adirai.it\/politica\/emma-bonino-sul-caso-gregoretti-al-senato-della-repubblica\/","og_site_name":"Adirai Notizie","article_published_time":"2020-02-12T17:55:53+00:00","article_modified_time":"2020-02-12T17:56:08+00:00","og_image":[{"width":1200,"height":675,"url":"https:\/\/www.adirai.it\/media\/2020\/02\/emma-bonino-caso-gregoretti-senato-della-repubblica.jpg","type":"image\/jpeg"}],"author":"Adirai Italia","twitter_card":"summary_large_image","twitter_creator":"@AdiraiIt","twitter_site":"@AdiraiIt","twitter_misc":{"Scritto da":"Adirai Italia","Tempo di lettura stimato":"2 minuti"},"schema":{"@context":"https:\/\/schema.org","@graph":[{"@type":"Article","@id":"https:\/\/www.adirai.it\/politica\/emma-bonino-sul-caso-gregoretti-al-senato-della-repubblica\/#article","isPartOf":{"@id":"https:\/\/www.adirai.it\/politica\/emma-bonino-sul-caso-gregoretti-al-senato-della-repubblica\/"},"author":{"name":"Adirai Italia","@id":"https:\/\/www.adirai.it\/#\/schema\/person\/a5f58f133c7b98c534f588d596d78734"},"headline":"Emma Bonino sul caso Gregoretti al Senato della Repubblica","datePublished":"2020-02-12T17:55:53+00:00","dateModified":"2020-02-12T17:56:08+00:00","mainEntityOfPage":{"@id":"https:\/\/www.adirai.it\/politica\/emma-bonino-sul-caso-gregoretti-al-senato-della-repubblica\/"},"wordCount":461,"publisher":{"@id":"https:\/\/www.adirai.it\/#organization"},"keywords":["Caso Gregoretti","Emma Bonino","Governo Italiano","Matteo Salvini","Senato della Repubblica"],"articleSection":["Politica"],"inLanguage":"it-IT"},{"@type":"WebPage","@id":"https:\/\/www.adirai.it\/politica\/emma-bonino-sul-caso-gregoretti-al-senato-della-repubblica\/","url":"https:\/\/www.adirai.it\/politica\/emma-bonino-sul-caso-gregoretti-al-senato-della-repubblica\/","name":"Emma Bonino sul caso Gregoretti al Senato della Repubblica","isPartOf":{"@id":"https:\/\/www.adirai.it\/#website"},"datePublished":"2020-02-12T17:55:53+00:00","dateModified":"2020-02-12T17:56:08+00:00","description":"Le parole del capo politico di Pi\u00f9 Europa oggi in aula al Senato sul caso che coinvolge direttamente l'ex ministro dell'Interno, il discorso","breadcrumb":{"@id":"https:\/\/www.adirai.it\/politica\/emma-bonino-sul-caso-gregoretti-al-senato-della-repubblica\/#breadcrumb"},"inLanguage":"it-IT","potentialAction":[{"@type":"ReadAction","target":["https:\/\/www.adirai.it\/politica\/emma-bonino-sul-caso-gregoretti-al-senato-della-repubblica\/"]}]},{"@type":"BreadcrumbList","@id":"https:\/\/www.adirai.it\/politica\/emma-bonino-sul-caso-gregoretti-al-senato-della-repubblica\/#breadcrumb","itemListElement":[{"@type":"ListItem","position":1,"name":"Home","item":"https:\/\/www.adirai.it\/"},{"@type":"ListItem","position":2,"name":"Emma Bonino sul caso Gregoretti al Senato della Repubblica"}]},{"@type":"WebSite","@id":"https:\/\/www.adirai.it\/#website","url":"https:\/\/www.adirai.it\/","name":"Adirai Notizie","description":"","publisher":{"@id":"https:\/\/www.adirai.it\/#organization"},"potentialAction":[{"@type":"SearchAction","target":{"@type":"EntryPoint","urlTemplate":"https:\/\/www.adirai.it\/?s={search_term_string}"},"query-input":"required name=search_term_string"}],"inLanguage":"it-IT"},{"@type":"Organization","@id":"https:\/\/www.adirai.it\/#organization","name":"Adirai Notizie","url":"https:\/\/www.adirai.it\/","logo":{"@type":"ImageObject","inLanguage":"it-IT","@id":"https:\/\/www.adirai.it\/#\/schema\/logo\/image\/","url":"https:\/\/www.adirai.it\/media\/2019\/08\/adirai-logo.jpg","contentUrl":"https:\/\/www.adirai.it\/media\/2019\/08\/adirai-logo.jpg","width":600,"height":600,"caption":"Adirai Notizie"},"image":{"@id":"https:\/\/www.adirai.it\/#\/schema\/logo\/image\/"},"sameAs":["https:\/\/twitter.com\/AdiraiIt"]},{"@type":"Person","@id":"https:\/\/www.adirai.it\/#\/schema\/person\/a5f58f133c7b98c534f588d596d78734","name":"Adirai Italia","image":{"@type":"ImageObject","inLanguage":"it-IT","@id":"https:\/\/www.adirai.it\/#\/schema\/person\/image\/","url":"https:\/\/secure.gravatar.com\/avatar\/6b3b05aeab69cd7245f16ead3dd76a3d?s=96&d=mm&r=g","contentUrl":"https:\/\/secure.gravatar.com\/avatar\/6b3b05aeab69cd7245f16ead3dd76a3d?s=96&d=mm&r=g","caption":"Adirai Italia"},"sameAs":["https:\/\/www.adirai.it\/"]}]}},"post_mailing_queue_ids":[],"_links":{"self":[{"href":"https:\/\/www.adirai.it\/api\/wp\/v2\/posts\/11023"}],"collection":[{"href":"https:\/\/www.adirai.it\/api\/wp\/v2\/posts"}],"about":[{"href":"https:\/\/www.adirai.it\/api\/wp\/v2\/types\/post"}],"author":[{"embeddable":true,"href":"https:\/\/www.adirai.it\/api\/wp\/v2\/users\/2"}],"replies":[{"embeddable":true,"href":"https:\/\/www.adirai.it\/api\/wp\/v2\/comments?post=11023"}],"version-history":[{"count":0,"href":"https:\/\/www.adirai.it\/api\/wp\/v2\/posts\/11023\/revisions"}],"wp:featuredmedia":[{"embeddable":true,"href":"https:\/\/www.adirai.it\/api\/wp\/v2\/media\/11024"}],"wp:attachment":[{"href":"https:\/\/www.adirai.it\/api\/wp\/v2\/media?parent=11023"}],"wp:term":[{"taxonomy":"category","embeddable":true,"href":"https:\/\/www.adirai.it\/api\/wp\/v2\/categories?post=11023"},{"taxonomy":"post_tag","embeddable":true,"href":"https:\/\/www.adirai.it\/api\/wp\/v2\/tags?post=11023"}],"curies":[{"name":"wp","href":"https:\/\/api.w.org\/{rel}","templated":true}]}}