{"id":10286,"date":"2020-01-22T18:08:39","date_gmt":"2020-01-22T17:08:39","guid":{"rendered":"https:\/\/www.adirai.it\/?p=10286"},"modified":"2020-01-22T18:08:42","modified_gmt":"2020-01-22T17:08:42","slug":"di-maio-ultime-notizie-le-dimissioni-in-diretta","status":"publish","type":"post","link":"https:\/\/www.adirai.it\/politica\/di-maio-ultime-notizie-le-dimissioni-in-diretta\/","title":{"rendered":"Di Maio Ultime Notizie: le dimissioni IN DIRETTA"},"content":{"rendered":"\n<figure class=\"wp-block-image size-full imgpost\"><img decoding=\"async\" loading=\"lazy\" width=\"1200\" height=\"675\" src=\"https:\/\/www.adirai.it\/media\/2020\/01\/di-maio-ultime-notizie-dimissioni.jpg\" alt=\"di maio ultime notizie dimissioni\" class=\"wp-image-10290\" srcset=\"https:\/\/www.adirai.it\/media\/2020\/01\/di-maio-ultime-notizie-dimissioni.jpg 1200w, https:\/\/www.adirai.it\/media\/2020\/01\/di-maio-ultime-notizie-dimissioni-300x169.jpg 300w, https:\/\/www.adirai.it\/media\/2020\/01\/di-maio-ultime-notizie-dimissioni-720x405.jpg 720w, https:\/\/www.adirai.it\/media\/2020\/01\/di-maio-ultime-notizie-dimissioni-768x432.jpg 768w, https:\/\/www.adirai.it\/media\/2020\/01\/di-maio-ultime-notizie-dimissioni-220x124.jpg 220w, https:\/\/www.adirai.it\/media\/2020\/01\/di-maio-ultime-notizie-dimissioni-360x203.jpg 360w, https:\/\/www.adirai.it\/media\/2020\/01\/di-maio-ultime-notizie-dimissioni-160x90.jpg 160w\" sizes=\"(max-width: 1200px) 100vw, 1200px\" \/><\/figure>\n\n\n\n<p><strong>Di Maio Ultime Notizie: Le dimissioni IN DIRETTA<\/strong> in questi minuti al Tempio di Adriano a Roma. Il video \u00e8 gi\u00e0 in diretta su Facebook, nella pagina ufficiale del <strong>Movimento 5 Stelle<\/strong>, l&#8217;abbiamo trovato per voi ed \u00e8 accessibile direttamente da questo articolo.<\/p>\n\n\n\n\n\n\n\n<h2>Di Maio dimissioni DIRETTA<\/h2>\n\n\n\n<p><strong>Di Maio Ultime Notizie: le dimissioni IN DIRETTA<\/strong> &#8211; Le dimissioni di Luigi Di Maio in DIRETTA su Facebook:<\/p>\n\n\n\n<figure class=\"wp-block-embed-facebook wp-block-embed is-type-video is-provider-facebook imgpost\"><div class=\"wp-block-embed__wrapper\">\n<div id=\"fb-root\"><\/div><script async=\"1\" defer=\"1\" crossorigin=\"anonymous\" src=\"https:\/\/connect.facebook.net\/de_DE\/sdk.js#xfbml=1&amp;version=v5.0\"><\/script><div class=\"fb-video\" data-href=\"https:\/\/www.facebook.com\/movimentocinquestelle\/videos\/193699048480036\/?__tn__=-R\" data-width=\"750\"><blockquote cite=\"https:\/\/www.facebook.com\/movimentocinquestelle\/videos\/193699048480036\/\" class=\"fb-xfbml-parse-ignore\"><a href=\"https:\/\/www.facebook.com\/movimentocinquestelle\/videos\/193699048480036\/\">TEAM DEL FUTURO &#8211; ECCO I FACILITATORI REGIONALI<\/a><p>Siamo al Tempio di Adriano a Roma, dove i nuovi facilitatori regionali del MoVimento 5 Stelle incontrano i facilitatori nazionali. \u00c8 l\u2019occasione, per i facilitatori tematici nazionali del #TeamDelFuturo, di parlare dei progetti che stanno portando avanti, mentre i sei facilitatori organizzativi faranno il punto per quanto riguarda le deleghe di loro competenza: formazione, campagna elettorale, attivismo, comunicazione e supporto degli enti locali.Il compito dei nuovi referenti regionali sar\u00e0 invece quello di garantire una capillarit\u00e0 sui territori e di mettersi al servizio del MoVimento tutto. Concluder\u00e0 l\u2019incontro Luigi Di Maio che nel marzo 2019 ha avviato questo percorso di creazione del Team del Futuro, formato da:\u2b50\ufe0f 6 facilitatori nazionali organizzativi \u2b50\ufe0f 12 facilitatori tematici nazionali con i loro team di 8 esperti ciascuno\u2b50\ufe0f 90 facilitatori regionali Ecco i 204 componenti del Team del Futuro ora a disposizione di tutta la comunit\u00e0 del MoVimento 5 Stelle!<\/p>Gepostet von <a href=\"https:\/\/www.facebook.com\/movimentocinquestelle\/\">MoVimento 5 Stelle<\/a> am Mittwoch, 22. Januar 2020<\/blockquote><\/div>\n<\/div><\/figure>\n\n\n\n<h2>Di Maio Ultime Notizie: lascia il Movimento 5 Stelle<\/h2>\n\n\n\n<p><strong>Di Maio Ultime Notizie: le dimissioni IN DIRETTA<\/strong> &#8211; Di Maio sta concludendo l&#8217;incontro con i facilitatori del Movimento 5 Stelle e annuncia che da un mese proggettava le sue dimissioni.<\/p>\n\n\n\n<p>I simpatizzanti del Movimento 5 stelle nei commenti Facebook in tempo reale gli chiedono di restare invano. Il partito politico di Luigi Di Maio negli ultimi tempi ha setacciato i consensi, lasciando solo i fedelissimi al seguito. In questo momento di maio si dimette e lascia il movimento 5 stelle.<\/p>\n\n\n\n<h2>Di Maio, Ultime Notizie dai leader-less<\/h2>\n\n\n\n<p><strong>Di Maio Ultime Notizie: le dimissioni IN DIRETTA<\/strong> &#8211; &#8220;E&#8217; un momento difficile per fare il ministro degli Esteri &#8211; ha detto Benini &#8211; La situazione internazionale impone sicuramente molta attenzione e molto lavoro. Secondo me e&#8217; una scelta d&#8217;amore verso il Paese e verso il Movimento 5 Stelle farsi accompagnare aiutare in questo momento.&#8221;<\/p>\n\n\n\n<p>&#8220;Siamo un movimento democratico, non siamo legati al nostro leader, siamo &#8216;leader-less&#8217;, siamo nati &#8216;leader-less&#8217;, siamo sui temi e su quelli continuiamo ad andare avanti, con le nostre prerogative su ambiente, lavoro, salute e cose da fare per i cittadini.&#8221; Cos\u00ec Simone Benini candidato m5s Emilia-Romagna commenta la scelta di Luigi Di Maio di dare le dimissioni. In pratica con Di Maio o senza Di Maio il Movimento resta lo stesso?<\/p>\n\n\n\n<p><strong>CONDIVIDI Luigi di Maio dimissioni, lascia il Movimento 5 Stelle.<\/strong><\/p>\n","protected":false},"excerpt":{"rendered":"<p>Di Maio Ultime Notizie: Le dimissioni IN DIRETTA in questi minuti al Tempio di Adriano a Roma. Il video \u00e8 gi\u00e0 in diretta su Facebook, nella pagina ufficiale del Movimento 5 Stelle, l&#8217;abbiamo trovato per voi ed \u00e8 accessibile direttamente da questo articolo.<\/p>\n","protected":false},"author":2,"featured_media":10290,"comment_status":"closed","ping_status":"closed","sticky":false,"template":"","format":"standard","meta":[],"categories":[2],"tags":[771,39,770,138],"yoast_head":"<title>Di Maio Ultime Notizie: le dimissioni IN DIRETTA<\/title>\n<meta name=\"description\" content=\"La DIRETTA delle dimissioni di Luigi Di Maio, ex capo politico del Movimento 5 stelle, diretta dal Tempio di Adriano, Roma.\" \/>\n<meta name=\"robots\" content=\"index, follow, max-snippet:-1, max-image-preview:large, max-video-preview:-1\" \/>\n<link rel=\"canonical\" href=\"https:\/\/www.adirai.it\/politica\/di-maio-ultime-notizie-le-dimissioni-in-diretta\/\" \/>\n<meta property=\"og:locale\" content=\"it_IT\" \/>\n<meta property=\"og:type\" content=\"article\" \/>\n<meta property=\"og:title\" content=\"Di Maio Ultime Notizie: le dimissioni IN DIRETTA\" \/>\n<meta property=\"og:description\" content=\"La DIRETTA delle dimissioni di Luigi Di Maio, ex capo politico del Movimento 5 stelle, diretta dal Tempio di Adriano, Roma.\" \/>\n<meta property=\"og:url\" content=\"https:\/\/www.adirai.it\/politica\/di-maio-ultime-notizie-le-dimissioni-in-diretta\/\" \/>\n<meta property=\"og:site_name\" content=\"Adirai Notizie\" \/>\n<meta property=\"article:published_time\" content=\"2020-01-22T17:08:39+00:00\" \/>\n<meta property=\"article:modified_time\" content=\"2020-01-22T17:08:42+00:00\" \/>\n<meta property=\"og:image\" content=\"https:\/\/www.adirai.it\/media\/2020\/01\/di-maio-ultime-notizie-dimissioni.jpg\" \/>\n\t<meta property=\"og:image:width\" content=\"1200\" \/>\n\t<meta property=\"og:image:height\" content=\"675\" \/>\n\t<meta property=\"og:image:type\" content=\"image\/jpeg\" \/>\n<meta name=\"author\" content=\"Adirai Italia\" \/>\n<meta name=\"twitter:card\" content=\"summary_large_image\" \/>\n<meta name=\"twitter:creator\" content=\"@AdiraiIt\" \/>\n<meta name=\"twitter:site\" content=\"@AdiraiIt\" \/>\n<meta name=\"twitter:label1\" content=\"Scritto da\" \/>\n\t<meta name=\"twitter:data1\" content=\"Adirai Italia\" \/>\n\t<meta name=\"twitter:label2\" content=\"Tempo di lettura stimato\" \/>\n\t<meta name=\"twitter:data2\" content=\"1 minuto\" \/>","yoast_head_json":{"title":"Di Maio Ultime Notizie: le dimissioni IN DIRETTA","description":"La DIRETTA delle dimissioni di Luigi Di Maio, ex capo politico del Movimento 5 stelle, diretta dal Tempio di Adriano, Roma.","robots":{"index":"index","follow":"follow","max-snippet":"max-snippet:-1","max-image-preview":"max-image-preview:large","max-video-preview":"max-video-preview:-1"},"canonical":"https:\/\/www.adirai.it\/politica\/di-maio-ultime-notizie-le-dimissioni-in-diretta\/","og_locale":"it_IT","og_type":"article","og_title":"Di Maio Ultime Notizie: le dimissioni IN DIRETTA","og_description":"La DIRETTA delle dimissioni di Luigi Di Maio, ex capo politico del Movimento 5 stelle, diretta dal Tempio di Adriano, Roma.","og_url":"https:\/\/www.adirai.it\/politica\/di-maio-ultime-notizie-le-dimissioni-in-diretta\/","og_site_name":"Adirai Notizie","article_published_time":"2020-01-22T17:08:39+00:00","article_modified_time":"2020-01-22T17:08:42+00:00","og_image":[{"width":1200,"height":675,"url":"https:\/\/www.adirai.it\/media\/2020\/01\/di-maio-ultime-notizie-dimissioni.jpg","type":"image\/jpeg"}],"author":"Adirai Italia","twitter_card":"summary_large_image","twitter_creator":"@AdiraiIt","twitter_site":"@AdiraiIt","twitter_misc":{"Scritto da":"Adirai Italia","Tempo di lettura stimato":"1 minuto"},"schema":{"@context":"https:\/\/schema.org","@graph":[{"@type":"Article","@id":"https:\/\/www.adirai.it\/politica\/di-maio-ultime-notizie-le-dimissioni-in-diretta\/#article","isPartOf":{"@id":"https:\/\/www.adirai.it\/politica\/di-maio-ultime-notizie-le-dimissioni-in-diretta\/"},"author":{"name":"Adirai Italia","@id":"https:\/\/www.adirai.it\/#\/schema\/person\/a5f58f133c7b98c534f588d596d78734"},"headline":"Di Maio Ultime Notizie: le dimissioni IN DIRETTA","datePublished":"2020-01-22T17:08:39+00:00","dateModified":"2020-01-22T17:08:42+00:00","mainEntityOfPage":{"@id":"https:\/\/www.adirai.it\/politica\/di-maio-ultime-notizie-le-dimissioni-in-diretta\/"},"wordCount":309,"publisher":{"@id":"https:\/\/www.adirai.it\/#organization"},"keywords":["DIRETTA","Luigi Di Maio","Luigi Di Maio dimissioni","Movimento 5 Stelle"],"articleSection":["Politica"],"inLanguage":"it-IT"},{"@type":"WebPage","@id":"https:\/\/www.adirai.it\/politica\/di-maio-ultime-notizie-le-dimissioni-in-diretta\/","url":"https:\/\/www.adirai.it\/politica\/di-maio-ultime-notizie-le-dimissioni-in-diretta\/","name":"Di Maio Ultime Notizie: le dimissioni IN DIRETTA","isPartOf":{"@id":"https:\/\/www.adirai.it\/#website"},"datePublished":"2020-01-22T17:08:39+00:00","dateModified":"2020-01-22T17:08:42+00:00","description":"La DIRETTA delle dimissioni di Luigi Di Maio, ex capo politico del Movimento 5 stelle, diretta dal Tempio di Adriano, Roma.","breadcrumb":{"@id":"https:\/\/www.adirai.it\/politica\/di-maio-ultime-notizie-le-dimissioni-in-diretta\/#breadcrumb"},"inLanguage":"it-IT","potentialAction":[{"@type":"ReadAction","target":["https:\/\/www.adirai.it\/politica\/di-maio-ultime-notizie-le-dimissioni-in-diretta\/"]}]},{"@type":"BreadcrumbList","@id":"https:\/\/www.adirai.it\/politica\/di-maio-ultime-notizie-le-dimissioni-in-diretta\/#breadcrumb","itemListElement":[{"@type":"ListItem","position":1,"name":"Home","item":"https:\/\/www.adirai.it\/"},{"@type":"ListItem","position":2,"name":"Di Maio Ultime Notizie: le dimissioni IN DIRETTA"}]},{"@type":"WebSite","@id":"https:\/\/www.adirai.it\/#website","url":"https:\/\/www.adirai.it\/","name":"Adirai Notizie","description":"","publisher":{"@id":"https:\/\/www.adirai.it\/#organization"},"potentialAction":[{"@type":"SearchAction","target":{"@type":"EntryPoint","urlTemplate":"https:\/\/www.adirai.it\/?s={search_term_string}"},"query-input":"required name=search_term_string"}],"inLanguage":"it-IT"},{"@type":"Organization","@id":"https:\/\/www.adirai.it\/#organization","name":"Adirai Notizie","url":"https:\/\/www.adirai.it\/","logo":{"@type":"ImageObject","inLanguage":"it-IT","@id":"https:\/\/www.adirai.it\/#\/schema\/logo\/image\/","url":"https:\/\/www.adirai.it\/media\/2019\/08\/adirai-logo.jpg","contentUrl":"https:\/\/www.adirai.it\/media\/2019\/08\/adirai-logo.jpg","width":600,"height":600,"caption":"Adirai Notizie"},"image":{"@id":"https:\/\/www.adirai.it\/#\/schema\/logo\/image\/"},"sameAs":["https:\/\/twitter.com\/AdiraiIt"]},{"@type":"Person","@id":"https:\/\/www.adirai.it\/#\/schema\/person\/a5f58f133c7b98c534f588d596d78734","name":"Adirai Italia","image":{"@type":"ImageObject","inLanguage":"it-IT","@id":"https:\/\/www.adirai.it\/#\/schema\/person\/image\/","url":"https:\/\/secure.gravatar.com\/avatar\/6b3b05aeab69cd7245f16ead3dd76a3d?s=96&d=mm&r=g","contentUrl":"https:\/\/secure.gravatar.com\/avatar\/6b3b05aeab69cd7245f16ead3dd76a3d?s=96&d=mm&r=g","caption":"Adirai Italia"},"sameAs":["https:\/\/www.adirai.it\/"]}]}},"post_mailing_queue_ids":[],"_links":{"self":[{"href":"https:\/\/www.adirai.it\/api\/wp\/v2\/posts\/10286"}],"collection":[{"href":"https:\/\/www.adirai.it\/api\/wp\/v2\/posts"}],"about":[{"href":"https:\/\/www.adirai.it\/api\/wp\/v2\/types\/post"}],"author":[{"embeddable":true,"href":"https:\/\/www.adirai.it\/api\/wp\/v2\/users\/2"}],"replies":[{"embeddable":true,"href":"https:\/\/www.adirai.it\/api\/wp\/v2\/comments?post=10286"}],"version-history":[{"count":0,"href":"https:\/\/www.adirai.it\/api\/wp\/v2\/posts\/10286\/revisions"}],"wp:featuredmedia":[{"embeddable":true,"href":"https:\/\/www.adirai.it\/api\/wp\/v2\/media\/10290"}],"wp:attachment":[{"href":"https:\/\/www.adirai.it\/api\/wp\/v2\/media?parent=10286"}],"wp:term":[{"taxonomy":"category","embeddable":true,"href":"https:\/\/www.adirai.it\/api\/wp\/v2\/categories?post=10286"},{"taxonomy":"post_tag","embeddable":true,"href":"https:\/\/www.adirai.it\/api\/wp\/v2\/tags?post=10286"}],"curies":[{"name":"wp","href":"https:\/\/api.w.org\/{rel}","templated":true}]}}