{"id":2,"count":707,"description":"La <strong>Politica<\/strong> \u00e8 \"Scienza e tecnica, come teoria e prassi, che ha per oggetto la costituzione, l'organizzazione, l'amministrazione dello stato e la direzione della vita pubblica\". Tutte le <strong>ultime news<\/strong> sulla <strong>politica in Italia<\/strong> riguardano principalmente il premier o presidente del Consiglio in carica e i ministri del Governo attuale.\r\n\r\nArticoli di Politica su:\r\n<ul>\r\n \t<li>tutto ci\u00f2 che riguarda le <strong>leggi<\/strong>: emendamenti, diritti e doveri, <strong>giustizia<\/strong>, proposte di legge, nuovi decreti legge o DPCM (Decreto del Presidente del Consiglio dei Ministri);<\/li>\r\n \t<li>ci\u00f2 che riguarda le prossime <strong>votazioni<\/strong>: legge elettorale, elezioni politiche, diritto di voto, elezioni regionali, elezioni europee;<\/li>\r\n \t<li>ma anche sugli ultimi <strong>accordi<\/strong> europei ed extraeuropei di ogni sorta come: l'accordo sul rimpatrio dei migranti, l'accordo sui dazi, l'accordo sul Recovery Fund, e la convocazione dei famigerati Stati Generali.<\/li>\r\n<\/ul>\r\nSono <strong>news politica<\/strong> anche le ultime frecciatine tra partiti di opposizione e di maggioranza al Governo, alle quali per\u00f2 lasciamo il giusto spazio, perch\u00e9 <strong>i fatti ci interessano pi\u00f9 delle chiacchiere<\/strong>.\r\n\r\nSegui con noi gli <strong>argomenti di politica<\/strong> con tutte le <strong>ultime notizie di attualit\u00e0<\/strong>.","link":"https:\/\/www.adirai.it\/politica\/","name":"Politica","slug":"politica","taxonomy":"category","parent":0,"meta":[],"yoast_head":"<title>Politica Italiana ultime notizie su Governo Italiano e Sondaggi<\/title>\n<meta name=\"description\" content=\"Tutte le ultime news sulla politica in Italia riguardano principalmente il premier o presidente del Consiglio in carica e i ministri del Governo attuale.\" \/>\n<meta name=\"robots\" content=\"index, follow, max-snippet:-1, max-image-preview:large, max-video-preview:-1\" \/>\n<link rel=\"canonical\" href=\"https:\/\/www.adirai.it\/politica\/\" \/>\n<meta property=\"og:locale\" content=\"it_IT\" \/>\n<meta property=\"og:type\" content=\"article\" \/>\n<meta property=\"og:title\" content=\"Politica Italiana ultime notizie su Governo Italiano e Sondaggi\" \/>\n<meta property=\"og:description\" content=\"Tutte le ultime news sulla politica in Italia riguardano principalmente il premier o presidente del Consiglio in carica e i ministri del Governo attuale.\" \/>\n<meta property=\"og:url\" content=\"https:\/\/www.adirai.it\/politica\/\" \/>\n<meta property=\"og:site_name\" content=\"Adirai Notizie\" \/>\n<meta name=\"twitter:card\" content=\"summary_large_image\" \/>\n<meta name=\"twitter:site\" content=\"@AdiraiIt\" \/>","yoast_head_json":{"title":"Politica Italiana ultime notizie su Governo Italiano e Sondaggi","description":"Tutte le ultime news sulla politica in Italia riguardano principalmente il premier o presidente del Consiglio in carica e i ministri del Governo attuale.","robots":{"index":"index","follow":"follow","max-snippet":"max-snippet:-1","max-image-preview":"max-image-preview:large","max-video-preview":"max-video-preview:-1"},"canonical":"https:\/\/www.adirai.it\/politica\/","og_locale":"it_IT","og_type":"article","og_title":"Politica Italiana ultime notizie su Governo Italiano e Sondaggi","og_description":"Tutte le ultime news sulla politica in Italia riguardano principalmente il premier o presidente del Consiglio in carica e i ministri del Governo attuale.","og_url":"https:\/\/www.adirai.it\/politica\/","og_site_name":"Adirai Notizie","twitter_card":"summary_large_image","twitter_site":"@AdiraiIt","schema":{"@context":"https:\/\/schema.org","@graph":[{"@type":"CollectionPage","@id":"https:\/\/www.adirai.it\/politica\/","url":"https:\/\/www.adirai.it\/politica\/","name":"Politica Italiana ultime notizie su Governo Italiano e Sondaggi","isPartOf":{"@id":"https:\/\/www.adirai.it\/#website"},"description":"Tutte le ultime news sulla politica in Italia riguardano principalmente il premier o presidente del Consiglio in carica e i ministri del Governo attuale.","breadcrumb":{"@id":"https:\/\/www.adirai.it\/politica\/#breadcrumb"},"inLanguage":"it-IT"},{"@type":"BreadcrumbList","@id":"https:\/\/www.adirai.it\/politica\/#breadcrumb","itemListElement":[{"@type":"ListItem","position":1,"name":"Home","item":"https:\/\/www.adirai.it\/"},{"@type":"ListItem","position":2,"name":"Politica"}]},{"@type":"WebSite","@id":"https:\/\/www.adirai.it\/#website","url":"https:\/\/www.adirai.it\/","name":"Adirai Notizie","description":"","publisher":{"@id":"https:\/\/www.adirai.it\/#organization"},"potentialAction":[{"@type":"SearchAction","target":{"@type":"EntryPoint","urlTemplate":"https:\/\/www.adirai.it\/?s={search_term_string}"},"query-input":"required name=search_term_string"}],"inLanguage":"it-IT"},{"@type":"Organization","@id":"https:\/\/www.adirai.it\/#organization","name":"Adirai Notizie","url":"https:\/\/www.adirai.it\/","logo":{"@type":"ImageObject","inLanguage":"it-IT","@id":"https:\/\/www.adirai.it\/#\/schema\/logo\/image\/","url":"https:\/\/www.adirai.it\/media\/2019\/08\/adirai-logo.jpg","contentUrl":"https:\/\/www.adirai.it\/media\/2019\/08\/adirai-logo.jpg","width":600,"height":600,"caption":"Adirai Notizie"},"image":{"@id":"https:\/\/www.adirai.it\/#\/schema\/logo\/image\/"},"sameAs":["https:\/\/twitter.com\/AdiraiIt"]}]}},"_links":{"self":[{"href":"https:\/\/www.adirai.it\/api\/wp\/v2\/categories\/2"}],"collection":[{"href":"https:\/\/www.adirai.it\/api\/wp\/v2\/categories"}],"about":[{"href":"https:\/\/www.adirai.it\/api\/wp\/v2\/taxonomies\/category"}],"wp:post_type":[{"href":"https:\/\/www.adirai.it\/api\/wp\/v2\/posts?categories=2"}],"curies":[{"name":"wp","href":"https:\/\/api.w.org\/{rel}","templated":true}]}}